{"id":42039,"date":"2025-04-21T17:43:17","date_gmt":"2025-04-21T17:43:17","guid":{"rendered":"https:\/\/www.europesays.com\/fr\/42039\/"},"modified":"2025-04-21T17:43:17","modified_gmt":"2025-04-21T17:43:17","slug":"une-femme-meurt-dans-un-violent-accident-de-la-route","status":"publish","type":"post","link":"https:\/\/www.europesays.com\/fr\/42039\/","title":{"rendered":"une femme meurt dans un violent accident de la route"},"content":{"rendered":"<p>            Par<br \/>\n        <strong><br \/>\n            <a href=\"https:\/\/actu.fr\/auteur\/ivan-capecchi\" title=\"Consulter tous les articles de Ivan CAPECCHI\" rel=\"nofollow noopener\" target=\"_blank\">Ivan CAPECCHI<\/a><br \/>\n        <\/strong><\/p>\n<p>        Publi\u00e9 le<\/p>\n<p>            21 avr. 2025 \u00e0 13h29        <\/p>\n<p>Une <strong>femme de 37 ans<\/strong> est <strong>morte<\/strong>, samedi, dans un <a href=\"https:\/\/actu.fr\/tag\/accident\" rel=\"nofollow noopener\" target=\"_blank\">accident<\/a> de la route survenu \u00e0 <strong>Tomblaine<\/strong>, pr\u00e8s de <strong>Nancy (Meurthe-et-Moselle)<\/strong>, selon une information de <a href=\"https:\/\/www.estrepublicain.fr\/faits-divers-justice\/2025\/04\/19\/une-jeune-femme-tuee-dans-une-collision-frontale-a-tomblaine\" rel=\"nofollow noopener\" target=\"_blank\">L\u2019Est R\u00e9publicain<\/a>, confirm\u00e9e par Lorraine Actu.<\/p>\n<p>Deux autres bless\u00e9s dans l\u2019accident<\/p>\n<p class=\" wall-content\">L\u2019accident a fait <strong>deux autres bless\u00e9s<\/strong>, les deux occupants de l\u2019autre voiture impliqu\u00e9e, \u00e2g\u00e9s de <strong>20 et 27 ans<\/strong>.<\/p>\n<p class=\" wall-content\">\u00ab\u00a0Le <strong>conducteur pr\u00e9sum\u00e9 du v\u00e9hicule<\/strong> est <strong>hospitalis\u00e9<\/strong>. La <strong>garde \u00e0 vue du passager<\/strong> a \u00e9t\u00e9 <strong>lev\u00e9e<\/strong> ce matin\u00a0\u00bb, indique Amaury Lac\u00f4te, procureur de la R\u00e9publique adjoint joint par nos soins.<\/p>\n<p class=\" wall-content\">\u00ab\u00a0<strong>L\u2019enqu\u00eate<\/strong> se poursuit\u00a0\u00bb, pr\u00e9cise ce dernier.<\/p>\n<p class=\" wall-content\">Suivez toute l\u2019actualit\u00e9 de vos villes et m\u00e9dias favoris en vous inscrivant \u00e0 <a href=\"https:\/\/moncompte.actu.fr\" title=\"D\u00e9couvez Mon Actu\" rel=\"nofollow noopener\" data-trk=\"{&quot;cta&quot;:{&quot;action&quot;:&quot;https:\\\/\\\/moncompte.actu.fr&quot;,&quot;category&quot;:&quot;mon compte&quot;,&quot;from&quot;:&quot;article footer&quot;,&quot;name&quot;:&quot;Mon actu&quot;,&quot;type&quot;:&quot;cta&quot;}}\" target=\"_blank\">Mon Actu<\/a>.<\/p>\n","protected":false},"excerpt":{"rendered":"Par Ivan CAPECCHI Publi\u00e9 le 21 avr. 2025 \u00e0 13h29 Une femme de 37 ans est morte, samedi,&hellip;\n","protected":false},"author":2,"featured_media":42040,"comment_status":"","ping_status":"","sticky":false,"template":"","format":"standard","meta":{"footnotes":""},"categories":[9635],"tags":[119,1111,11,646,1777,674,118,1011,27,775,1702,12,25],"class_list":{"0":"post-42039","1":"post","2":"type-post","3":"status-publish","4":"format-standard","5":"has-post-thumbnail","7":"category-nancy","8":"tag-accident","9":"tag-actu","10":"tag-actualites","11":"tag-automobile","12":"tag-eu","13":"tag-europe","14":"tag-faits-divers","15":"tag-fr","16":"tag-france","17":"tag-grand-est","18":"tag-nancy","19":"tag-news","20":"tag-republique-francaise"},"share_on_mastodon":{"url":"https:\/\/pubeurope.com\/@fr\/114377195937040625","error":""},"_links":{"self":[{"href":"https:\/\/www.europesays.com\/fr\/wp-json\/wp\/v2\/posts\/42039","targetHints":{"allow":["GET"]}}],"collection":[{"href":"https:\/\/www.europesays.com\/fr\/wp-json\/wp\/v2\/posts"}],"about":[{"href":"https:\/\/www.europesays.com\/fr\/wp-json\/wp\/v2\/types\/post"}],"author":[{"embeddable":true,"href":"https:\/\/www.europesays.com\/fr\/wp-json\/wp\/v2\/users\/2"}],"replies":[{"embeddable":true,"href":"https:\/\/www.europesays.com\/fr\/wp-json\/wp\/v2\/comments?post=42039"}],"version-history":[{"count":0,"href":"https:\/\/www.europesays.com\/fr\/wp-json\/wp\/v2\/posts\/42039\/revisions"}],"wp:featuredmedia":[{"embeddable":true,"href":"https:\/\/www.europesays.com\/fr\/wp-json\/wp\/v2\/media\/42040"}],"wp:attachment":[{"href":"https:\/\/www.europesays.com\/fr\/wp-json\/wp\/v2\/media?parent=42039"}],"wp:term":[{"taxonomy":"category","embeddable":true,"href":"https:\/\/www.europesays.com\/fr\/wp-json\/wp\/v2\/categories?post=42039"},{"taxonomy":"post_tag","embeddable":true,"href":"https:\/\/www.europesays.com\/fr\/wp-json\/wp\/v2\/tags?post=42039"}],"curies":[{"name":"wp","href":"https:\/\/api.w.org\/{rel}","templated":true}]}}