{"id":420394,"date":"2025-09-27T02:35:11","date_gmt":"2025-09-27T02:35:11","guid":{"rendered":"https:\/\/www.europesays.com\/fr\/420394\/"},"modified":"2025-09-27T02:35:11","modified_gmt":"2025-09-27T02:35:11","slug":"eric-antoine-se-marie-avec-une-autre-star-de-m6-ses-amis-ne-viennent-pas","status":"publish","type":"post","link":"https:\/\/www.europesays.com\/fr\/420394\/","title":{"rendered":"\u00c9ric Antoine se marie avec une autre star de M6 : ses amis ne viennent pas"},"content":{"rendered":"<p>Le samedi 30 ao\u00fbt 2025, <a href=\"https:\/\/vsd.fr\/tag\/eric-antoine\/\" target=\"_blank\" rel=\"noopener\">\u00c9ric Antoine<\/a> et Gennifer Demey <a href=\"https:\/\/www.public.fr\/mariage-deric-antoine-et-gennifer-demey-limposante-seconde-robe-de-mariee-devoilee\" target=\"_blank\" rel=\"noopener\">se disaient \u00ab\u00a0oui\u00a0\u00bb<\/a> \u00e0 Aix-en-Provence. En effet, apr\u00e8s deux ans et demi d\u2019amour, l\u2019animateur et la pr\u00e9sentatrice m\u00e9t\u00e9o ont d\u00e9cid\u00e9 de franchir un cap important et <a href=\"https:\/\/www.public.fr\/vive-lamour-eric-antoine-a-epouse-gennifer-demey\" target=\"_blank\" rel=\"noopener\">se marier devant leurs proches.\u00a0<\/a><\/p>\n<p>Pour l\u2019occasion, les jeunes mari\u00e9s ont organis\u00e9 <strong>une grande f\u00eate<\/strong> dans le sud de la France pour c\u00e9l\u00e9brer ce jour si particulier, entour\u00e9s de leurs proches. N\u00e9anmoins, <strong>certains n\u2019ont pas pu r\u00e9pondre pr\u00e9sents<\/strong> pour cette union, alors qu\u2019ils y \u00e9taient pourtant convi\u00e9s.<\/p>\n<p>\u00c9ric Antoine, ses partenaires de \u00ab\u00a0La France \u00e0 un incroyable talent\u00a0\u00bb, absents de son mariage<\/p>\n<p>En effet, si <a href=\"https:\/\/www.public.fr\/tag\/karine-le-marchand\" target=\"_blank\" rel=\"noopener\">Karine Le Marchand<\/a> a pu \u00eatre pr\u00e9sente au mariage de son ami et acolyte \u00c9ric Antoine, les autres membres de <strong>La France \u00e0 un incroyable talent<\/strong> se trouvaient aux abonn\u00e9s absents. Ni H\u00e9l\u00e8ne S\u00e9gara, ni Sugar Sammy, <a href=\"https:\/\/www.public.fr\/marianne-james-je-vais-etre-honnete-la-vraie-raison-derriere-son-celibat\" target=\"_blank\" rel=\"noopener\">ni Marianne James<\/a>, n\u2019ont pu se joindre \u00e0 la f\u00eate.<\/p>\n<p>Le pr\u00e9sentateur de <strong>La Roue de la Fortune<\/strong> et des <strong>Tra\u00eetres <\/strong>a justement donn\u00e9 la raison de cette absence, au cours de la conf\u00e9rence de presse de <strong>La France \u00e0 un incroyable talent<\/strong>, ce jeudi 25 septembre 2025.<\/p>\n<p>Comme l\u2019indiquent nos confr\u00e8res de TV Mag, le jeune mari\u00e9 a, dans un premier temps, vant\u00e9 ses liens avec\u00a0H\u00e9l\u00e8ne Segara,\u00a0Marianne James\u00a0et\u00a0Sugar Sammy. Assurant m\u00eame qu\u2019il s\u2019agissait de <strong>membres de sa \u00ab\u00a0famille\u00a0\u00bb.<\/strong> Malgr\u00e9 leur statut dans le c\u0153ur d\u2019Eric Antoine, aucun des trois ne se trouvait \u00e0 Aix-en-Provence.\u00a0<\/p>\n<p>Ce n&rsquo;est que partie remise<\/p>\n<p>\u00ab\u00a0<strong>Ils \u00e9taient tous invit\u00e9s<\/strong> mais malheureusement <strong>Marianne a eu des soucis de sant\u00e9, H\u00e9l\u00e8ne \u00e9tait au Japon et Sammy au Canada<\/strong> donc il n\u2019y a que Karine qui \u00e9tait l\u00e0\u00a0\u00bb, a confi\u00e9 l\u2019animateur \u00e0 nos confr\u00e8res de TV Mag.<\/p>\n<p>Fort heureusement, \u00c9ric Antoine ne leur en tient pas rigueur. Mieux encore, il a d\u00e9j\u00e0 tout pr\u00e9vu pour que, cette fois-ci, tout le monde puisse y assister. En effet, toujours au cours de la m\u00eame conf\u00e9rence de presse, le mari de Gennifer Demey a r\u00e9v\u00e9l\u00e9 qu\u2019une autre c\u00e9r\u00e9monie \u00e9tait d\u2019ores et d\u00e9j\u00e0 pr\u00e9vue.<\/p>\n<p><strong>\u00ab\u00a0Je refais une autre f\u00eate, on se marie cette fois-ci devant Dieu, l\u2019ann\u00e9e prochaine. Ils sont r\u00e9invit\u00e9s et ils m\u2019ont dit qu\u2019ils seraient l\u00e0<\/strong>\u00ab\u00a0, a-t-il assur\u00e9 aupr\u00e8s de TV Mag. Nul doute que ses partenaires de La France \u00e0 un incroyable talent vont faire la f\u00eate doublement apr\u00e8s avoir rat\u00e9 la premi\u00e8re.\u00a0<\/p>\n<p>      Mentionn\u00e9s dans cet article<\/p>\n<p>      Sur le m\u00eame sujet<\/p>\n","protected":false},"excerpt":{"rendered":"Le samedi 30 ao\u00fbt 2025, \u00c9ric Antoine et Gennifer Demey se disaient \u00ab\u00a0oui\u00a0\u00bb \u00e0 Aix-en-Provence. En effet, apr\u00e8s&hellip;\n","protected":false},"author":2,"featured_media":420395,"comment_status":"","ping_status":"","sticky":false,"template":"","format":"standard","meta":{"footnotes":""},"categories":[1359],"tags":[58,59,1194,1011,27,38075,5366,16675,1930,13172,973,54957],"class_list":{"0":"post-420394","1":"post","2":"type-post","3":"status-publish","4":"format-standard","5":"has-post-thumbnail","7":"category-people","8":"tag-divertissement","9":"tag-entertainment","10":"tag-eric-antoine","11":"tag-fr","12":"tag-france","13":"tag-helene-segara","14":"tag-la-france-a-un-incroyable-talent","15":"tag-les-traitres","16":"tag-mariage","17":"tag-marianne-james","18":"tag-people","19":"tag-sugar-sammy"},"share_on_mastodon":{"url":"https:\/\/pubeurope.com\/@fr\/115273932713075646","error":""},"_links":{"self":[{"href":"https:\/\/www.europesays.com\/fr\/wp-json\/wp\/v2\/posts\/420394","targetHints":{"allow":["GET"]}}],"collection":[{"href":"https:\/\/www.europesays.com\/fr\/wp-json\/wp\/v2\/posts"}],"about":[{"href":"https:\/\/www.europesays.com\/fr\/wp-json\/wp\/v2\/types\/post"}],"author":[{"embeddable":true,"href":"https:\/\/www.europesays.com\/fr\/wp-json\/wp\/v2\/users\/2"}],"replies":[{"embeddable":true,"href":"https:\/\/www.europesays.com\/fr\/wp-json\/wp\/v2\/comments?post=420394"}],"version-history":[{"count":0,"href":"https:\/\/www.europesays.com\/fr\/wp-json\/wp\/v2\/posts\/420394\/revisions"}],"wp:featuredmedia":[{"embeddable":true,"href":"https:\/\/www.europesays.com\/fr\/wp-json\/wp\/v2\/media\/420395"}],"wp:attachment":[{"href":"https:\/\/www.europesays.com\/fr\/wp-json\/wp\/v2\/media?parent=420394"}],"wp:term":[{"taxonomy":"category","embeddable":true,"href":"https:\/\/www.europesays.com\/fr\/wp-json\/wp\/v2\/categories?post=420394"},{"taxonomy":"post_tag","embeddable":true,"href":"https:\/\/www.europesays.com\/fr\/wp-json\/wp\/v2\/tags?post=420394"}],"curies":[{"name":"wp","href":"https:\/\/api.w.org\/{rel}","templated":true}]}}