{"id":420398,"date":"2025-09-27T02:38:23","date_gmt":"2025-09-27T02:38:23","guid":{"rendered":"https:\/\/www.europesays.com\/fr\/420398\/"},"modified":"2025-09-27T02:38:23","modified_gmt":"2025-09-27T02:38:23","slug":"pourquoi-tenir-debout-le-nouveau-livre-de-melissa-da-costa-bouleverse-deja-des-milliers-de-lecteurs","status":"publish","type":"post","link":"https:\/\/www.europesays.com\/fr\/420398\/","title":{"rendered":"Pourquoi \u00ab Tenir debout \u00bb, le nouveau livre de M\u00e9lissa da Costa, bouleverse d\u00e9j\u00e0 des milliers de lecteurs"},"content":{"rendered":"<p class=\"mb-4 text-lg md:leading-8 break-words\">Les chiffres parlent d\u2019eux-m\u00eames : en un mois, \u00ab Tenir debout \u00bb, \u00e9crit pas <a href=\"https:\/\/www.elle.fr\/Loisirs\/Livres\/News\/Qui-est-Melissa-Da-Costa-celle-qui-detrone-Guillaume-Musso-4185046#\" rel=\"nofollow noopener\" target=\"_blank\" data-ylk=\"slk:M\u00e9lissa da Costa;elm:context_link;itc:0;sec:content-canvas\" class=\"link \">M\u00e9lissa da Costa<\/a>, d\u00e9passe les 50 000 exemplaires, port\u00e9 par un bouche-\u00e0-oreille enthousiaste et des lectrices qui parlent d\u2019un \u00ab coup de c\u0153ur \u00bb ou d\u2019une \u00ab claque \u00bb qu\u2019elles n\u2019ont pas pu l\u00e2cher.<\/p>\n<p class=\"mb-4 text-lg md:leading-8 break-words\">\u00c0 lire aussi &gt;&gt;&gt; <a href=\"https:\/\/www.elle.fr\/Loisirs\/Livres\/News\/Rentree-litteraire-Medee-Melusine-Milady-La-rehabilitation-de-trois-figures-feminines-monstrueuses-4386087#\" rel=\"nofollow noopener\" target=\"_blank\" data-ylk=\"slk:Rentr\u00e9e litt\u00e9raire : M\u00e9d\u00e9e, M\u00e9lusine, Milady\u2026 La r\u00e9habilitation de trois figures f\u00e9minines monstrueuses;elm:context_link;itc:0;sec:content-canvas\" class=\"link \">Rentr\u00e9e litt\u00e9raire : M\u00e9d\u00e9e, M\u00e9lusine, Milady\u2026 La r\u00e9habilitation de trois figures f\u00e9minines monstrueuses<\/a><\/p>\n<p class=\"mb-4 text-lg md:leading-8 break-words\">Publi\u00e9e en ao\u00fbt et d\u00e9j\u00e0 dans le Top 3 des meilleures ventes, la romanci\u00e8re confirme une trajectoire entam\u00e9e en 2019 avec \u00ab Tout le bleu du ciel \u00bb, <a href=\"https:\/\/www.elle.fr\/Loisirs\/Livres\/News\/Tout-le-bleu-du-ciel-sur-Netflix-Melissa-Da-Costa-reagit-aux-critiques-virulentes-sur-l-adaptation-de-son-roman-4310542#\" rel=\"nofollow noopener\" target=\"_blank\" data-ylk=\"slk:adapt\u00e9 au cin\u00e9ma;elm:context_link;itc:0;sec:content-canvas\" class=\"link \">adapt\u00e9 au cin\u00e9ma<\/a>. Entre-temps, elle s\u2019est impos\u00e9e comme l\u2019une des auteures les plus lues de France, traduite dans plusieurs langues, aux c\u00f4t\u00e9s d\u2019incontournables comme <a href=\"https:\/\/www.elle.fr\/Personnalites\/Emmanuel-Carrere#\" rel=\"nofollow noopener\" target=\"_blank\" data-ylk=\"slk:Emmanuel Carr\u00e8re;elm:context_link;itc:0;sec:content-canvas\" class=\"link \">Emmanuel Carr\u00e8re<\/a>. La comparaison n\u2019est pas anodine : M\u00e9lissa da Costa a su transformer des th\u00e8mes intimes en ph\u00e9nom\u00e8nes populaires, sans c\u00e9der aux sir\u00e8nes du roman format\u00e9.<\/p>\n<p>Que raconte \u00ab Tenir debout \u00bb ?<\/p>\n<p class=\"mb-4 text-lg md:leading-8 break-words\">L\u2019histoire d\u2019\u00c9l\u00e9onore et Fran\u00e7ois, un couple que dix-neuf ans s\u00e9parent, confront\u00e9e \u00e0 l\u2019irruption brutale du handicap. Pas de bluette id\u00e9alis\u00e9e, mais un r\u00e9cit sur la r\u00e9silience, la col\u00e8re, la peur et l&rsquo;exp\u00e9rience. M\u00e9lissa da Costa y poursuit son exploration de l\u2019intime : faire de la douleur une mati\u00e8re romanesque, mais sans pathos. Sa marque de fabrique : offrir de la lumi\u00e8re au bord de l\u2019ab\u00eeme.<\/p>\n<p class=\"mb-4 text-lg md:leading-8 break-words\">La presse souligne la justesse du style, les lecteurs parlent de r\u00e9alisme \u00ab d\u00e9rangeant mais optimiste \u00bb. Ce double registre, quelque part entre \u00e9motion brute et d\u00e9licatesse, explique sans doute le succ\u00e8s de l&rsquo;auteure. Car l\u00e0 o\u00f9 d\u2019autres se perdent dans l\u2019exercice du roman-th\u00e9rapie, M\u00e9lissa da Costa transforme l\u2019exp\u00e9rience humaine en miroir collectif.<\/p>\n<p class=\"mb-4 text-lg md:leading-8 break-words\">Dans un march\u00e9 litt\u00e9raire souvent domin\u00e9 par les m\u00eames noms, elle incarne une singularit\u00e9 : une plume populaire, mais exigeante, qui touche sans simplifier. Si \u00ab Tenir debout \u00bb s\u2019annonce d\u00e9j\u00e0 comme un classique de la rentr\u00e9e, c\u2019est peut-\u00eatre parce que, dans un monde o\u00f9 tout vacille, on cherche toujours des histoires qui nous aident \u00e0 rester debout.<\/p>\n<p class=\"mb-4 text-lg md:leading-8 break-words\"><a href=\"https:\/\/www.elle.fr\/Loisirs\/Livres\/News\/Pourquoi-Tenir-debout-le-nouveau-livre-de-Melissa-da-Costa-bouleverse-deja-des-milliers-de-lecteurs-4393459\" rel=\"nofollow noopener\" target=\"_blank\" data-ylk=\"slk:Voir l&#039;article original sur ELLE;elm:context_link;itc:0;sec:content-canvas\" class=\"link \">Voir l&rsquo;article original sur ELLE<\/a><\/p>\n","protected":false},"excerpt":{"rendered":"Les chiffres parlent d\u2019eux-m\u00eames : en un mois, \u00ab Tenir debout \u00bb, \u00e9crit pas M\u00e9lissa da Costa, d\u00e9passe&hellip;\n","protected":false},"author":2,"featured_media":420399,"comment_status":"","ping_status":"","sticky":false,"template":"","format":"standard","meta":{"footnotes":""},"categories":[1357],"tags":[1379,58,59,1011,27,54958,1380,30776,37338],"class_list":{"0":"post-420398","1":"post","2":"type-post","3":"status-publish","4":"format-standard","5":"has-post-thumbnail","7":"category-livres","8":"tag-books","9":"tag-divertissement","10":"tag-entertainment","11":"tag-fr","12":"tag-france","13":"tag-lionel-urman","14":"tag-livres","15":"tag-melissa-da-costa","16":"tag-rentree-litteraire"},"share_on_mastodon":{"url":"https:\/\/pubeurope.com\/@fr\/115273944474167707","error":""},"_links":{"self":[{"href":"https:\/\/www.europesays.com\/fr\/wp-json\/wp\/v2\/posts\/420398","targetHints":{"allow":["GET"]}}],"collection":[{"href":"https:\/\/www.europesays.com\/fr\/wp-json\/wp\/v2\/posts"}],"about":[{"href":"https:\/\/www.europesays.com\/fr\/wp-json\/wp\/v2\/types\/post"}],"author":[{"embeddable":true,"href":"https:\/\/www.europesays.com\/fr\/wp-json\/wp\/v2\/users\/2"}],"replies":[{"embeddable":true,"href":"https:\/\/www.europesays.com\/fr\/wp-json\/wp\/v2\/comments?post=420398"}],"version-history":[{"count":0,"href":"https:\/\/www.europesays.com\/fr\/wp-json\/wp\/v2\/posts\/420398\/revisions"}],"wp:featuredmedia":[{"embeddable":true,"href":"https:\/\/www.europesays.com\/fr\/wp-json\/wp\/v2\/media\/420399"}],"wp:attachment":[{"href":"https:\/\/www.europesays.com\/fr\/wp-json\/wp\/v2\/media?parent=420398"}],"wp:term":[{"taxonomy":"category","embeddable":true,"href":"https:\/\/www.europesays.com\/fr\/wp-json\/wp\/v2\/categories?post=420398"},{"taxonomy":"post_tag","embeddable":true,"href":"https:\/\/www.europesays.com\/fr\/wp-json\/wp\/v2\/tags?post=420398"}],"curies":[{"name":"wp","href":"https:\/\/api.w.org\/{rel}","templated":true}]}}