{"id":420412,"date":"2025-09-27T02:45:18","date_gmt":"2025-09-27T02:45:18","guid":{"rendered":"https:\/\/www.europesays.com\/fr\/420412\/"},"modified":"2025-09-27T02:45:18","modified_gmt":"2025-09-27T02:45:18","slug":"lia-revele-une-conscience-cachee-chez-les-patients-comateux-bien-avant-les-medecins","status":"publish","type":"post","link":"https:\/\/www.europesays.com\/fr\/420412\/","title":{"rendered":"l\u2019IA r\u00e9v\u00e8le une conscience cach\u00e9e chez les patients comateux&#8230; bien avant les m\u00e9decins !"},"content":{"rendered":"<p data-start=\"202\" data-end=\"556\"><strong data-start=\"202\" data-end=\"556\">Et si certaines personnes plong\u00e9es dans le coma<br \/>\n\u00e9taient en r\u00e9alit\u00e9 conscientes\u2026 sans que personne ne le sache ? Une<br \/>\nr\u00e9cente \u00e9tude scientifique bouleverse notre compr\u00e9hension des \u00e9tats<br \/>\nde conscience alt\u00e9r\u00e9e gr\u00e2ce \u00e0 une technologie d\u2019intelligence<br \/>\nartificielle capable de d\u00e9tecter des signes de vie int\u00e9rieure<br \/>\njusque-l\u00e0 invisibles aux yeux des <a href=\"https:\/\/sciencepost.fr\/des-medecins-chinois-tentent-une-procedure-inedite-sur-un-patient-en-mort-cerebrale-jusqua-ce-que-la-famille-la-stoppe\/\" target=\"_blank\" rel=\"noopener nofollow\">m\u00e9decins<\/a>.<\/strong><\/p>\n<p>Une conscience qui \u00e9chappe aux<br \/>\nm\u00e9decins<\/p>\n<p data-start=\"605\" data-end=\"1049\">Depuis des d\u00e9cennies,<br \/>\nl\u2019\u00e9valuation de l\u2019\u00e9tat de conscience des patients victimes de<br \/>\ntraumatismes cr\u00e2niens repose sur des observations cliniques<br \/>\ndirectes : ouverture des yeux, r\u00e9ponse \u00e0 des ordres simples,<br \/>\nr\u00e9actions \u00e0 des stimuli sonores. Pourtant, ces m\u00e9thodes restent<br \/>\nlimit\u00e9es et peuvent laisser passer des signes subtils de<br \/>\nconscience, notamment dans les cas o\u00f9 le patient est \u00e9veill\u00e9 mais<br \/>\nincapable de bouger suffisamment pour communiquer.<\/p>\n<p data-start=\"1051\" data-end=\"1445\">En 2006, une \u00e9tude pionni\u00e8re<br \/>\navait d\u00e9j\u00e0 mis en lumi\u00e8re ce ph\u00e9nom\u00e8ne de \u00ab conscience cach\u00e9e \u00bb en<br \/>\nutilisant l\u2019imagerie c\u00e9r\u00e9brale. Une patiente apparemment<br \/>\ninconsciente montrait, sous IRM, une activit\u00e9 c\u00e9r\u00e9brale identique \u00e0<br \/>\ncelle de volontaires sains lorsqu\u2019on lui demandait d\u2019imaginer<br \/>\ncertaines actions. Mais ces techniques sont co\u00fbteuses, longues et<br \/>\ndifficiles \u00e0 appliquer en routine clinique.<\/p>\n<p>L\u2019IA comme nouvelle fen\u00eatre<br \/>\nsur l\u2019esprit<\/p>\n<p data-start=\"1495\" data-end=\"1784\">C\u2019est l\u00e0 qu\u2019intervient<br \/>\nl\u2019intelligence artificielle. Dans une \u00e9tude r\u00e9cente publi\u00e9e dans<br \/>\n<a href=\"https:\/\/www.nature.com\/articles\/s43856-025-01042-y\" target=\"_blank\" rel=\"noopener nofollow\">Communications Medicine<\/a>, des chercheurs de<br \/>\nl\u2019Universit\u00e9 Stony Brook, aux \u00c9tats-Unis, ont utilis\u00e9 un outil<br \/>\nappel\u00e9 <strong data-start=\"1698\" data-end=\"1707\">SeeMe<\/strong>,<br \/>\ncon\u00e7u pour analyser des mouvements faciaux imperceptibles \u00e0 l\u2019\u0153il<br \/>\nhumain.<\/p>\n<p data-start=\"1786\" data-end=\"2090\">Concr\u00e8tement, 37 patients<br \/>\nr\u00e9cemment victimes de l\u00e9sions c\u00e9r\u00e9brales et apparemment<br \/>\ninconscients ont \u00e9t\u00e9 film\u00e9s pendant qu\u2019on leur demandait d\u2019ouvrir<br \/>\nles yeux ou de tirer la langue. SeeMe a ensuite scrut\u00e9 ces vid\u00e9os<br \/>\navec une pr\u00e9cision extr\u00eame, d\u00e9tectant des micro-mouvements<br \/>\ninvisibles pour les m\u00e9decins.<\/p>\n<p data-start=\"2092\" data-end=\"2124\">Les r\u00e9sultats sont frappants<br \/>\n:<\/p>\n<ul data-start=\"2125\" data-end=\"2373\">\n<li data-start=\"2125\" data-end=\"2250\">\n<p data-start=\"2127\" data-end=\"2250\"><strong data-start=\"2127\" data-end=\"2149\">30 patients sur 36<\/strong> ont montr\u00e9 des signes<br \/>\nd\u2019ouverture des yeux avant m\u00eame que les cliniciens ne puissent le<br \/>\nconstater.<\/p>\n<\/li>\n<li data-start=\"2251\" data-end=\"2373\">\n<p data-start=\"2253\" data-end=\"2373\"><strong data-start=\"2253\" data-end=\"2275\">16 patients sur 17<\/strong> ont pr\u00e9sent\u00e9 des<br \/>\nmouvements de la bouche d\u00e9tect\u00e9s uniquement par SeeMe dans les<br \/>\npremiers jours.<\/p>\n<\/li>\n<\/ul>\n<p data-start=\"2375\" data-end=\"2452\">En moyenne, l\u2019IA a identifi\u00e9<br \/>\nces signes <strong data-start=\"2415\" data-end=\"2436\">4 \u00e0 8 jours<br \/>\navant<\/strong> les m\u00e9decins.<\/p>\n<p>Une avanc\u00e9e aux implications<br \/>\nm\u00e9dicales majeures<\/p>\n<p data-start=\"2509\" data-end=\"2819\">Pourquoi est-ce si important ?<br \/>\nParce que chaque jour compte. Savoir plus t\u00f4t qu\u2019un patient est<br \/>\nconscient permettrait aux m\u00e9decins et aux familles de prendre des<br \/>\nd\u00e9cisions cruciales : intensifier les traitements, d\u00e9marrer plus<br \/>\nrapidement la r\u00e9\u00e9ducation, ou au contraire r\u00e9orienter les soins<br \/>\ndans certains cas.<\/p>\n<p data-start=\"2821\" data-end=\"3113\">De plus, les chercheurs ont<br \/>\nobserv\u00e9 que les patients pr\u00e9sentant plus de micro-mouvements<br \/>\navaient g\u00e9n\u00e9ralement un <strong data-start=\"2934\" data-end=\"2956\">meilleur pronostic<\/strong> \u00e0 long terme. L\u2019IA pourrait donc<br \/>\naussi devenir un outil de pr\u00e9diction de l\u2019\u00e9volution clinique, une<br \/>\naide pr\u00e9cieuse pour guider les interventions m\u00e9dicales.<\/p>\n<p data-start=\"3115\" data-end=\"3397\">Le neurologue Jan Claassen, de<br \/>\nl\u2019Universit\u00e9 Columbia, qui n\u2019a pas particip\u00e9 \u00e0 l\u2019\u00e9tude, souligne<br \/>\nque cette technologie pourrait transformer la prise en charge des<br \/>\npatients : \u00ab Chaque jour gagn\u00e9 peut faire la diff\u00e9rence dans le<br \/>\nparcours de r\u00e9\u00e9ducation et la qualit\u00e9 de vie future. \u00bb<\/p>\n<p><img loading=\"lazy\" data-lazyloaded=\"1\" decoding=\"async\" class=\"size-full wp-image-105580\" src=\"https:\/\/www.europesays.com\/fr\/wp-content\/uploads\/2025\/09\/pexels-photo-127873.jpeg\" alt=\"IA coma conscience\" width=\"2000\" height=\"1500\"  data-\/><br \/>\nCr\u00e9dits : Pexels \/ Oles kanebckuuVers une communication avec<br \/>\nles patients comateux ?<\/p>\n<p data-start=\"3458\" data-end=\"3706\">L\u2019\u00e9quipe de recherche ne<br \/>\ncompte pas s\u2019arr\u00eater l\u00e0. Prochaine \u00e9tape : d\u00e9terminer si des<br \/>\npatients peuvent apprendre \u00e0 r\u00e9pondre par <strong data-start=\"3586\" data-end=\"3593\">oui<\/strong> ou <strong data-start=\"3597\" data-end=\"3604\">non<\/strong> \u00e0 des questions simples en utilisant uniquement<br \/>\ndes mouvements faciaux infimes, d\u00e9tect\u00e9s par SeeMe.<\/p>\n<p data-start=\"3708\" data-end=\"3955\">Si cela s\u2019av\u00e8re possible, cela<br \/>\nouvrirait des perspectives \u00e9thiques et m\u00e9dicales immenses : pour la<br \/>\npremi\u00e8re fois, des personnes incapables de bouger ou de parler<br \/>\npourraient participer activement \u00e0 des d\u00e9cisions concernant leur<br \/>\npropre traitement.<\/p>\n<p>Une r\u00e9volution encore \u00e0 ses<br \/>\nd\u00e9buts<\/p>\n<p data-start=\"3999\" data-end=\"4260\">Bien que prometteuse, cette<br \/>\napproche doit encore \u00eatre test\u00e9e sur un plus grand nombre de<br \/>\npatients et dans diff\u00e9rents contextes cliniques. Mais une chose est<br \/>\ns\u00fbre : l\u2019IA offre d\u00e9sormais une fen\u00eatre in\u00e9dite sur un monde<br \/>\nint\u00e9rieur que nous pensions inaccessible.<\/p>\n<p data-start=\"4262\" data-end=\"4466\">Ce qui n\u2019\u00e9tait qu\u2019un silence<br \/>\ninqui\u00e9tant pourrait, demain, r\u00e9v\u00e9ler une pr\u00e9sence consciente,<br \/>\nchangeant \u00e0 jamais notre mani\u00e8re de soigner et de communiquer avec<br \/>\nles personnes en \u00e9tat de conscience alt\u00e9r\u00e9e.<\/p>\n","protected":false},"excerpt":{"rendered":"Et si certaines personnes plong\u00e9es dans le coma \u00e9taient en r\u00e9alit\u00e9 conscientes\u2026 sans que personne ne le sache&hellip;\n","protected":false},"author":2,"featured_media":420413,"comment_status":"","ping_status":"","sticky":false,"template":"","format":"standard","meta":{"footnotes":""},"categories":[7],"tags":[1011,27,43,40,41,39,42,44],"class_list":{"0":"post-420412","1":"post","2":"type-post","3":"status-publish","4":"format-standard","5":"has-post-thumbnail","7":"category-sciences-et-technologies","8":"tag-fr","9":"tag-france","10":"tag-science","11":"tag-science-and-technology","12":"tag-sciences","13":"tag-sciences-et-technologies","14":"tag-technologies","15":"tag-technology"},"share_on_mastodon":{"url":"https:\/\/pubeurope.com\/@fr\/115273972462976634","error":""},"_links":{"self":[{"href":"https:\/\/www.europesays.com\/fr\/wp-json\/wp\/v2\/posts\/420412","targetHints":{"allow":["GET"]}}],"collection":[{"href":"https:\/\/www.europesays.com\/fr\/wp-json\/wp\/v2\/posts"}],"about":[{"href":"https:\/\/www.europesays.com\/fr\/wp-json\/wp\/v2\/types\/post"}],"author":[{"embeddable":true,"href":"https:\/\/www.europesays.com\/fr\/wp-json\/wp\/v2\/users\/2"}],"replies":[{"embeddable":true,"href":"https:\/\/www.europesays.com\/fr\/wp-json\/wp\/v2\/comments?post=420412"}],"version-history":[{"count":0,"href":"https:\/\/www.europesays.com\/fr\/wp-json\/wp\/v2\/posts\/420412\/revisions"}],"wp:featuredmedia":[{"embeddable":true,"href":"https:\/\/www.europesays.com\/fr\/wp-json\/wp\/v2\/media\/420413"}],"wp:attachment":[{"href":"https:\/\/www.europesays.com\/fr\/wp-json\/wp\/v2\/media?parent=420412"}],"wp:term":[{"taxonomy":"category","embeddable":true,"href":"https:\/\/www.europesays.com\/fr\/wp-json\/wp\/v2\/categories?post=420412"},{"taxonomy":"post_tag","embeddable":true,"href":"https:\/\/www.europesays.com\/fr\/wp-json\/wp\/v2\/tags?post=420412"}],"curies":[{"name":"wp","href":"https:\/\/api.w.org\/{rel}","templated":true}]}}