{"id":420416,"date":"2025-09-27T02:47:12","date_gmt":"2025-09-27T02:47:12","guid":{"rendered":"https:\/\/www.europesays.com\/fr\/420416\/"},"modified":"2025-09-27T02:47:12","modified_gmt":"2025-09-27T02:47:12","slug":"tony-blair-pourrait-faire-son-retour-au-moyen-orient-liberation","status":"publish","type":"post","link":"https:\/\/www.europesays.com\/fr\/420416\/","title":{"rendered":"Tony Blair\u00a0pourrait faire son retour au Moyen-Orient \u2013 Lib\u00e9ration"},"content":{"rendered":"<p class=\"sc-cPiKLX AiZTS text-element\">L\u2019heure du grand come-back a-t-elle sonn\u00e9 pour Tony Blair ? L\u2019ancien Premier ministre britannique, au pouvoir \u00e0 Londres entre 1997 et 2007, pourrait \u00eatre appel\u00e9 \u00e0 jouer un r\u00f4le de premier plan dans l\u2019architecture institutionnelle future du Moyen-Orient, une fois termin\u00e9e la guerre dans la bande de Gaza <a href=\"https:\/\/www.liberation.fr\/international\/moyen-orient\/un-genocide-se-produit-et-continue-de-se-produire-a-gaza-des-experts-independants-de-lonu-chargent-israel-20250916_HSPXQR3O4BCEBGMTOK67P4SNIE\/\" target=\"_blank\" rel=\"noopener\" title=\"https:\/\/www.liberation.fr\/international\/moyen-orient\/un-genocide-se-produit-et-continue-de-se-produire-a-gaza-des-experts-independants-de-lonu-chargent-israel-20250916_HSPXQR3O4BCEBGMTOK67P4SNIE\/\">au cours de laquelle plus de 65 000 Palestiniens ont \u00e9t\u00e9 tu\u00e9s<\/a>. Selon des informations publi\u00e9es jeudi 25 et ce vendredi 26 septembre dans la presse britannique, isra\u00e9lienne et am\u00e9ricaine, le dirigeant de 72 ans aurait \u00e9t\u00e9 choisi par les Etats-Unis pour prendre la t\u00eate apr\u00e8s la guerre d\u2019une hypoth\u00e9tique \u00abAutorit\u00e9 de transition internationale de Gaza\u00bb (Gita). Une source cit\u00e9e par le Financial Times explique que Blair a demand\u00e9 \u00e0 si\u00e9ger au conseil d\u2019administration de la Gita. <\/p>\n<p class=\"sc-cPiKLX AiZTS text-element\">Les Am\u00e9ricains, qui ont pr\u00e9sent\u00e9 cette semaine aux pays arabes et musulmans, en marge de l\u2019Assembl\u00e9e g\u00e9n\u00e9rale des Nations unies \u00e0 New York, un plan de paix pour Gaza (\u00abIl semble que nous ayons un accord\u00bb, <a href=\"https:\/\/www.liberation.fr\/international\/guerre-a-gaza-il-semble-que-nous-ayons-un-accord-declare-donald-trump-20250926_74VOYFN6Z5ATNFVO3557UCPFYA\/\" target=\"_blank\" rel=\"noopener\" title=\"https:\/\/www.liberation.fr\/international\/guerre-a-gaza-il-semble-que-nous-ayons-un-accord-declare-donald-trump-20250926_74VOYFN6Z5ATNFVO3557UCPFYA\/\">s\u2019est m\u00eame avanc\u00e9 Donald Trump ce vendredi<\/a>), souhaitent que cette instance soit charg\u00e9e de la gouvernance et de la reconstruction de l\u2019enclave apr\u00e8s la guerre. Il s\u2019agirait d\u2019une autorit\u00e9 provisoire, install\u00e9 pour une dur\u00e9e maximale de cinq ans, dans un premier temps sans l\u2019implication de l\u2019Autorit\u00e9 palestinienne. Dans ce cadre, Tony Blair dirigerait, selon les d\u00e9tails du plan am\u00e9ricain <a href=\"https:\/\/www.theguardian.com\/world\/2025\/sep\/25\/washington-backing-plan-for-tony-blair-to-head-transitional-gaza-authority\" target=\"_blank\" rel=\"noopener\" title=\"https:\/\/www.theguardian.com\/world\/2025\/sep\/25\/washington-backing-plan-for-tony-blair-to-head-transitional-gaza-authority\">rapport\u00e9s par le quotidien britannique The Guardian<\/a>, un secr\u00e9tariat compos\u00e9 de 25 personnes maximum, et pr\u00e9siderait le conseil d\u2019administration de la Gita. <\/p>\n<p class=\"sc-cPiKLX AiZTS text-element\">En 2007, apr\u00e8s avoir quitt\u00e9 pour de bon le 10, Downing Street, l\u2019ancien travailliste \u00e9tait devenu envoy\u00e9 sp\u00e9cial pour le Moyen-Orient d\u2019un quartet compos\u00e9 des Etats-Unis, de la Russie, de l\u2019Union europ\u00e9enne et de l\u2019ONU \u2013 un poste qu\u2019il a occup\u00e9 jusqu\u2019en 2015, sans succ\u00e8s majeur \u00e0 son actif. Depuis le d\u00e9but de la guerre, il a particip\u00e9 aux r\u00e9flexions am\u00e9ricaines sur l\u2019imposition \u00e0 la bande de Gaza d\u2019une tutelle internationale. Le Financial Times <a href=\"https:\/\/www.ft.com\/content\/0b1bc761-c572-4b61-882a-fb4467259dcd\" target=\"_blank\" rel=\"noopener\" title=\"https:\/\/www.ft.com\/content\/0b1bc761-c572-4b61-882a-fb4467259dcd\">avait r\u00e9v\u00e9l\u00e9 d\u00e9but juillet<\/a> que des repr\u00e9sentants de sa fondation (le Tony Blair Institute) avaient contribu\u00e9 <a href=\"https:\/\/www.liberation.fr\/international\/amerique\/gaza-le-projet-de-riviera-de-luxe-reve-par-trump-toujours-dactualite-20250831_4PQPJ2UHOFBFHAEXUH7HAYJ7QQ\/\" target=\"_blank\" rel=\"noreferrer noopener\" title=\"https:\/\/www.liberation.fr\/international\/amerique\/gaza-le-projet-de-riviera-de-luxe-reve-par-trump-toujours-dactualite-20250831_4PQPJ2UHOFBFHAEXUH7HAYJ7QQ\/\">au projet trumpiste de \u00abRiviera\u00bb<\/a>, qui envisageait le d\u00e9placement d\u2019une partie de la population gazaouie, assimilable \u00e0 du nettoyage ethnique. A l\u2019\u00e9poque, le Tony Blair Institute avait pris ses distances avec les positions de l\u2019administration am\u00e9ricaine, et d\u00e9clar\u00e9 n\u2019avoir \u00abjamais r\u00e9dig\u00e9, d\u00e9velopp\u00e9 ou approuv\u00e9\u00bb des propositions relatives \u00e0 des d\u00e9placements de population. Ce vendredi, la BBC pr\u00e9cise que l\u2019ancien chef de gouvernement a stipul\u00e9 qu\u2019il refuserait tout job comprenant le d\u00e9placement de Palestiniens. <\/p>\n<p class=\"sc-cPiKLX AiZTS text-element\">Fin ao\u00fbt, l\u2019ancien Premier ministre avait assist\u00e9 en personne \u00e0 <a href=\"https:\/\/www.liberation.fr\/international\/amerique\/gaza-le-projet-de-riviera-de-luxe-reve-par-trump-toujours-dactualite-20250831_4PQPJ2UHOFBFHAEXUH7HAYJ7QQ\/\" target=\"_blank\" rel=\"noreferrer noopener\" title=\"https:\/\/www.liberation.fr\/international\/amerique\/gaza-le-projet-de-riviera-de-luxe-reve-par-trump-toujours-dactualite-20250831_4PQPJ2UHOFBFHAEXUH7HAYJ7QQ\/\">une nouvelle r\u00e9union, \u00e0 la Maison Blanche<\/a>, sur l\u2019avenir du territoire palestinien. Jared Kushner, le gendre du pr\u00e9sident des Etats-Unis et ancien envoy\u00e9 sp\u00e9cial pour le Moyen-Orient, \u00e9tait \u00e9galement pr\u00e9sent. Proche de plusieurs dirigeants du Golfe, Tony Blair a cependant mauvaise r\u00e9putation aupr\u00e8s des opinions publiques de la r\u00e9gion, du fait de son soutien \u00e0 l\u2019intervention am\u00e9ricaine contre l\u2019Irak, en 2003. L\u2019int\u00e9ress\u00e9, jusque-l\u00e0, n\u2019a jamais comment\u00e9 publiquement son r\u00f4le dans les n\u00e9gociations internationales sur l\u2019apr\u00e8s-guerre dans la bande de Gaza, d\u00e9vast\u00e9e par les bombes et la famine. <\/p>\n","protected":false},"excerpt":{"rendered":"L\u2019heure du grand come-back a-t-elle sonn\u00e9 pour Tony Blair ? L\u2019ancien Premier ministre britannique, au pouvoir \u00e0 Londres&hellip;\n","protected":false},"author":2,"featured_media":420417,"comment_status":"","ping_status":"","sticky":false,"template":"","format":"standard","meta":{"footnotes":""},"categories":[5],"tags":[11,73,1011,27,3517,3522,14,664,3523,12,473,28],"class_list":{"0":"post-420416","1":"post","2":"type-post","3":"status-publish","4":"format-standard","5":"has-post-thumbnail","7":"category-international","8":"tag-actualites","9":"tag-etats-unis","10":"tag-fr","11":"tag-france","12":"tag-gaza-l-escalade","13":"tag-guerre-hamas-israel","14":"tag-international","15":"tag-israel","16":"tag-israel-palestine-conflit","17":"tag-news","18":"tag-royaume-uni","19":"tag-world"},"share_on_mastodon":{"url":"https:\/\/pubeurope.com\/@fr\/115273980082717206","error":""},"_links":{"self":[{"href":"https:\/\/www.europesays.com\/fr\/wp-json\/wp\/v2\/posts\/420416","targetHints":{"allow":["GET"]}}],"collection":[{"href":"https:\/\/www.europesays.com\/fr\/wp-json\/wp\/v2\/posts"}],"about":[{"href":"https:\/\/www.europesays.com\/fr\/wp-json\/wp\/v2\/types\/post"}],"author":[{"embeddable":true,"href":"https:\/\/www.europesays.com\/fr\/wp-json\/wp\/v2\/users\/2"}],"replies":[{"embeddable":true,"href":"https:\/\/www.europesays.com\/fr\/wp-json\/wp\/v2\/comments?post=420416"}],"version-history":[{"count":0,"href":"https:\/\/www.europesays.com\/fr\/wp-json\/wp\/v2\/posts\/420416\/revisions"}],"wp:featuredmedia":[{"embeddable":true,"href":"https:\/\/www.europesays.com\/fr\/wp-json\/wp\/v2\/media\/420417"}],"wp:attachment":[{"href":"https:\/\/www.europesays.com\/fr\/wp-json\/wp\/v2\/media?parent=420416"}],"wp:term":[{"taxonomy":"category","embeddable":true,"href":"https:\/\/www.europesays.com\/fr\/wp-json\/wp\/v2\/categories?post=420416"},{"taxonomy":"post_tag","embeddable":true,"href":"https:\/\/www.europesays.com\/fr\/wp-json\/wp\/v2\/tags?post=420416"}],"curies":[{"name":"wp","href":"https:\/\/api.w.org\/{rel}","templated":true}]}}