{"id":420418,"date":"2025-09-27T02:48:18","date_gmt":"2025-09-27T02:48:18","guid":{"rendered":"https:\/\/www.europesays.com\/fr\/420418\/"},"modified":"2025-09-27T02:48:18","modified_gmt":"2025-09-27T02:48:18","slug":"proces-de-cedric-jubillar-un-temoignage-inedit-prend-tout-le-monde-de-court-inhumain-ou-incompetent","status":"publish","type":"post","link":"https:\/\/www.europesays.com\/fr\/420418\/","title":{"rendered":"Proc\u00e8s de C\u00e9dric Jubillar : un t\u00e9moignage in\u00e9dit prend tout le monde de court, \u201cinhumain ou incomp\u00e9tent ?\u201d"},"content":{"rendered":"<p>Depuis le 22 septembre 2025, <a href=\"https:\/\/www.closermag.fr\/vecu\/faits_divers\/cedric-jubillar-un-site-fetichiste-sado-masochiste-la-vie-intime-de-lamant-de-delphine-jubillar-etalee-3582221\" target=\"_blank\" rel=\"noopener\"><br \/>\nC\u00e9dric Jubillar<\/a> est jug\u00e9 devant la cour d\u2019assises du Tarn pour<br \/>\n<a href=\"https:\/\/www.closermag.fr\/vecu\/faits_divers\/cedric-jubillar-cette-particularite-qui-va-marquer-son-proces-au-verdict-incertain-3582464\" target=\"_blank\" rel=\"noopener\"><br \/>\nle meurtre de sa femme Delphine<\/a>, disparue en d\u00e9cembre 2020. Les<br \/>\naudiences s\u2019encha\u00eenent et r\u00e9servent leur lot de surprises, mais<br \/>\ncelle de ce jeudi 25 septembre a particuli\u00e8rement marqu\u00e9 les<br \/>\nesprits. \u00c0 la barre, un t\u00e9moin inattendu : Alain Gand, retrait\u00e9 de<br \/>\nla police nationale et missionn\u00e9 par l\u2019avocat de la partie civile,<br \/>\nMe Battikh, afin d\u2019apporter une expertise priv\u00e9e sur <strong>les<br \/>\ndonn\u00e9es t\u00e9l\u00e9phoniques de l\u2019accus\u00e9.<\/strong><\/p>\n<p>D\u00e8s ses premi\u00e8res d\u00e9clarations, la prestation intrigue. L\u2019ancien<br \/>\npolicier explique avoir travaill\u00e9 uniquement sur des copies papier,<br \/>\ncertaines \u201cillisibles\u201d, faute d\u2019avoir eu acc\u00e8s aux donn\u00e9es<br \/>\noriginales. Sa d\u00e9monstration vise \u00e0 d\u00e9fendre une th\u00e8se risqu\u00e9e :<br \/>\nselon lui, des points GPS cach\u00e9s prouveraient que C\u00e9dric Jubillar<br \/>\nutilisait en r\u00e9alit\u00e9 deux t\u00e9l\u00e9phones la nuit du drame. <strong>Une<br \/>\nversion en totale contradiction<\/strong> avec les conclusions des<br \/>\nexperts de la gendarmerie, qui affirment qu\u2019il ne s\u2019agissait pas de<br \/>\ncoordonn\u00e9es GPS mais de simples cha\u00eenes de caract\u00e8res li\u00e9es \u00e0<br \/>\nl\u2019application YouTube.<\/p>\n<p>Un t\u00e9moin ne convainc absolument personne avec sa d\u00e9monstration<br \/>\nau sujet des t\u00e9l\u00e9phones de C\u00e9dric Jubillar<\/p>\n<p>Rapidement, la d\u00e9position vire au d\u00e9cousu. Jug\u00e9e confuse et<br \/>\ndifficile \u00e0 suivre, elle provoque m\u00eame des rires dans la salle de<br \/>\nretransmission du <a href=\"https:\/\/www.closermag.fr\/vecu\/faits_divers\/proces-de-cedric-jubillar-brouhaha-quasi-fiasco-et-foire-dempoigne-laccuse-est-au-spectacle-dans-son-box-3582496\" target=\"_blank\" rel=\"noopener\"><br \/>\nproc\u00e8s Jubillar<\/a>. Me Martin, avocat de la d\u00e9fense, demande<br \/>\nl\u2019interruption pure et simple de l\u2019audition, estimant que le t\u00e9moin<br \/>\nn\u2019apporte aucun \u00e9l\u00e9ment pertinent sur la personnalit\u00e9 ou les faits<br \/>\nreproch\u00e9s \u00e0 l\u2019accus\u00e9. La pr\u00e9sidente du tribunal pr\u00e9f\u00e8re n\u00e9anmoins<br \/>\nle laisser terminer.<\/p>\n<p>Face \u00e0 cette argumentation fragile, le scepticisme s\u2019installe<br \/>\ndans la salle. L\u2019avocat g\u00e9n\u00e9ral Pierre Aurignac d\u00e9monte<br \/>\nm\u00e9thodiquement ses propos : \u201cLa donn\u00e9e scientifique para\u00eet<br \/>\nassez contestable. Vous \u00eates en train de nous dire que le faux<br \/>\npositif n\u2019existe pas, alors que des experts reconnus de l\u2019IRCGN et<br \/>\nde la cour d\u2019appel affirment l\u2019inverse. Vous nous demandez de<br \/>\ncondamner un homme sur <strong>la base de ces plaisanteries<br \/>\n?\u201d.<\/strong> Un constat brutal lors de ce <a href=\"https:\/\/www.closermag.fr\/vecu\/proces-de-cedric-jubillar-son-fils-louis-contamine-les-propos-forts-dune-specialiste-3582295\" target=\"_blank\" rel=\"noopener\"><br \/>\nproc\u00e8s m\u00e9diatique<\/a> partag\u00e9 par le vice-procureur Nicolas Ruff,<br \/>\nqui ass\u00e8ne : \u201cEst-ce que vous \u00eates inhumain ou est-ce que vous<br \/>\n\u00eates incomp\u00e9tent ?\u201d.<\/p>\n<p>Une situation bien d\u00e9licate et<br \/>\nd\u00e9cri\u00e9e<\/p>\n<p>Le malaise s\u2019accentue lorsque le t\u00e9moin reconna\u00eet ne pas \u00eatre<br \/>\nexpert en cours d\u2019appel et peine \u00e0 expliquer ses analyses<br \/>\ntechniques dans <a href=\"https:\/\/www.closermag.fr\/vecu\/faits_divers\/proces-de-cedric-jubillar-cette-scene-etrange-la-nuit-ou-delphine-disparait-racontee-par-un-temoin-3582073\" target=\"_blank\" rel=\"noopener\"><br \/>\nl&rsquo;affaire Jubillar<\/a>. Seule Me Pauline Rongier tente de le<br \/>\nm\u00e9nager, soulignant le stress que peut provoquer un tel exercice<br \/>\ndevant un <a href=\"https:\/\/www.closermag.fr\/vecu\/faits_divers\/proces-de-cedric-jubillar-decision-radicale-apres-la-diffusion-dun-reportage-de-quotidien-ca-va-changer-la-donne-3582235\" target=\"_blank\" rel=\"noopener\"><br \/>\ncours d&rsquo;assise.<\/a><\/p>\n<p>L\u2019avocat qui avait cit\u00e9 ce t\u00e9moin, Me Battikh, est absent de<br \/>\nl\u2019audience depuis le matin. Cet \u00e9pisode, loin d\u2019\u00e9clairer le proc\u00e8s,<br \/>\nillustre plut\u00f4t <strong>les tensions autour des preuves<br \/>\ntechniques<\/strong> et l\u2019importance des expertises reconnues par la<br \/>\njustice.<\/p>\n","protected":false},"excerpt":{"rendered":"Depuis le 22 septembre 2025, C\u00e9dric Jubillar est jug\u00e9 devant la cour d\u2019assises du Tarn pour le meurtre&hellip;\n","protected":false},"author":2,"featured_media":420419,"comment_status":"","ping_status":"","sticky":false,"template":"","format":"standard","meta":{"footnotes":""},"categories":[4],"tags":[11,548,33030,41602,1011,27,12,25],"class_list":{"0":"post-420418","1":"post","2":"type-post","3":"status-publish","4":"format-standard","5":"has-post-thumbnail","7":"category-france","8":"tag-actualites","9":"tag-article-simple","10":"tag-cedric-jubillar","11":"tag-disparition-de-delphine-jubillar","12":"tag-fr","13":"tag-france","14":"tag-news","15":"tag-republique-francaise"},"share_on_mastodon":{"url":"https:\/\/pubeurope.com\/@fr\/115273983945069670","error":""},"_links":{"self":[{"href":"https:\/\/www.europesays.com\/fr\/wp-json\/wp\/v2\/posts\/420418","targetHints":{"allow":["GET"]}}],"collection":[{"href":"https:\/\/www.europesays.com\/fr\/wp-json\/wp\/v2\/posts"}],"about":[{"href":"https:\/\/www.europesays.com\/fr\/wp-json\/wp\/v2\/types\/post"}],"author":[{"embeddable":true,"href":"https:\/\/www.europesays.com\/fr\/wp-json\/wp\/v2\/users\/2"}],"replies":[{"embeddable":true,"href":"https:\/\/www.europesays.com\/fr\/wp-json\/wp\/v2\/comments?post=420418"}],"version-history":[{"count":0,"href":"https:\/\/www.europesays.com\/fr\/wp-json\/wp\/v2\/posts\/420418\/revisions"}],"wp:featuredmedia":[{"embeddable":true,"href":"https:\/\/www.europesays.com\/fr\/wp-json\/wp\/v2\/media\/420419"}],"wp:attachment":[{"href":"https:\/\/www.europesays.com\/fr\/wp-json\/wp\/v2\/media?parent=420418"}],"wp:term":[{"taxonomy":"category","embeddable":true,"href":"https:\/\/www.europesays.com\/fr\/wp-json\/wp\/v2\/categories?post=420418"},{"taxonomy":"post_tag","embeddable":true,"href":"https:\/\/www.europesays.com\/fr\/wp-json\/wp\/v2\/tags?post=420418"}],"curies":[{"name":"wp","href":"https:\/\/api.w.org\/{rel}","templated":true}]}}