{"id":420420,"date":"2025-09-27T02:49:11","date_gmt":"2025-09-27T02:49:11","guid":{"rendered":"https:\/\/www.europesays.com\/fr\/420420\/"},"modified":"2025-09-27T02:49:11","modified_gmt":"2025-09-27T02:49:11","slug":"suspecte-de-viol-lhomme-reste-en-garde-a-vue","status":"publish","type":"post","link":"https:\/\/www.europesays.com\/fr\/420420\/","title":{"rendered":"suspect\u00e9 de viol, l\u2019homme reste en garde \u00e0 vue"},"content":{"rendered":"<p>            Par<br \/>\n        <strong><br \/>\n            <a href=\"https:\/\/actu.fr\/auteur\/nicolas-segura\" title=\"Consulter tous les articles de Nicolas Segura\" target=\"_blank\" rel=\"noopener\">Nicolas Segura<\/a><br \/>\n        <\/strong><\/p>\n<p>        Publi\u00e9 le<\/p>\n<p>            26 sept. 2025 \u00e0 19h35        <\/p>\n<p>Le jeudi 25\u00a0septembre 2025, un homme de 34\u00a0ans a \u00e9t\u00e9 arr\u00eat\u00e9 \u00e0 <a href=\"https:\/\/actu.fr\/pays-de-la-loire\/montbert_44102\" target=\"_blank\" rel=\"noopener\">Montbert<\/a> (Loire-Atlantique) pour avoir <b>enlev\u00e9 une jeune fille<\/b> de 12\u00a0ans \u00e0 <a href=\"https:\/\/actu.fr\/normandie\/dompierre_61146\" target=\"_blank\" rel=\"noopener\">Dompierre<\/a> (Orne). Une <a href=\"https:\/\/actu.fr\/normandie\/dompierre_61146\/alerte-enlevement-a-dompierre-une-fille-de-12-ans-disparue-un-suspect-recherche_63213789.html\" target=\"_blank\" rel=\"noopener\">alerte enl\u00e8vement<\/a> avait \u00e9t\u00e9 d\u00e9clench\u00e9e. Ce vendredi 26\u00a0septembre, sa <b>garde \u00e0 vue<\/b> a \u00e9t\u00e9 prolong\u00e9e. On vous explique.<\/p>\n<p>De nouveaux chefs d\u2019accusation<\/p>\n<p class=\" wall-content\">Dans un communiqu\u00e9 de presse, le procureur d\u2019<a href=\"https:\/\/actu.fr\/normandie\/argentan_61006\" target=\"_blank\" rel=\"noopener\">Argentan<\/a> Christophe Bogliolo a apport\u00e9 des pr\u00e9cisions, notamment concernant la prolongation de la garde \u00e0 vue, avec <b>quatre chefs d\u2019accusation<\/b> suppl\u00e9mentaires\u2009: \u00ab\u2009sollicitation d\u2019un mineur de 15\u00a0ans par un majeur pour la diffusion ou la transmission de son image \u00e0 caract\u00e8re pornographique, d\u00e9tention de l\u2019image d\u2019un mineur pr\u00e9sentant un caract\u00e8re pornographique, <b>corruption de mineur<\/b> de 15\u00a0ans, conduite sans permis.\u2009\u00bb<\/p>\n<p class=\" wall-content\">Ils s\u2019ajoutent aux trois pr\u00e9c\u00e9dents ayant justifi\u00e9 sa mise en garde \u00e0 vue\u2009: \u00ab\u2009arrestation, enl\u00e8vement s\u00e9questration ou d\u00e9tention arbitraire de mineur de 15\u00a0ans (crime \u2013 30\u00a0ans de r\u00e9clusion criminelle encourus), <b>viol<\/b> commis sur un mineur de 15\u00a0ans, usurpation de plaque d\u2019immatriculation.\u2009\u00bb<\/p>\n<p class=\" wall-content\">Le procureur rappelle par ailleurs\u2009: \u00ab\u2009L\u2019enqu\u00eate d\u00e9montrait des relations entre la mineure et un ami de son p\u00e8re, n\u00e9 en 1991 et d\u00e9j\u00e0 condamn\u00e9 notamment pour <b>des faits de violences<\/b> par conjoint et sur mineur de 15\u00a0ans et de menace de mort r\u00e9it\u00e9r\u00e9e. Il b\u00e9n\u00e9ficie d\u2019une mesure de tutelle.\u2009\u00bb<\/p>\n<p>Le parquet de Caen saisi<\/p>\n<p class=\" wall-content\">La premi\u00e8re garde \u00e0 vue avait lieu \u00e0 la <b>gendarmerie<\/b> de <a href=\"https:\/\/actu.fr\/normandie\/domfront-en-poiraie_61145\" target=\"_blank\" rel=\"noopener\">Domfront-en-Poiraie<\/a>.<\/p>\n<p class=\" wall-content\">On a r\u00e9cemment appris, <a href=\"https:\/\/actu.fr\/normandie\/vire-normandie_14762\/enlevement-dune-jeune-fille-a-dompierre-le-suspect-vit-depuis-2-ans-a-vire-normandie_63218230.html\" target=\"_blank\" rel=\"noopener\">par l\u2019interm\u00e9diaire de La Voix Le Bocage<\/a>, que l\u2019homme \u00e9tait r\u00e9sident \u00e0 Vire Normandie depuis deux ans, mais qu\u2019il n\u2019\u00e9tait connu que des services de la gendarmerie de Domfront.<\/p>\n<p>Votre r\u00e9gion, votre actu !<\/p>\n<p>Recevez chaque jour les infos qui comptent pour vous.<\/p>\n<p>\t<a href=\"https:\/\/actu.fr\/newsletter\" class=\"ac-btn ac-btn--corner ac-btn--medium ac-btn--blue800\" target=\"_blank\" rel=\"noopener\">S&rsquo;incrire<\/a><\/p>\n<p class=\" wall-content\">Dans le cadre de la proc\u00e9dure, le parquet d\u2019Argentan a \u00e9t\u00e9 dessaisi de l\u2019affaire au profit de celui de Caen, disposant d\u2019un p\u00f4le de l\u2019instruction comp\u00e9tent pour les crimes punis de plus de 20 ans de r\u00e9clusion criminelle, apr\u00e8s la prolongation de la garde \u00e0 vue. L\u2019individu sera pr\u00e9sent\u00e9 au <a href=\"https:\/\/actu.fr\/tag\/tribunal-de-caen\" target=\"_blank\" rel=\"noopener\">tribunal de Caen<\/a> ce samedi 27\u00a0septembre.<\/p>\n<p class=\" wall-content\">Personnalisez votre actualit\u00e9 en ajoutant vos villes et m\u00e9dias en favori avec <a href=\"https:\/\/moncompte.actu.fr\" title=\"D\u00e9couvez Mon Actu\" rel=\"nofollow noopener\" data-trk=\"{&quot;cta&quot;:{&quot;action&quot;:&quot;https:\\\/\\\/moncompte.actu.fr&quot;,&quot;category&quot;:&quot;mon compte&quot;,&quot;from&quot;:&quot;article footer&quot;,&quot;name&quot;:&quot;Mon actu&quot;,&quot;type&quot;:&quot;cta&quot;}}\" target=\"_blank\">Mon Actu<\/a>.<\/p>\n","protected":false},"excerpt":{"rendered":"Par Nicolas Segura Publi\u00e9 le 26 sept. 2025 \u00e0 19h35 Le jeudi 25\u00a0septembre 2025, un homme de 34\u00a0ans&hellip;\n","protected":false},"author":2,"featured_media":420421,"comment_status":"","ping_status":"","sticky":false,"template":"","format":"standard","meta":{"footnotes":""},"categories":[2],"tags":[11,898,11250,118,1011,27,3381,12],"class_list":{"0":"post-420420","1":"post","2":"type-post","3":"status-publish","4":"format-standard","5":"has-post-thumbnail","7":"category-actualites","8":"tag-actualites","9":"tag-alerte","10":"tag-enlevements","11":"tag-faits-divers","12":"tag-fr","13":"tag-france","14":"tag-gendarmerie","15":"tag-news"},"share_on_mastodon":{"url":"https:\/\/pubeurope.com\/@fr\/115273987834979900","error":""},"_links":{"self":[{"href":"https:\/\/www.europesays.com\/fr\/wp-json\/wp\/v2\/posts\/420420","targetHints":{"allow":["GET"]}}],"collection":[{"href":"https:\/\/www.europesays.com\/fr\/wp-json\/wp\/v2\/posts"}],"about":[{"href":"https:\/\/www.europesays.com\/fr\/wp-json\/wp\/v2\/types\/post"}],"author":[{"embeddable":true,"href":"https:\/\/www.europesays.com\/fr\/wp-json\/wp\/v2\/users\/2"}],"replies":[{"embeddable":true,"href":"https:\/\/www.europesays.com\/fr\/wp-json\/wp\/v2\/comments?post=420420"}],"version-history":[{"count":0,"href":"https:\/\/www.europesays.com\/fr\/wp-json\/wp\/v2\/posts\/420420\/revisions"}],"wp:featuredmedia":[{"embeddable":true,"href":"https:\/\/www.europesays.com\/fr\/wp-json\/wp\/v2\/media\/420421"}],"wp:attachment":[{"href":"https:\/\/www.europesays.com\/fr\/wp-json\/wp\/v2\/media?parent=420420"}],"wp:term":[{"taxonomy":"category","embeddable":true,"href":"https:\/\/www.europesays.com\/fr\/wp-json\/wp\/v2\/categories?post=420420"},{"taxonomy":"post_tag","embeddable":true,"href":"https:\/\/www.europesays.com\/fr\/wp-json\/wp\/v2\/tags?post=420420"}],"curies":[{"name":"wp","href":"https:\/\/api.w.org\/{rel}","templated":true}]}}