{"id":420422,"date":"2025-09-27T02:50:55","date_gmt":"2025-09-27T02:50:55","guid":{"rendered":"https:\/\/www.europesays.com\/fr\/420422\/"},"modified":"2025-09-27T02:50:55","modified_gmt":"2025-09-27T02:50:55","slug":"circulation-compliquee-la-semaine-prochaine","status":"publish","type":"post","link":"https:\/\/www.europesays.com\/fr\/420422\/","title":{"rendered":"circulation compliqu\u00e9e la semaine prochaine"},"content":{"rendered":"<p>\u00c0 compter de lundi 29\u00a0septembre, la circulation routi\u00e8re mais aussi ferroviaire sera compliqu\u00e9e entre la Loire et la Haute-Loire. La raison\u00a0? Un double chantier aux m\u00eames dates sur la RN88 et des trains \u00e0 l\u2019arr\u00eat. On vous explique\u2026 Tout d\u2019abord, la DIR (Direction interd\u00e9partementale des routes) Massif central va proc\u00e9der \u00e0 des travaux de r\u00e9fection de chauss\u00e9e et de reprise des accotements entre Saint-Hostien et Le Pertuis.<\/p>\n<p>  Circulation ferm\u00e9e sur la RN88 entre Fay-la-Triouleyre et Le Pertuis<\/p>\n<p>Cette op\u00e9ration se d\u00e9roulera du lundi 29\u00a0septembre, 9 heures, au vendredi 10\u00a0octobre, 16 heures. La circulation dans le sens Le Puy-en-Velay vers Saint-\u00c9tienne sera ferm\u00e9e entre l\u2019\u00e9changeur n\u00b0\u00a048 Fay-la-Triouleyre et le bourg du Pertuis. Une d\u00e9viation sera mise en place entre l\u2019\u00e9changeur n\u00b0\u00a049 et Le Pertuis via Saint-Julien-Chapteuil.<\/p>\n<p>Dans le sens inverse, la nationale restera ouverte, mais avec une limitation \u00e0 70\u00a0km\/h au niveau du chantier. Pour se rendre \u00e0 la zone industrielle de Blavozy (RD156 Malrevers), les automobilistes en provenance du Puy-en-Velay devront emprunter la RN88, via la bretelle d\u2019entr\u00e9e de Fay-la-Triouleyre (n\u00b0\u00a049) et sortir \u00e0 l\u2019\u00e9changeur de Blavozy (n\u00b0\u00a048). Ce qui devrait engendrer un temps de trajet suppl\u00e9mentaire d\u2019environ quinze minutes.<\/p>\n<p>Mais l\u00e0 o\u00f9 \u00e7a se corse, c\u2019est que des travaux similaires se d\u00e9rouleront \u00e9galement du lundi 29\u00a0septembre au vendredi 17\u00a0octobre sur la RN88, cette fois <a href=\"https:\/\/www.leprogres.fr\/economie\/2025\/09\/22\/travaux-sur-la-rn88-circulation-delicate-a-partir-du-29-septembre\" target=\"_blank\" rel=\"noopener\">sur les communes de Monistrol-sur-Loire, La Chapelle-d\u2019Aurec et Pont-Salomon<\/a>, entre le lieu-dit Champravie (commune de Monistrol-sur-Loire) et l\u2019\u00e9changeur de Pont-Salomon (n\u00b0\u00a036).<\/p>\n<p>Les voies dans le sens Yssingeaux\/Saint-\u00c9tienne seront ferm\u00e9es aux usagers. La circulation sera bascul\u00e9e sur la voie rapide (voie de gauche), du sens oppos\u00e9. Les bretelles d\u2019entr\u00e9e et de sortie de l\u2019\u00e9changeur de la zone d\u2019activit\u00e9s de Montusclat (n\u00b0\u00a037) seront ferm\u00e9es \u00e0 la circulation.<\/p>\n<p>  Des travaux sur le r\u00e9seau ferroviaire\u2026 lanc\u00e9s le m\u00eame jour<\/p>\n<p>De son c\u00f4t\u00e9, <a href=\"https:\/\/www.leprogres.fr\/economie\/2025\/09\/26\/avant-les-travaux-de-la-ligne-sncf-on-a-pris-le-train-avec-les-habitues\" target=\"_blank\" rel=\"noopener\">la SNCF engage en parall\u00e8le des travaux n\u00e9cessitant l\u2019arr\u00eat des trains<\/a> entre Le Puy-en-Velay et Firminy, \u00e9galement \u00e0 partir du 29\u00a0septembre, mais cette fois jusqu\u2019au 13\u00a0d\u00e9cembre. Ils seront remplac\u00e9s par des autocars de substitution. Il va donc falloir faire preuve de patience avant un retour \u00e0 la normale.<\/p>\n","protected":false},"excerpt":{"rendered":"\u00c0 compter de lundi 29\u00a0septembre, la circulation routi\u00e8re mais aussi ferroviaire sera compliqu\u00e9e entre la Loire et la&hellip;\n","protected":false},"author":2,"featured_media":420423,"comment_status":"","ping_status":"","sticky":false,"template":"","format":"standard","meta":{"footnotes":""},"categories":[9653],"tags":[1111,11,2430,3542,10446,1777,674,107,1011,27,4002,54959,12,25,4001,26506,2803],"class_list":{"0":"post-420422","1":"post","2":"type-post","3":"status-publish","4":"format-standard","5":"has-post-thumbnail","7":"category-saint-etienne","8":"tag-actu","9":"tag-actualites","10":"tag-auvergne-rhone-alpes","11":"tag-circulation","12":"tag-edition-haute-loire","13":"tag-eu","14":"tag-europe","15":"tag-fil-info","16":"tag-fr","17":"tag-france","18":"tag-haute-loire","19":"tag-le-pertuis","20":"tag-news","21":"tag-republique-francaise","22":"tag-saint-etienne","23":"tag-saint-julien-chapteuil-bassin","24":"tag-transport"},"share_on_mastodon":{"url":"https:\/\/pubeurope.com\/@fr\/115273995575250909","error":""},"_links":{"self":[{"href":"https:\/\/www.europesays.com\/fr\/wp-json\/wp\/v2\/posts\/420422","targetHints":{"allow":["GET"]}}],"collection":[{"href":"https:\/\/www.europesays.com\/fr\/wp-json\/wp\/v2\/posts"}],"about":[{"href":"https:\/\/www.europesays.com\/fr\/wp-json\/wp\/v2\/types\/post"}],"author":[{"embeddable":true,"href":"https:\/\/www.europesays.com\/fr\/wp-json\/wp\/v2\/users\/2"}],"replies":[{"embeddable":true,"href":"https:\/\/www.europesays.com\/fr\/wp-json\/wp\/v2\/comments?post=420422"}],"version-history":[{"count":0,"href":"https:\/\/www.europesays.com\/fr\/wp-json\/wp\/v2\/posts\/420422\/revisions"}],"wp:featuredmedia":[{"embeddable":true,"href":"https:\/\/www.europesays.com\/fr\/wp-json\/wp\/v2\/media\/420423"}],"wp:attachment":[{"href":"https:\/\/www.europesays.com\/fr\/wp-json\/wp\/v2\/media?parent=420422"}],"wp:term":[{"taxonomy":"category","embeddable":true,"href":"https:\/\/www.europesays.com\/fr\/wp-json\/wp\/v2\/categories?post=420422"},{"taxonomy":"post_tag","embeddable":true,"href":"https:\/\/www.europesays.com\/fr\/wp-json\/wp\/v2\/tags?post=420422"}],"curies":[{"name":"wp","href":"https:\/\/api.w.org\/{rel}","templated":true}]}}