{"id":420426,"date":"2025-09-27T02:56:21","date_gmt":"2025-09-27T02:56:21","guid":{"rendered":"https:\/\/www.europesays.com\/fr\/420426\/"},"modified":"2025-09-27T02:56:21","modified_gmt":"2025-09-27T02:56:21","slug":"le-stade-de-reims-confirme-a-nancy-et-valide-son-premier-succes-a-lexterieur-sport-club","status":"publish","type":"post","link":"https:\/\/www.europesays.com\/fr\/420426\/","title":{"rendered":"Le Stade de Reims confirme \u00e0 Nancy et valide son premier succ\u00e8s \u00e0 l&rsquo;ext\u00e9rieur \u2022 Sport Club"},"content":{"rendered":"<p><b>Moins fringants que contre Clermont mardi, les joueurs du Stade de Reims ont tout de m\u00eame encha\u00een\u00e9 un second succ\u00e8s de suite, le premier loin de leurs bases, ce vendredi lors de la 8e journ\u00e9e de Ligue 2. Sur la pelouse de Nancy dont les tribunes \u00e9taient vide \u00e0 cause d\u2019un huis-clos administratif, les R\u00e9mois ont marqu\u00e9 sur l\u2019une de leurs rares occasions. Pas toujours inspir\u00e9s et en souffrance en fin de match, les prot\u00e9g\u00e9s de Karel Geraerts ont \u00e9t\u00e9 solides pour prendre trois points suppl\u00e9mentaires<\/b><b>. Reims reprend provisoirement la 4e.<\/b><\/p>\n<blockquote><p>\n<strong>LA\u00a0FEUILLE\u00a0DE\u00a0MATCH<\/strong>\n<\/p><\/blockquote>\n<p style=\"text-align: center;\">\u00a0 <strong>NANCY <img loading=\"lazy\" data-recalc-dims=\"1\" decoding=\"async\" class=\"\" src=\"https:\/\/www.europesays.com\/fr\/wp-content\/uploads\/2025\/09\/hI59rDzS-Q15G9lAm.png\" alt=\"Nancy\" width=\"19\" height=\"19\"\/> 0-1<\/strong> <img loading=\"lazy\" decoding=\"async\" class=\"\" src=\"https:\/\/www.europesays.com\/fr\/wp-content\/uploads\/2025\/09\/1200px-Logo_Stade_de_Reims_-_2020_(alternatif).svg.png\" alt=\"Stade de Reims \u2014 Wikip\u00e9dia\" width=\"11\" height=\"18\"\/> <strong>STADE DE REIMS <\/strong><\/p>\n<p style=\"text-align: left;\"><strong>MI-TEMPS<\/strong> : 0-0<br \/><strong>ARBITRE<\/strong> : M. Gael Angoula<br \/><strong>BUT <\/strong>\u2013 Salama (48e) pour Reims<br \/><strong>AVERTISSEMENTS <\/strong>\u2013 aux Nanc\u00e9ens Saint-Ruf (44e), Bouriaud (50e), Experience (68e) ; au R\u00e9mois Gbane (84e)<br \/><img loading=\"lazy\" data-recalc-dims=\"1\" decoding=\"async\" class=\"\" src=\"https:\/\/www.europesays.com\/fr\/wp-content\/uploads\/2025\/09\/hI59rDzS-Q15G9lAm.png\" alt=\"Nancy\" width=\"19\" height=\"19\"\/>\u00a0<strong>NANCY \u00a0<\/strong>: Kenzo \u2013 Fernandez, Saint-Ruf, Julloux \u2013 Maouassa (Sidib\u00e9, 65e), Suljic (Bouabdelli, 69e), Bouriaud, Bamba (Bokangu, 78e), Fdaouch, Evans (Experience, 65e) \u2013 Ouotro. Entr. : Pablo Correa<br \/><strong><img loading=\"lazy\" decoding=\"async\" class=\"\" src=\"https:\/\/www.europesays.com\/fr\/wp-content\/uploads\/2025\/09\/1200px-Logo_Stade_de_Reims_-_2020_(alternatif).svg.png\" alt=\"Stade de Reims \u2014 Wikip\u00e9dia\" width=\"11\" height=\"18\"\/>\u00a0REIMS\u00a0<\/strong>: Jaouen \u2013 Aki\u00e9m\u00e9, Pallois, N\u2019Tamon \u2013 Teuma (Tia, 87e), Gbane, Nakamura (Kon\u00e9, 87e), Leoni (Zabi, 46e), Sekine \u2013 Salama (Leautey, 75e), Bassette (Ibrahim, 46e). Entr. : Karel Geraerts<\/p>\n<p><img data-recalc-dims=\"1\" fetchpriority=\"high\" decoding=\"async\" data-attachment-id=\"56900\" data-permalink=\"https:\/\/www.sportclub-reims.fr\/2025\/09\/le-stade-de-reims-confirme-a-nancy-et-valide-son-premier-succes-a-lexterieur\/nancy\/\" data-orig-file=\"https:\/\/i0.wp.com\/www.sportclub-reims.fr\/wp-content\/uploads\/2025\/09\/Nancy.png?fit=830%2C484&amp;ssl=1\" data-orig-size=\"830,484\" data-comments-opened=\"0\" data-image-meta=\"{&quot;aperture&quot;:&quot;0&quot;,&quot;credit&quot;:&quot;&quot;,&quot;camera&quot;:&quot;&quot;,&quot;caption&quot;:&quot;&quot;,&quot;created_timestamp&quot;:&quot;0&quot;,&quot;copyright&quot;:&quot;&quot;,&quot;focal_length&quot;:&quot;0&quot;,&quot;iso&quot;:&quot;0&quot;,&quot;shutter_speed&quot;:&quot;0&quot;,&quot;title&quot;:&quot;&quot;,&quot;orientation&quot;:&quot;0&quot;}\" data-image-title=\"Nancy\" data-image-description=\"\" data-image-caption=\"\" data-medium-file=\"https:\/\/i0.wp.com\/www.sportclub-reims.fr\/wp-content\/uploads\/2025\/09\/Nancy.png?fit=300%2C175&amp;ssl=1\" data-large-file=\"https:\/\/i0.wp.com\/www.sportclub-reims.fr\/wp-content\/uploads\/2025\/09\/Nancy.png?fit=830%2C484&amp;ssl=1\" class=\"wp-image-56900 size-full aligncenter\" src=\"https:\/\/www.europesays.com\/fr\/wp-content\/uploads\/2025\/09\/Nancy.png\" alt=\"\" width=\"830\" height=\"484\"  \/><\/p>\n<p>LE MATCH<\/p>\n<p>A d\u00e9faut d\u2019offrir une prestation aboutie, le Stade de Reims a enfin gagn\u00e9 loin de ses bases. Et peu importe la mani\u00e8re, nul doute que ce succ\u00e8s va compter.\u00a0Avec un seul changement par rapport \u00e0 la rencontre de mardi (Antoine Leautey a d\u00e9but\u00e9 sur le banc), le groupe r\u00e9mois semblait d\u2019abord emprunt\u00e9 m\u00eame les Marnais \u00e9taient les premiers \u00e0 poser le pied sur le ballon. Mais en manque de rythme et sans id\u00e9es, les prot\u00e9g\u00e9s de Karel Geraerts peinaient \u00e0 se montrer v\u00e9ritablement dangereux. En vue en sup\u00e9riorit\u00e9 num\u00e9rique contre Clermont mardi, les individualit\u00e9s ne parvenaient pas \u00e0 faire la diff\u00e9rence, pas aid\u00e9 par un Nicolas Saint-Ruf imp\u00e9rial en d\u00e9fense.<\/p>\n<p>De quoi offrir un spectacle bien triste, d\u2019autant plus dans un stade vid\u00e9 de ses supporters \u00e0 cause d\u2019une d\u00e9cision administrative. A force de se montrer trop impr\u00e9cis, Reims laissait Nancy s\u2019engaillardir. Et il faut un Ewen Jaouen vigilant sur sa ligne pour emp\u00eacher les Lorrains d\u2019ouvrir le score sur une t\u00eate d\u00e9crois\u00e9e sur corner. Et si c\u2019est finalement le Stade de Reims qui s\u2019offre la plus belle occasion avant la pause, Amine Salama ne trouvait pas le cadre, seul \u00e0 l\u2019entr\u00e9e de la surface et les deux \u00e9quipes rejoignaient les vestiaires sur un score vierge.<\/p>\n<p>Le r\u00e9sultat avant la mani\u00e8re<\/p>\n<p>Les entr\u00e9es d\u2019Hafiz Ibrahim et Patrick Zabi au retour des vestiaires \u00e0 la place de Theo Leoni et Norman Bassette remettent un peu de rythme au groupe r\u00e9mois. Une activit\u00e9 vite r\u00e9compens\u00e9e. Sur un centre mal d\u00e9gag\u00e9 de Keito Nakamura venu de la gauche, Amine Salama qui r\u00f4dait dans les 6m r\u00e9alisait une talonnade pour pousser le ballon dans le but nanc\u00e9en. Piqu\u00e9s au vif, les Lorrains tentaient de r\u00e9agir. De quoi offrir \u00e0 Ouotro la possibilit\u00e9 d\u2019\u00e9galiser, en position de hors-jeu. Plus pressants, les Nanc\u00e9ens se cr\u00e9aient plusieurs situations bien d\u00e9fendues tandis que le Stade de Reims \u00e9voluait en contre, sans pour autant se montrer r\u00e9ellement dangereux. L\u2019entr\u00e9e d\u2019Antoine Leautey \u00e0 l\u2019aube du dernier quart d\u2019heure laissait Hafiz Ibrahim seul en pointe et remettait Reims dans un syst\u00e8me \u00e0 4 derri\u00e8re. Pas de quoi changer la physionomie de la rencontre. Sur le reculoir, Reims subissait les vagues lorraines. Les corners qui s\u2019encha\u00eenaient et les tirs de joueurs nanc\u00e9ens \u00e9taient tous repouss\u00e9s quand l\u2019adversaire n\u2019\u00e9tait pas maladroit. Qu\u2019importe, Reims prend trois points de plus et reste dans le bon wagon. Une dynamique d\u00e9sormais \u00e0 entretenir.<\/p>\n<blockquote><p>\nLA REACTION\n<\/p><\/blockquote>\n<p>Karel Geraerts : \u201cOn s\u2019attendait \u00e0 ce genre de matchs difficile. C\u2019est le 3e en 6 jours, donc on savait que ce serait dur, \u00e0 cause de l\u2019adversaire et peut-\u00eatre par un manque de fra\u00eecheur. Aujourd\u2019hui quelque soit la mani\u00e8re, l\u2019objectif \u00e9tait la victoire. Et apr\u00e8s le but, on est rest\u00e9s en place et les joueurs ont \u00e9t\u00e9 tr\u00e8s investis pour conserver ce score\u201c.<\/p>\n<blockquote><p>\nLES R\u00c9SULTATS ET LE CLASSEMENT\n<\/p><\/blockquote>\n<p>Sport Club Global MediaSport Club Global Media<\/p>\n<blockquote><p>\nPROCHAIN MATCH\n<\/p><\/blockquote>\n<p>\ud83c\udd9a Grenoble<br \/>\ud83c\udfc6 9e journ\u00e9e de Ligue 2<br \/>\ud83d\udcc5 samedi 4 octobre 2025<br \/>\u231a 14h<br \/>\ud83c\udfdf\u00a0 au stade Delaune, \u00e0 Reims<\/p>\n","protected":false},"excerpt":{"rendered":"Moins fringants que contre Clermont mardi, les joueurs du Stade de Reims ont tout de m\u00eame encha\u00een\u00e9 un&hellip;\n","protected":false},"author":2,"featured_media":420427,"comment_status":"","ping_status":"","sticky":false,"template":"","format":"standard","meta":{"footnotes":""},"categories":[9635],"tags":[1111,11,1777,674,63,1011,27,775,6201,1702,12,25,4398,464],"class_list":{"0":"post-420426","1":"post","2":"type-post","3":"status-publish","4":"format-standard","5":"has-post-thumbnail","7":"category-nancy","8":"tag-actu","9":"tag-actualites","10":"tag-eu","11":"tag-europe","12":"tag-football","13":"tag-fr","14":"tag-france","15":"tag-grand-est","16":"tag-l2","17":"tag-nancy","18":"tag-news","19":"tag-republique-francaise","20":"tag-sdr","21":"tag-stade-de-reims"},"share_on_mastodon":{"url":"https:\/\/pubeurope.com\/@fr\/115274015828027442","error":""},"_links":{"self":[{"href":"https:\/\/www.europesays.com\/fr\/wp-json\/wp\/v2\/posts\/420426","targetHints":{"allow":["GET"]}}],"collection":[{"href":"https:\/\/www.europesays.com\/fr\/wp-json\/wp\/v2\/posts"}],"about":[{"href":"https:\/\/www.europesays.com\/fr\/wp-json\/wp\/v2\/types\/post"}],"author":[{"embeddable":true,"href":"https:\/\/www.europesays.com\/fr\/wp-json\/wp\/v2\/users\/2"}],"replies":[{"embeddable":true,"href":"https:\/\/www.europesays.com\/fr\/wp-json\/wp\/v2\/comments?post=420426"}],"version-history":[{"count":0,"href":"https:\/\/www.europesays.com\/fr\/wp-json\/wp\/v2\/posts\/420426\/revisions"}],"wp:featuredmedia":[{"embeddable":true,"href":"https:\/\/www.europesays.com\/fr\/wp-json\/wp\/v2\/media\/420427"}],"wp:attachment":[{"href":"https:\/\/www.europesays.com\/fr\/wp-json\/wp\/v2\/media?parent=420426"}],"wp:term":[{"taxonomy":"category","embeddable":true,"href":"https:\/\/www.europesays.com\/fr\/wp-json\/wp\/v2\/categories?post=420426"},{"taxonomy":"post_tag","embeddable":true,"href":"https:\/\/www.europesays.com\/fr\/wp-json\/wp\/v2\/tags?post=420426"}],"curies":[{"name":"wp","href":"https:\/\/api.w.org\/{rel}","templated":true}]}}