{"id":420436,"date":"2025-09-27T03:02:31","date_gmt":"2025-09-27T03:02:31","guid":{"rendered":"https:\/\/www.europesays.com\/fr\/420436\/"},"modified":"2025-09-27T03:02:31","modified_gmt":"2025-09-27T03:02:31","slug":"tout-le-monde-a-envie-de-grandir-et-de-tirer-les-autres-vers-le-haut-amandine-tessier-loue-ses-partenaires-du-roz-handdu-29-avant-daller-a-rouen-en","status":"publish","type":"post","link":"https:\/\/www.europesays.com\/fr\/420436\/","title":{"rendered":"\ufeff\u00ab\u00a0Tout le monde a envie de grandir et de tirer les autres vers le haut\u00a0\u00bb, Amandine Tessier loue ses partenaires du Roz Hand\u2019Du 29 avant d\u2019aller \u00e0 Rouen en N1F"},"content":{"rendered":"<p>Nationale 1 f\u00e9minine (3e journ\u00e9e). Roz Hand\u2019Du 29 &#8211; Rouen, ce samedi (20 h 45)<\/p>\n<p class=\"empty\">En d\u00e9pit de ses huit r\u00e9alisations, Amandine Tissier a \u00e9videmment peu appr\u00e9ci\u00e9 le contenu propos\u00e9 \u00e0 Octeville (<a href=\"https:\/\/www.letelegramme.fr\/sports\/handball\/n1f-le-roz-handdu-29-a-manque-de-justesse-face-a-octeville-6888833.php\" target=\"_blank\" rel=\"nofollow noopener\">d\u00e9faite 28-23<\/a>). \u00ab Honn\u00eatement, on a fait un non-match l\u00e0-bas. Et je ne fuis pas mes responsabilit\u00e9s. Notre effectif, en partie renouvel\u00e9, doit prendre ses marques tout simplement. Il faut que les relations s\u2019installent entre nous. \u00bb<\/p>\n<p>Pas question pour le fer de lance du Roz Hand\u2019Du de s\u2019inqui\u00e9ter ! Avec ce mental d\u2019acier qui la caract\u00e9rise, elle penche ainsi vers ce verre \u00e0 moiti\u00e9 plein. \u00ab On a revu le match et finalement, il n\u2019a pas manqu\u00e9 grand-chose. Il va falloir proposer des prestations plus qualitatives, c\u2019est tout ! \u00bb<\/p>\n<p class=\"empty\">La patronne des \u00ab Rozes \u00bb n\u2019h\u00e9site d\u2019ailleurs pas \u00e0 louer ce groupe tr\u00e8s jeune, foment\u00e9 par le staff du RHD29 depuis deux ans. \u00ab Humainement, on a recrut\u00e9 des filles au top, fondues dans le projet. Je n\u2019ai jamais vu de concurrence malsaine. Tout le monde ici a envie de grandir et de tirer les autres vers le haut. Ce groupe vit bien. Question mentalit\u00e9, les filles demeurent des guerri\u00e8res, m\u00eame dans la difficult\u00e9. \u00c0 Octeville, jamais elles n\u2019ont plong\u00e9. \u00bb<\/p>\n<p>\u00ab Cassidy Chambonnier, c\u2019est fort \u00bb<\/p>\n<p>L\u2019arriv\u00e9e de Cassidy Chambonnier, qui sera qualifi\u00e9e ce samedi face \u00e0 Rouen, la ravit aussi. Elle va la challenger. \u00ab Elle dispose d\u2019un potentiel de dingue, avoue Amandine Tissier. Nous partageons le m\u00eame poste et sommes aussi diff\u00e9rentes que compl\u00e9mentaires. Quand Cassidy d\u00e9clenche ses tirs en appuis, c\u2019est fort, \u00e7a va tr\u00e8s vite. Elle est arriv\u00e9e avec sa joie de vivre, alors qu\u2019elle venait de vivre des choses n\u00e9gatives. Elle veut rebondir. C\u2019est une vraie meneuse. \u00bb<\/p>\n<p>Sous la houlette d\u2019une Amandine Tissier bien dans ses baskets, les \u00ab Rozes \u00bb aspirent d\u00e9sormais \u00e0 partager leur enthousiasme avec leurs supporters. D\u00e8s ce soir, devant Rouen ?<\/p>\n","protected":false},"excerpt":{"rendered":"Nationale 1 f\u00e9minine (3e journ\u00e9e). Roz Hand\u2019Du 29 &#8211; Rouen, ce samedi (20 h 45) En d\u00e9pit de&hellip;\n","protected":false},"author":2,"featured_media":420437,"comment_status":"","ping_status":"","sticky":false,"template":"","format":"standard","meta":{"footnotes":""},"categories":[9587],"tags":[1111,11,1777,674,1011,27,1792,12,5161,25,21358,9590,60],"class_list":{"0":"post-420436","1":"post","2":"type-post","3":"status-publish","4":"format-standard","5":"has-post-thumbnail","7":"category-rouen","8":"tag-actu","9":"tag-actualites","10":"tag-eu","11":"tag-europe","12":"tag-fr","13":"tag-france","14":"tag-handball","15":"tag-news","16":"tag-normandie","17":"tag-republique-francaise","18":"tag-rosporden","19":"tag-rouen","20":"tag-sports"},"share_on_mastodon":{"url":"https:\/\/pubeurope.com\/@fr\/115274038815757493","error":""},"_links":{"self":[{"href":"https:\/\/www.europesays.com\/fr\/wp-json\/wp\/v2\/posts\/420436","targetHints":{"allow":["GET"]}}],"collection":[{"href":"https:\/\/www.europesays.com\/fr\/wp-json\/wp\/v2\/posts"}],"about":[{"href":"https:\/\/www.europesays.com\/fr\/wp-json\/wp\/v2\/types\/post"}],"author":[{"embeddable":true,"href":"https:\/\/www.europesays.com\/fr\/wp-json\/wp\/v2\/users\/2"}],"replies":[{"embeddable":true,"href":"https:\/\/www.europesays.com\/fr\/wp-json\/wp\/v2\/comments?post=420436"}],"version-history":[{"count":0,"href":"https:\/\/www.europesays.com\/fr\/wp-json\/wp\/v2\/posts\/420436\/revisions"}],"wp:featuredmedia":[{"embeddable":true,"href":"https:\/\/www.europesays.com\/fr\/wp-json\/wp\/v2\/media\/420437"}],"wp:attachment":[{"href":"https:\/\/www.europesays.com\/fr\/wp-json\/wp\/v2\/media?parent=420436"}],"wp:term":[{"taxonomy":"category","embeddable":true,"href":"https:\/\/www.europesays.com\/fr\/wp-json\/wp\/v2\/categories?post=420436"},{"taxonomy":"post_tag","embeddable":true,"href":"https:\/\/www.europesays.com\/fr\/wp-json\/wp\/v2\/tags?post=420436"}],"curies":[{"name":"wp","href":"https:\/\/api.w.org\/{rel}","templated":true}]}}