{"id":420443,"date":"2025-09-27T03:09:30","date_gmt":"2025-09-27T03:09:30","guid":{"rendered":"https:\/\/www.europesays.com\/fr\/420443\/"},"modified":"2025-09-27T03:09:30","modified_gmt":"2025-09-27T03:09:30","slug":"a-strasbourg-le-fromage-fest-revient-dans-7-jours","status":"publish","type":"post","link":"https:\/\/www.europesays.com\/fr\/420443\/","title":{"rendered":"\u00e0 Strasbourg, le Fromage Fest revient dans 7 jours !"},"content":{"rendered":"<p>    <img loading=\"lazy\" width=\"1800\" height=\"900\" src=\"https:\/\/www.europesays.com\/fr\/wp-content\/uploads\/2025\/08\/jeanne-callthepolice.jpg\" class=\"attachment-full size-full\" alt=\"\" id=\"imageLove\" decoding=\"async\"  \/><\/p>\n<p id=\"breadcrumbs\"><a href=\"https:\/\/pokaa.fr\/\" target=\"_blank\" rel=\"noopener\">Accueil<\/a> \/ <a href=\"https:\/\/pokaa.fr\/categories\/ses-sorties\/\" target=\"_blank\" rel=\"noopener\">Sorties<\/a> \/ Raclette, fondue et poutine : \u00e0 Strasbourg, le Fromage Fest revient dans 7 jours !<\/p>\n<p>                    Sorties<\/p>\n<p><strong>Les journ\u00e9es plus froides s\u2019installent, et avec elles, nos envies de plaids, boissons chaudes et plats r\u00e9confortants. \u00c7a tombe bien : alors que la saison de la raclette s\u2019ouvre tout doucement, le Fromage Fest revient \u00e0 Strasbourg pour sa troisi\u00e8me \u00e9dition, du 4 au 5 octobre, devant le MAMCS. Au menu ? Raclette, mais aussi fondue, poutine et baguettes flamb\u00e9es, avec vin chaud et autres bibines locales.<\/strong><\/p>\n<p><strong>Les 4 et 5 octobre, rendez-vous devant le Mus\u00e9e d\u2019art moderne et contemporain (MAMCS) de Strasbourg,<\/strong> pour go\u00fbter \u00e0 une autre forme d\u2019art\u00a0: celle du fromage et de ses mille et une d\u00e9clinaisons gourmandes.<\/p>\n<p><strong>En effet, le Fromage Fest, <\/strong>organis\u00e9 par \u00c9ph\u00e9m\u00e8re Food Festivals Alsace Nord, <strong>revient pour une troisi\u00e8me \u00e9dition <\/strong>pleine de saveurs.<\/p>\n<p>                <img width=\"760\" height=\"500\" src=\"https:\/\/www.europesays.com\/fr\/wp-content\/uploads\/2025\/09\/fromage-fest-2-760x500.png\" class=\"attachment-gallery size-gallery\" alt=\"Fromage fest (2)\" data-full-url=\"https:\/\/pokaa.fr\/wp-content\/uploads\/2025\/09\/24\/fromage-fest-2.png\" decoding=\"async\" loading=\"lazy\"  \/>            <\/p>\n<p>                <img width=\"760\" height=\"500\" src=\"https:\/\/www.europesays.com\/fr\/wp-content\/uploads\/2025\/09\/fromage-fest-1-760x500.png\" class=\"attachment-gallery size-gallery\" alt=\"Fromage fest (1)\" data-full-url=\"https:\/\/pokaa.fr\/wp-content\/uploads\/2025\/09\/24\/fromage-fest-1.png\" decoding=\"async\" loading=\"lazy\"  \/>            <\/p>\n<p>                    \u00a9 \u00c9ph\u00e9m\u00e8re Organisation \/ Captures d&rsquo;\u00e9cran<\/p>\n<p>    <img width=\"800\" height=\"345\" src=\"https:\/\/www.europesays.com\/fr\/wp-content\/uploads\/2025\/09\/fromage-fest-4-800x345.png\" class=\"attachment-image-size-L size-image-size-L\" alt=\"Fromage fest (4)\" decoding=\"async\" loading=\"lazy\"  \/>         \u00a9 \u00c9ph\u00e9m\u00e8re Organisation \/ Capture d&rsquo;\u00e9cran <\/p>\n<p>Du fromage, du fromage et encore du fromage<\/p>\n<p>Au programme ? Des recettes classiques dont le fromage est la star : <strong>raclette, aligot, tartiflette, poutine\u2026 <\/strong>Mais aussi, d\u2019autres sp\u00e9cialit\u00e9s pr\u00e9sent\u00e9es sous leur jour le plus cr\u00e9meux : <strong>galettes italiennes, tartes flamb\u00e9es au munster, ou encore cheeseburgers.<\/strong><\/p>\n<p>                <img width=\"370\" height=\"500\" src=\"https:\/\/www.europesays.com\/fr\/wp-content\/uploads\/2025\/09\/fromage-fest-10-370x500.png\" class=\"attachment-gallery size-gallery\" alt=\"Fromage fest (10)\" data-full-url=\"https:\/\/pokaa.fr\/wp-content\/uploads\/2025\/09\/24\/fromage-fest-10.png\" decoding=\"async\" loading=\"lazy\"  \/>            <\/p>\n<p>                <img width=\"795\" height=\"500\" src=\"https:\/\/www.europesays.com\/fr\/wp-content\/uploads\/2025\/09\/fromage-fest-12-795x500.png\" class=\"attachment-gallery size-gallery\" alt=\"Fromage fest (12)\" data-full-url=\"https:\/\/pokaa.fr\/wp-content\/uploads\/2025\/09\/24\/fromage-fest-12.png\" decoding=\"async\" loading=\"lazy\"  \/>            <\/p>\n<p>                <img width=\"759\" height=\"500\" src=\"https:\/\/www.europesays.com\/fr\/wp-content\/uploads\/2025\/09\/fromage-fest-13-759x500.png\" class=\"attachment-gallery size-gallery\" alt=\"Fromage fest (13)\" data-full-url=\"https:\/\/pokaa.fr\/wp-content\/uploads\/2025\/09\/24\/fromage-fest-13.png\" decoding=\"async\" loading=\"lazy\"  \/>            <\/p>\n<p>                <img width=\"749\" height=\"500\" src=\"https:\/\/www.europesays.com\/fr\/wp-content\/uploads\/2025\/09\/fromage-fest-6-749x500.png\" class=\"attachment-gallery size-gallery\" alt=\"Fromage fest (6)\" data-full-url=\"https:\/\/pokaa.fr\/wp-content\/uploads\/2025\/09\/24\/fromage-fest-6.png\" decoding=\"async\" loading=\"lazy\"  \/>            <\/p>\n<p>                <img width=\"766\" height=\"500\" src=\"https:\/\/www.europesays.com\/fr\/wp-content\/uploads\/2025\/09\/fromage-fest-5-766x500.png\" class=\"attachment-gallery size-gallery\" alt=\"Fromage fest (5)\" data-full-url=\"https:\/\/pokaa.fr\/wp-content\/uploads\/2025\/09\/24\/fromage-fest-5.png\" decoding=\"async\" loading=\"lazy\"  \/>            <\/p>\n<p>                    \u00a9 \u00c9ph\u00e9m\u00e8re Organisation \/ Captures d&rsquo;\u00e9cran<\/p>\n<p>C\u00f4t\u00e9 desserts, on n\u2019est pas en reste. Parce que oui, le fromage s\u2019invite dans vos assiettes jusqu\u2019au bout\u00a0! Vous pourrez d\u00e9guster<strong> des tiramisus, de la panna cotta ou encore des cheesecakes.<\/strong><\/p>\n<p>Et parce que les vibes de No\u00ebl pointent le bout de leur nez, vous pourrez savourer <strong>barbapapa, cr\u00eapes et gaufres,<\/strong> tandis qu\u2019un stand de <strong>vin et jus chauds<\/strong> sera sur place pour r\u00e9chauffer vos petits c\u0153urs, accompagn\u00e9 d\u2019un <strong>large choix de bi\u00e8res locales.<\/strong><\/p>\n<p><strong>On salive d\u2019avance\u00a0: vous venez aussi\u00a0?<\/strong><\/p>\n<p>                <img width=\"756\" height=\"500\" src=\"https:\/\/www.europesays.com\/fr\/wp-content\/uploads\/2025\/09\/fromage-fest-9-756x500.png\" class=\"attachment-gallery size-gallery\" alt=\"Fromage fest (9)\" data-full-url=\"https:\/\/pokaa.fr\/wp-content\/uploads\/2025\/09\/24\/fromage-fest-9.png\" decoding=\"async\" loading=\"lazy\"  \/>            <\/p>\n<p>                <img width=\"754\" height=\"500\" src=\"https:\/\/www.europesays.com\/fr\/wp-content\/uploads\/2025\/09\/fromage-fest-11-754x500.png\" class=\"attachment-gallery size-gallery\" alt=\"Fromage fest (11)\" data-full-url=\"https:\/\/pokaa.fr\/wp-content\/uploads\/2025\/09\/24\/fromage-fest-11.png\" decoding=\"async\" loading=\"lazy\"  \/>            <\/p>\n<p>                <img width=\"768\" height=\"500\" src=\"https:\/\/www.europesays.com\/fr\/wp-content\/uploads\/2025\/09\/fromage-fest-8-768x500.png\" class=\"attachment-gallery size-gallery\" alt=\"Fromage fest (8)\" data-full-url=\"https:\/\/pokaa.fr\/wp-content\/uploads\/2025\/09\/24\/fromage-fest-8.png\" decoding=\"async\" loading=\"lazy\"  \/>            <\/p>\n<p>                    \u00a9 \u00c9ph\u00e9m\u00e8re Organisation \/ Captures d&rsquo;\u00e9cran<\/p>\n<p>            Fromage Fest 3e \u00e9dition<\/p>\n<p>            Quoi ? <\/p>\n<p>Festival autour du fromage<\/p>\n<p>                Quand ?<\/p>\n<p>Le 4 octobre de 18h \u00e0 22h<br \/>Le 5 octobre de 11h \u00e0 21h<\/p>\n<p>            o\u00f9 ?<\/p>\n<p>Place Jean-Hans Arp, \u00e0 Strasbourg<\/p>\n<p>                Plus d&rsquo;infos ?<\/p>\n<p><a href=\"https:\/\/www.facebook.com\/events\/place-jean-hans-arp-67000-strasbourg\/fromage-fest-strasbourg-2025\/773378585656509\/\" target=\"_blank\" rel=\"noopener\">L\u2019\u00e9v\u00e9nement Facebook<\/a><br \/><a href=\"https:\/\/www.instagram.com\/ephemere_food_festivals\/\" target=\"_blank\" rel=\"noopener\">Page Instagram d\u2019\u00c9ph\u00e9m\u00e8re Organisation<\/a><br \/><a href=\"https:\/\/ephemere-organisation.com\/\" target=\"_blank\" rel=\"noopener\">Site web d\u2019\u00c9ph\u00e9m\u00e8re Organisation<\/a><\/p>\n<p><script async src=\"\/\/www.instagram.com\/embed.js\"><\/script><\/p>\n","protected":false},"excerpt":{"rendered":"Accueil \/ Sorties \/ Raclette, fondue et poutine : \u00e0 Strasbourg, le Fromage Fest revient dans 7 jours&hellip;\n","protected":false},"author":2,"featured_media":420444,"comment_status":"","ping_status":"","sticky":false,"template":"","format":"standard","meta":{"footnotes":""},"categories":[2820],"tags":[1111,11,1777,674,1011,27,54960,775,54961,12,54962,25,640,54963],"class_list":{"0":"post-420443","1":"post","2":"type-post","3":"status-publish","4":"format-standard","5":"has-post-thumbnail","7":"category-strasbourg","8":"tag-actu","9":"tag-actualites","10":"tag-eu","11":"tag-europe","12":"tag-fr","13":"tag-france","14":"tag-fromage-fest","15":"tag-grand-est","16":"tag-mamcs","17":"tag-news","18":"tag-raclette","19":"tag-republique-francaise","20":"tag-strasbourg","21":"tag-tarte-flambee"},"share_on_mastodon":{"url":"https:\/\/pubeurope.com\/@fr\/115274067378669905","error":""},"_links":{"self":[{"href":"https:\/\/www.europesays.com\/fr\/wp-json\/wp\/v2\/posts\/420443","targetHints":{"allow":["GET"]}}],"collection":[{"href":"https:\/\/www.europesays.com\/fr\/wp-json\/wp\/v2\/posts"}],"about":[{"href":"https:\/\/www.europesays.com\/fr\/wp-json\/wp\/v2\/types\/post"}],"author":[{"embeddable":true,"href":"https:\/\/www.europesays.com\/fr\/wp-json\/wp\/v2\/users\/2"}],"replies":[{"embeddable":true,"href":"https:\/\/www.europesays.com\/fr\/wp-json\/wp\/v2\/comments?post=420443"}],"version-history":[{"count":0,"href":"https:\/\/www.europesays.com\/fr\/wp-json\/wp\/v2\/posts\/420443\/revisions"}],"wp:featuredmedia":[{"embeddable":true,"href":"https:\/\/www.europesays.com\/fr\/wp-json\/wp\/v2\/media\/420444"}],"wp:attachment":[{"href":"https:\/\/www.europesays.com\/fr\/wp-json\/wp\/v2\/media?parent=420443"}],"wp:term":[{"taxonomy":"category","embeddable":true,"href":"https:\/\/www.europesays.com\/fr\/wp-json\/wp\/v2\/categories?post=420443"},{"taxonomy":"post_tag","embeddable":true,"href":"https:\/\/www.europesays.com\/fr\/wp-json\/wp\/v2\/tags?post=420443"}],"curies":[{"name":"wp","href":"https:\/\/api.w.org\/{rel}","templated":true}]}}