{"id":420451,"date":"2025-09-27T03:13:23","date_gmt":"2025-09-27T03:13:23","guid":{"rendered":"https:\/\/www.europesays.com\/fr\/420451\/"},"modified":"2025-09-27T03:13:23","modified_gmt":"2025-09-27T03:13:23","slug":"un-temoin-lui-porte-secours","status":"publish","type":"post","link":"https:\/\/www.europesays.com\/fr\/420451\/","title":{"rendered":"un t\u00e9moin lui porte secours"},"content":{"rendered":"<p>            Par<br \/>\n        <strong><br \/>\n            <a href=\"https:\/\/actu.fr\/auteur\/clemence-pays02-actu-fr\" title=\"Consulter tous les articles de Cl\u00e9mence Pays\" rel=\"nofollow noopener\" target=\"_blank\">Cl\u00e9mence Pays<\/a><br \/>\n        <\/strong><\/p>\n<p>        Publi\u00e9 le<\/p>\n<p>            26 sept. 2025 \u00e0 14h53        <\/p>\n<p>Vendredi 26 septembre 2025, les sapeurs-pompiers ont \u00e9t\u00e9 mobilis\u00e9s, quai Ceineray \u00e0 Nantes, \u00e0 10h51, pour venir en aide \u00e0 <strong>une femme \u00ab\u00a0sortie de l\u2019Erdre par un t\u00e9moin\u00a0\u00bb.\u00a0<\/strong><\/p>\n<p class=\" wall-content\">La victime, \u00e2g\u00e9e de<strong> 64 ans,<\/strong> est \u00ab\u00a0bless\u00e9e l\u00e9ger\u00a0\u00bb, selon le Centre op\u00e9rationnel d\u00e9partemental d\u2019incendie et de secours (Codis).\u00a0<\/p>\n<p>Transport\u00e9e pour un examen m\u00e9dical<\/p>\n<p class=\" wall-content\">La sexag\u00e9naire a pu \u00eatre prise en charge rapidement et transport\u00e9e pour un <strong>examen m\u00e9dical<\/strong> par le Smur (Structure mobile d\u2019urgence et de r\u00e9animation).<\/p>\n<p class=\" wall-content\">Au total, douze sapeurs-pompiers \u00e9taient mobilis\u00e9s aux c\u00f4t\u00e9 de la police nationale.<\/p>\n<p class=\" wall-content\">Personnalisez votre actualit\u00e9 en ajoutant vos villes et m\u00e9dias en favori avec <a href=\"https:\/\/moncompte.actu.fr\" title=\"D\u00e9couvez Mon Actu\" rel=\"nofollow noopener\" data-trk=\"{&quot;cta&quot;:{&quot;action&quot;:&quot;https:\\\/\\\/moncompte.actu.fr&quot;,&quot;category&quot;:&quot;mon compte&quot;,&quot;from&quot;:&quot;article footer&quot;,&quot;name&quot;:&quot;Mon actu&quot;,&quot;type&quot;:&quot;cta&quot;}}\" target=\"_blank\">Mon Actu<\/a>.<\/p>\n","protected":false},"excerpt":{"rendered":"Par Cl\u00e9mence Pays Publi\u00e9 le 26 sept. 2025 \u00e0 14h53 Vendredi 26 septembre 2025, les sapeurs-pompiers ont \u00e9t\u00e9&hellip;\n","protected":false},"author":2,"featured_media":420452,"comment_status":"","ping_status":"","sticky":false,"template":"","format":"standard","meta":{"footnotes":""},"categories":[2818],"tags":[1111,11,1777,674,118,1011,27,766,12,2636,1311,25],"class_list":{"0":"post-420451","1":"post","2":"type-post","3":"status-publish","4":"format-standard","5":"has-post-thumbnail","7":"category-nantes","8":"tag-actu","9":"tag-actualites","10":"tag-eu","11":"tag-europe","12":"tag-faits-divers","13":"tag-fr","14":"tag-france","15":"tag-nantes","16":"tag-news","17":"tag-pays-de-la-loire","18":"tag-pompiers","19":"tag-republique-francaise"},"share_on_mastodon":{"url":"https:\/\/pubeurope.com\/@fr\/115274082148935141","error":""},"_links":{"self":[{"href":"https:\/\/www.europesays.com\/fr\/wp-json\/wp\/v2\/posts\/420451","targetHints":{"allow":["GET"]}}],"collection":[{"href":"https:\/\/www.europesays.com\/fr\/wp-json\/wp\/v2\/posts"}],"about":[{"href":"https:\/\/www.europesays.com\/fr\/wp-json\/wp\/v2\/types\/post"}],"author":[{"embeddable":true,"href":"https:\/\/www.europesays.com\/fr\/wp-json\/wp\/v2\/users\/2"}],"replies":[{"embeddable":true,"href":"https:\/\/www.europesays.com\/fr\/wp-json\/wp\/v2\/comments?post=420451"}],"version-history":[{"count":0,"href":"https:\/\/www.europesays.com\/fr\/wp-json\/wp\/v2\/posts\/420451\/revisions"}],"wp:featuredmedia":[{"embeddable":true,"href":"https:\/\/www.europesays.com\/fr\/wp-json\/wp\/v2\/media\/420452"}],"wp:attachment":[{"href":"https:\/\/www.europesays.com\/fr\/wp-json\/wp\/v2\/media?parent=420451"}],"wp:term":[{"taxonomy":"category","embeddable":true,"href":"https:\/\/www.europesays.com\/fr\/wp-json\/wp\/v2\/categories?post=420451"},{"taxonomy":"post_tag","embeddable":true,"href":"https:\/\/www.europesays.com\/fr\/wp-json\/wp\/v2\/tags?post=420451"}],"curies":[{"name":"wp","href":"https:\/\/api.w.org\/{rel}","templated":true}]}}