{"id":420455,"date":"2025-09-27T03:15:25","date_gmt":"2025-09-27T03:15:25","guid":{"rendered":"https:\/\/www.europesays.com\/fr\/420455\/"},"modified":"2025-09-27T03:15:25","modified_gmt":"2025-09-27T03:15:25","slug":"toolzy-veut-une-place-parmi-les-sites-de-location-entre-particuliers","status":"publish","type":"post","link":"https:\/\/www.europesays.com\/fr\/420455\/","title":{"rendered":"Toolzy veut une place parmi les sites de location entre particuliers"},"content":{"rendered":"<p>Innovation<\/p>\n<p>vendredi 26 septembre  2025<\/p>\n<p class=\"legende\">\n\t\t\t\t\t\t\t\t\tSimon Duch\u00e8ne a lanc\u00e9 la premi\u00e8re version de sa plateforme en avril dernier. Cr\u00e9dits : MBC\n\t\t\t\t\t\t\t\t<\/p>\n<p class=\"excerpt\">Lanc\u00e9e \u00e0 Bordeaux en avril dernier, la plateforme Toolzy propose aux particuliers de louer du mat\u00e9riel de bricolage ou de jardinage pr\u00e8s de chez eux. Une marketplace comme il en existe d\u00e9j\u00e0, mais que son fondateur entend enrichir de fonctionnalit\u00e9s pour faire la diff\u00e9rence.<\/p>\n<p>Cet article premium vous int\u00e9resse ?<\/p>\n<p>Rejoignez nos 1000 adh\u00e9rents<\/p>\n<p>\n\t\t\t\t\t\t\t\t\t\t\t\t\t\tGagnez en visibilit\u00e9 et profitez d\u2019un r\u00e9seau de plusieurs centaines d\u2019adh\u00e9rents.\n\t\t\t\t\t\t\t\t\t\t\t\t\t<\/p>\n","protected":false},"excerpt":{"rendered":"Innovation vendredi 26 septembre 2025 Simon Duch\u00e8ne a lanc\u00e9 la premi\u00e8re version de sa plateforme en avril dernier.&hellip;\n","protected":false},"author":2,"featured_media":420456,"comment_status":"","ping_status":"","sticky":false,"template":"","format":"standard","meta":{"footnotes":""},"categories":[2817],"tags":[1111,11,1997,1777,674,1011,27,12,2219,5645,25],"class_list":{"0":"post-420455","1":"post","2":"type-post","3":"status-publish","4":"format-standard","5":"has-post-thumbnail","7":"category-bordeaux","8":"tag-actu","9":"tag-actualites","10":"tag-bordeaux","11":"tag-eu","12":"tag-europe","13":"tag-fr","14":"tag-france","15":"tag-news","16":"tag-nouvelle-aquitaine","17":"tag-placco-placeco","18":"tag-republique-francaise"},"share_on_mastodon":{"url":"https:\/\/pubeurope.com\/@fr\/115274090006179984","error":""},"_links":{"self":[{"href":"https:\/\/www.europesays.com\/fr\/wp-json\/wp\/v2\/posts\/420455","targetHints":{"allow":["GET"]}}],"collection":[{"href":"https:\/\/www.europesays.com\/fr\/wp-json\/wp\/v2\/posts"}],"about":[{"href":"https:\/\/www.europesays.com\/fr\/wp-json\/wp\/v2\/types\/post"}],"author":[{"embeddable":true,"href":"https:\/\/www.europesays.com\/fr\/wp-json\/wp\/v2\/users\/2"}],"replies":[{"embeddable":true,"href":"https:\/\/www.europesays.com\/fr\/wp-json\/wp\/v2\/comments?post=420455"}],"version-history":[{"count":0,"href":"https:\/\/www.europesays.com\/fr\/wp-json\/wp\/v2\/posts\/420455\/revisions"}],"wp:featuredmedia":[{"embeddable":true,"href":"https:\/\/www.europesays.com\/fr\/wp-json\/wp\/v2\/media\/420456"}],"wp:attachment":[{"href":"https:\/\/www.europesays.com\/fr\/wp-json\/wp\/v2\/media?parent=420455"}],"wp:term":[{"taxonomy":"category","embeddable":true,"href":"https:\/\/www.europesays.com\/fr\/wp-json\/wp\/v2\/categories?post=420455"},{"taxonomy":"post_tag","embeddable":true,"href":"https:\/\/www.europesays.com\/fr\/wp-json\/wp\/v2\/tags?post=420455"}],"curies":[{"name":"wp","href":"https:\/\/api.w.org\/{rel}","templated":true}]}}