{"id":420457,"date":"2025-09-27T03:16:29","date_gmt":"2025-09-27T03:16:29","guid":{"rendered":"https:\/\/www.europesays.com\/fr\/420457\/"},"modified":"2025-09-27T03:16:29","modified_gmt":"2025-09-27T03:16:29","slug":"le-pont-simone-veil-accueille-son-premier-gros-evenement-avec-un-festival-de-cinema","status":"publish","type":"post","link":"https:\/\/www.europesays.com\/fr\/420457\/","title":{"rendered":"Le pont Simone-Veil accueille son premier gros \u00e9v\u00e9nement avec un festival de cin\u00e9ma"},"content":{"rendered":"<p>\u00ab\u00a0\u00c7a a \u00e9t\u00e9 une surprise de voir un film sur un pont\u00a0\u00bb, raconte Alo\u00efs. \u00ab\u00a0C\u2019\u00e9tait bizarre d\u2019\u00eatre dans un camion. En entrant, je croyais qu\u2019il y aurait une t\u00e9l\u00e9 avec des tapis par terre\u00a0\u00bb, compl\u00e8te Norah. Tous deux ont 6\u00a0ans, sont en CP \u00e0 l\u2019\u00e9cole Pierre-et-Marie-Curie de Floirac, et ils ont fait partie, ce vendredi 26\u00a0septembre, des premiers spectateurs du Fifaac, le Festival international du film d\u2019architecture et des aventures constructives, dont la premi\u00e8re partie se d\u00e9roule jusqu\u2019au dimanche\u00a028 sur le pont Simone-Veil.<\/p>\n<p>Cet \u00e9v\u00e9nement qui relie le cin\u00e9ma \u00e0 l\u2019architecture et l\u2019urbanisme f\u00eate sa dixi\u00e8me \u00e9dition en 2025, \u00ab\u00a0et on a trouv\u00e9 int\u00e9ressant de l\u2019organiser dans un endroit qui est lui-m\u00eame\u00a0une r\u00e9alisation architecturale\u00a0\u00bb, sourit le fondateur, Jean-Marie Bertineau. Il a d\u2019abord \u00e9t\u00e9 question de le faire en ext\u00e9rieur, \u00ab\u00a0mais, avec le risque de coups de vent, c\u2019\u00e9tait compliqu\u00e9 d\u2019installer un \u00e9cran g\u00e9ant et de fermer la circulation, explique Dominique No\u00ebl, co-programmateur. Et puis, on ne pouvait pas accueillir plus de 5\u00a0000\u00a0personnes sur cet \u00e9difice qui est bouch\u00e9 aux deux extr\u00e9mit\u00e9s\u00a0\u00bb.<\/p>\n<p>        <img decoding=\"async\" id=\"26092773\" src=\"https:\/\/www.europesays.com\/fr\/wp-content\/uploads\/2025\/09\/20250926-115301.jpg\" alt=\"Jean-Marie Bertineau et Dominique No\u00ebl devant le cin\u00e9mobile install\u00e9 pour un week-end sur le pont Simone-Veil.\" itemprop=\"contentURL\"\/><\/p>\n<p>    Jean-Marie Bertineau et Dominique No\u00ebl devant le cin\u00e9mobile install\u00e9 pour un week-end sur le pont Simone-Veil.<\/p>\n<p>Ch.\u00a0L.<\/p>\n<p>C\u2019est donc le plan\u00a0B qui a \u00e9t\u00e9 choisi\u00a0: un camion dont la remorque est dot\u00e9e d\u2019un \u00e9cran et d\u2019une centaine de si\u00e8ges, comme un cin\u00e9ma ambulant. \u00ab\u00a0On a trouv\u00e9 cet \u00e9quipement en Centre-Val-de-Loire, o\u00f9 la R\u00e9gion l\u2019utilise pour des projections dans des endroits o\u00f9 il n\u2019y a plus de cin\u00e9ma\u00a0\u00bb, reprend Jean-Marie Bertineau. Baptis\u00e9 \u00ab\u00a0cin\u00e9mobile\u00a0\u00bb, il ressemble \u00e0 une salle de cin\u00e9ma classique une fois qu\u2019on a franchi les deux portes qui forment un sas par rapport aux bruits du dehors. M\u00eame grand \u00e9cran, m\u00eame qualit\u00e9 sonore, m\u00eames fauteuils rouges\u2026<\/p>\n<p>Des films sur les ponts et l\u2019eau<\/p>\n<p>C\u2019est l\u00e0 que neuf s\u00e9ances sont programm\u00e9es samedi\u00a027 et dimanche 28\u00a0septembre, sur le th\u00e8me des ponts et de l\u2019eau. Des documentaires, comme ceux tourn\u00e9s sur les architectes Gustave Eiffel et Rem Koolhaas, concepteur du pont Simone-Veil (samedi \u00e0 14\u00a0heures), un programme jeune public (samedi \u00e0 11\u00a0heures) et surtout, des fictions comme \u00ab\u00a0The Host\u00a0\u00bb (dimanche \u00e0 16\u00a0h\u00a030) ou le rare \u00ab\u00a0L\u2019Atalante\u00a0\u00bb, de Jean Vigo (dimanche \u00e0\u00a011\u00a0heures).<\/p>\n<p>Pour combien de spectateurs\u00a0? Les tarifs (5 et 7,50\u00a0\u20ac) ne sont en tout cas pas prohibitifs et l\u2019effet de curiosit\u00e9 peut jouer. Apr\u00e8s une <a href=\"https:\/\/www.sudouest.fr\/gironde\/bordeaux\/a-bordeaux-une-soiree-house-et-techno-en-guise-de-premier-evenement-sur-le-pont-simone-veil-25189068.php\" target=\"_blank\" rel=\"follow nofollow noopener\">soir\u00e9e DJ\u2019s en juillet 2025<\/a>, ce sera le premier gros \u00e9v\u00e9nement organis\u00e9 sur ce pont.<\/p>\n","protected":false},"excerpt":{"rendered":"\u00ab\u00a0\u00c7a a \u00e9t\u00e9 une surprise de voir un film sur un pont\u00a0\u00bb, raconte Alo\u00efs. \u00ab\u00a0C\u2019\u00e9tait bizarre d\u2019\u00eatre dans&hellip;\n","protected":false},"author":2,"featured_media":420458,"comment_status":"","ping_status":"","sticky":false,"template":"","format":"standard","meta":{"footnotes":""},"categories":[2817],"tags":[1111,11,1997,1777,674,1011,27,12,2219,25],"class_list":{"0":"post-420457","1":"post","2":"type-post","3":"status-publish","4":"format-standard","5":"has-post-thumbnail","7":"category-bordeaux","8":"tag-actu","9":"tag-actualites","10":"tag-bordeaux","11":"tag-eu","12":"tag-europe","13":"tag-fr","14":"tag-france","15":"tag-news","16":"tag-nouvelle-aquitaine","17":"tag-republique-francaise"},"share_on_mastodon":{"url":"https:\/\/pubeurope.com\/@fr\/115274094025745397","error":""},"_links":{"self":[{"href":"https:\/\/www.europesays.com\/fr\/wp-json\/wp\/v2\/posts\/420457","targetHints":{"allow":["GET"]}}],"collection":[{"href":"https:\/\/www.europesays.com\/fr\/wp-json\/wp\/v2\/posts"}],"about":[{"href":"https:\/\/www.europesays.com\/fr\/wp-json\/wp\/v2\/types\/post"}],"author":[{"embeddable":true,"href":"https:\/\/www.europesays.com\/fr\/wp-json\/wp\/v2\/users\/2"}],"replies":[{"embeddable":true,"href":"https:\/\/www.europesays.com\/fr\/wp-json\/wp\/v2\/comments?post=420457"}],"version-history":[{"count":0,"href":"https:\/\/www.europesays.com\/fr\/wp-json\/wp\/v2\/posts\/420457\/revisions"}],"wp:featuredmedia":[{"embeddable":true,"href":"https:\/\/www.europesays.com\/fr\/wp-json\/wp\/v2\/media\/420458"}],"wp:attachment":[{"href":"https:\/\/www.europesays.com\/fr\/wp-json\/wp\/v2\/media?parent=420457"}],"wp:term":[{"taxonomy":"category","embeddable":true,"href":"https:\/\/www.europesays.com\/fr\/wp-json\/wp\/v2\/categories?post=420457"},{"taxonomy":"post_tag","embeddable":true,"href":"https:\/\/www.europesays.com\/fr\/wp-json\/wp\/v2\/tags?post=420457"}],"curies":[{"name":"wp","href":"https:\/\/api.w.org\/{rel}","templated":true}]}}