{"id":420459,"date":"2025-09-27T03:17:13","date_gmt":"2025-09-27T03:17:13","guid":{"rendered":"https:\/\/www.europesays.com\/fr\/420459\/"},"modified":"2025-09-27T03:17:13","modified_gmt":"2025-09-27T03:17:13","slug":"la-gauche-se-divise-a-cugnaux","status":"publish","type":"post","link":"https:\/\/www.europesays.com\/fr\/420459\/","title":{"rendered":"la gauche se divise \u00e0 Cugnaux"},"content":{"rendered":"<p>            Par<br \/>\n        <strong><br \/>\n            <a href=\"https:\/\/actu.fr\/auteur\/anaelle-montagne\" title=\"Consulter tous les articles de Anaelle Montagne\" rel=\"nofollow noopener\" target=\"_blank\">Anaelle Montagne<\/a><br \/>\n        <\/strong><\/p>\n<p>        Publi\u00e9 le<\/p>\n<p>            26 sept. 2025 \u00e0 20h02        <\/p>\n<p>Les \u00e9lections municipales 2026 approchent \u00e0 grands pas et \u00e0 <strong><a href=\"https:\/\/actu.fr\/occitanie\/cugnaux_31157\" rel=\"nofollow noopener\" target=\"_blank\">Cugnaux<\/a><\/strong> (Haute-Garonne), les listes de gauche se multiplient. Cette ville de <strong>20 000 habitants<\/strong>, au sud-ouest de Toulouse, en d\u00e9nombre d\u00e9sormais trois. Apr\u00e8s <a href=\"https:\/\/actu.fr\/occitanie\/cugnaux_31157\/municipales-2026-cugnaux-a-besoin-d-un-maire-experimente-albert-sanchez-candidat-a-sa-reelection_62778906.html\" rel=\"nofollow noopener\" target=\"_blank\">la liste port\u00e9e par le maire sortant Albert Sanchez<\/a> (Cap Citoyen), \u00e0 laquelle doit venir s\u2019opposer celle de plusieurs membres de l\u2019ex-majorit\u00e9 qui a implos\u00e9 (Cugnaux ose), <strong>place d\u00e9sormais \u00e0 une troisi\u00e8me liste<\/strong> : Vivons Cugnaux.<\/p>\n<p>Un ancien champion de France de karat\u00e9<\/p>\n<p class=\" wall-content\">Elle sera men\u00e9e par<strong> Fabrice Granville<\/strong>, \u00e9lu au Parti socialiste, architecte et ancien <strong>champion de France\u2026<\/strong> de karat\u00e9. L\u2019annonce de sa candidature officialise ainsi le fait que <strong>le PS ne rejoindra pas<\/strong> la liste Cap Citoyen du premier magistrat.\u00a0<\/p>\n<p>    <a href=\"https:\/\/www.google.com\/maps\/embed?pb=!1m18!1m12!1m3!1d23135.77005670725!2d1.3225074607442693!3d43.54464105011262!2m3!1f0!2f0!3f0!3m2!1i1024!2i768!4f13.1!3m3!1m2!1s0x12aeb737421a07f7%3A0x406f69c2f4128e0!2sCugnaux!5e0!3m2!1sen!2sfr!4v1758894381271!5m2!1sen!2sfr\" title=\"Ouvrie le lien\" rel=\"nofollow noopener\" target=\"_blank\">Cliquez ici pour visualiser le contenu<\/a><\/p>\n<p>La gauche d\u00e9sunie<\/p>\n<p class=\" wall-content\">L\u2019union de la gauche, Fabrice Granville l\u2019a esp\u00e9r\u00e9e. Il dit avoir \u00ab\u00a0souhait\u00e9 <strong>rassembler l\u2019ensemble des forces de gauche<\/strong> autour d\u2019un projet commun pour Cugnaux\u00a0\u00bb. En vain.<\/p>\n<p class=\" wall-content\">\u00ab\u00a0J\u2019ai fait de l\u2019unit\u00e9 une priorit\u00e9, car je suis convaincu que la gauche est plus forte lorsqu\u2019elle agit ensemble. Mais<strong> \u00e0 d\u00e9faut de rassemblement<\/strong>, je prends aujourd\u2019hui mes responsabilit\u00e9s en pr\u00e9sentant ma candidature\u00a0\u00bb, tranche le candidat.<\/p>\n<p>Vid\u00e9os : en ce moment sur ActuQui est Fabrice Granville ?<\/p>\n<p>\u00c2g\u00e9 de 50 ans environ, le candidat PS est n\u00e9 \u00e0 Fort-de-France \u00ab\u00a0\u00e0 la fin des ann\u00e9es 70\u00a0\u00bb, indique son \u00e9quipe de campagne, sans plus de d\u00e9tail. Il occupait jusqu&rsquo;ici des r\u00f4les internes \u00e0 son parti politique. Il est le secr\u00e9taire de la section socialiste de la ville depuis 2021 et le secr\u00e9taire f\u00e9d\u00e9ral au cadre de vie et \u00e0 l&rsquo;urbanisme, depuis 2022.\u00a0Il est architecte de profession.<\/p>\n<p>Ce que d\u00e9fend la liste Vivons Cugnaux<\/p>\n<p class=\" wall-content\">Le candidat aux municipales veut construire \u00ab\u00a0une ville qui incarne trois valeurs essentielles : le <strong>vivre ensemble<\/strong>, le <strong>dynamisme<\/strong> et la <strong>transparence<\/strong>\u00ab\u00a0, tout en donnant \u00e0 Cugnaux \u00ab\u00a0un nouvel \u00e9lan\u00a0\u00bb.\u00a0<\/p>\n<p>Votre r\u00e9gion, votre actu !<\/p>\n<p>Recevez chaque jour les infos qui comptent pour vous.<\/p>\n<p>\t<a href=\"https:\/\/actu.fr\/newsletter\" class=\"ac-btn ac-btn--corner ac-btn--medium ac-btn--blue800\" rel=\"nofollow noopener\" target=\"_blank\">S&rsquo;incrire<\/a><\/p>\n<p class=\" wall-content\">Vivons Cugnaux entend \u00ab\u00a0renforcer la qualit\u00e9 de vie, d\u00e9velopper l\u2019attractivit\u00e9 \u00e9conomique, promouvoir la solidarit\u00e9, garantir la s\u00e9curit\u00e9 de toutes et tous et acc\u00e9l\u00e9rer la transition \u00e9cologique\u00a0\u00bb.<\/p>\n<p class=\" wall-content\">L\u2019\u00e9quipe <strong>r\u00e9servera <\/strong>\u00e9galement <strong>plusieurs places de sa liste municipale<\/strong> \u00ab\u00a0\u00e0 des habitantes et habitants qui souhaitent s\u2019impliquer activement dans ce projet pour leur ville\u00a0\u00bb.<\/p>\n<p class=\" wall-content\">Personnalisez votre actualit\u00e9 en ajoutant vos villes et m\u00e9dias en favori avec <a href=\"https:\/\/moncompte.actu.fr\" title=\"D\u00e9couvez Mon Actu\" rel=\"nofollow noopener\" data-trk=\"{&quot;cta&quot;:{&quot;action&quot;:&quot;https:\\\/\\\/moncompte.actu.fr&quot;,&quot;category&quot;:&quot;mon compte&quot;,&quot;from&quot;:&quot;article footer&quot;,&quot;name&quot;:&quot;Mon actu&quot;,&quot;type&quot;:&quot;cta&quot;}}\" target=\"_blank\">Mon Actu<\/a>.<\/p>\n","protected":false},"excerpt":{"rendered":"Par Anaelle Montagne Publi\u00e9 le 26 sept. 2025 \u00e0 20h02 Les \u00e9lections municipales 2026 approchent \u00e0 grands pas&hellip;\n","protected":false},"author":2,"featured_media":420460,"comment_status":"","ping_status":"","sticky":false,"template":"","format":"standard","meta":{"footnotes":""},"categories":[2816],"tags":[1111,11,4188,1777,674,1011,27,3434,12,2680,316,25,2312],"class_list":{"0":"post-420459","1":"post","2":"type-post","3":"status-publish","4":"format-standard","5":"has-post-thumbnail","7":"category-toulouse","8":"tag-actu","9":"tag-actualites","10":"tag-elections-municipales","11":"tag-eu","12":"tag-europe","13":"tag-fr","14":"tag-france","15":"tag-municipales-2026","16":"tag-news","17":"tag-occitanie","18":"tag-politique","19":"tag-republique-francaise","20":"tag-toulouse"},"share_on_mastodon":{"url":"https:\/\/pubeurope.com\/@fr\/115274097915438881","error":""},"_links":{"self":[{"href":"https:\/\/www.europesays.com\/fr\/wp-json\/wp\/v2\/posts\/420459","targetHints":{"allow":["GET"]}}],"collection":[{"href":"https:\/\/www.europesays.com\/fr\/wp-json\/wp\/v2\/posts"}],"about":[{"href":"https:\/\/www.europesays.com\/fr\/wp-json\/wp\/v2\/types\/post"}],"author":[{"embeddable":true,"href":"https:\/\/www.europesays.com\/fr\/wp-json\/wp\/v2\/users\/2"}],"replies":[{"embeddable":true,"href":"https:\/\/www.europesays.com\/fr\/wp-json\/wp\/v2\/comments?post=420459"}],"version-history":[{"count":0,"href":"https:\/\/www.europesays.com\/fr\/wp-json\/wp\/v2\/posts\/420459\/revisions"}],"wp:featuredmedia":[{"embeddable":true,"href":"https:\/\/www.europesays.com\/fr\/wp-json\/wp\/v2\/media\/420460"}],"wp:attachment":[{"href":"https:\/\/www.europesays.com\/fr\/wp-json\/wp\/v2\/media?parent=420459"}],"wp:term":[{"taxonomy":"category","embeddable":true,"href":"https:\/\/www.europesays.com\/fr\/wp-json\/wp\/v2\/categories?post=420459"},{"taxonomy":"post_tag","embeddable":true,"href":"https:\/\/www.europesays.com\/fr\/wp-json\/wp\/v2\/tags?post=420459"}],"curies":[{"name":"wp","href":"https:\/\/api.w.org\/{rel}","templated":true}]}}