{"id":420461,"date":"2025-09-27T03:18:16","date_gmt":"2025-09-27T03:18:16","guid":{"rendered":"https:\/\/www.europesays.com\/fr\/420461\/"},"modified":"2025-09-27T03:18:16","modified_gmt":"2025-09-27T03:18:16","slug":"quel-temps-va-t-il-faire-ce-week-end-a-toulouse-et-en-occitanie","status":"publish","type":"post","link":"https:\/\/www.europesays.com\/fr\/420461\/","title":{"rendered":"Quel temps va-t-il faire ce week-end \u00e0 Toulouse et en Occitanie\u00a0?"},"content":{"rendered":"<p>            Par<br \/>\n        <strong><br \/>\n            <a href=\"https:\/\/actu.fr\/auteur\/redaction-toulouse\" title=\"Consulter tous les articles de R\u00e9daction de Toulouse\" rel=\"nofollow noopener\" target=\"_blank\">R\u00e9daction de Toulouse<\/a><br \/>\n        <\/strong><\/p>\n<p>        Publi\u00e9 le<\/p>\n<p>            27 sept. 2025 \u00e0 5h04        <\/p>\n<p>Apr\u00e8s une semaine de grisaille \u2013 mais du soleil dans le ciel toulousain ce vendredi 26\u00a0septembre \u2013<strong> le temps s\u2019annonce mitig\u00e9<\/strong> dans <a href=\"https:\/\/actu.fr\/toulouse\/\" rel=\"nofollow noopener\" target=\"_blank\">la Ville rose<\/a> et dans les d\u00e9partements voisins, le week-end des 26 et 28\u00a0septembre.<\/p>\n<p>\u00c0 Toulouse<\/p>\n<p class=\" wall-content\">Le samedi, <strong>le ciel sera voil\u00e9<\/strong> dans la matin\u00e9e avec 13 degr\u00e9s attendus \u00e0 Toulouse. Des \u00e9claircies poindront ensuite l\u2019apr\u00e8s-midi, sous 20 degr\u00e9s avec un vent quasi absent. Si vous voulez profiter de l\u2019ext\u00e9rieur, c\u2019est donc le meilleur jour pour le faire.<\/p>\n<p>    <img   decoding=\"async\" loading=\"lazy\" src=\"https:\/\/www.europesays.com\/fr\/wp-content\/uploads\/2025\/09\/meteo-samedi-toulouse-oui-oui-960x640.jpg\" alt=\"Le temps sera cl\u00e9ment ce samedi \u00e0 Toulouse.\" width=\"960\" height=\"640\"\/><br \/>\n    Le temps sera cl\u00e9ment ce samedi \u00e0 Toulouse. (\u00a9M\u00e9t\u00e9o France)<\/p>\n<p class=\" wall-content\">Car ce dimanche s\u2019annonce<strong> tr\u00e8s nuageux<\/strong>, toute la journ\u00e9e, dans la Ville rose. Les temp\u00e9ratures seront cl\u00e9mentes cependant, avec 16 degr\u00e9s le matin et 20, l\u2019apr\u00e8s-midi. Le vent \u00e9pargnera aussi les toulousains.<\/p>\n<p>    <img   decoding=\"async\" loading=\"lazy\" src=\"https:\/\/www.europesays.com\/fr\/wp-content\/uploads\/2025\/09\/meteo-dimanche-toulouse-oui-oui-960x637.jpg\" alt=\"Dimanche gris \u00e0 Toulouse le 28 septembre. \" width=\"960\" height=\"637\"\/><br \/>\n    Dimanche gris \u00e0 Toulouse le 28 septembre. (\u00a9M\u00e9t\u00e9o France)En Occitanie<\/p>\n<p class=\" wall-content\">Le ciel sera tout aussi voil\u00e9 ce samedi dans le reste de la r\u00e9gion, le matin en tout cas. Durant la deuxi\u00e8me moiti\u00e9 de la journ\u00e9e, le Lot, le nord de l\u2019Aveyron (Laguilole), la Loz\u00e8re, le Gers et les Pyr\u00e9n\u00e9es-Orientales afficheront un ciel tr\u00e8s nuageux, indique M\u00e9t\u00e9o France.<\/p>\n<p>Vid\u00e9os : en ce moment sur Actu<br \/>\n    <img   decoding=\"async\" loading=\"lazy\" src=\"https:\/\/www.europesays.com\/fr\/wp-content\/uploads\/2025\/09\/meteo-occitanie-samedi-oui-oui-960x640.jpg\" alt=\"Samedi, ciel voil\u00e9 mais pas de vent dans la r\u00e9gion.\" width=\"960\" height=\"640\"\/><br \/>\n    Samedi, ciel voil\u00e9 mais pas de vent dans la r\u00e9gion. (\u00a9M\u00e9t\u00e9o France)<\/p>\n<p class=\" wall-content\">Il fera 20 degr\u00e9s dans une bonne partie de la r\u00e9gion, mais Font-Romeu affichera 14\u00b0, Laguiole 12\u00b0, tandis que les maximales seront \u00e0 Castres et Tarbes, o\u00f9 il fera 22\u00b0.\u00a0<\/p>\n<p>Votre r\u00e9gion, votre actu !<\/p>\n<p>Recevez chaque jour les infos qui comptent pour vous.<\/p>\n<p>\t<a href=\"https:\/\/actu.fr\/newsletter\" class=\"ac-btn ac-btn--corner ac-btn--medium ac-btn--blue800\" rel=\"nofollow noopener\" target=\"_blank\">S&rsquo;incrire<\/a><\/p>\n<p class=\" wall-content\">Dimanche 28 septembre, sans surprise, toute l\u2019Occitanie sera couverte par un ciel tr\u00e8s nuageux.<\/p>\n<p>    <img   decoding=\"async\" loading=\"lazy\" src=\"https:\/\/www.europesays.com\/fr\/wp-content\/uploads\/2025\/09\/meteo-dimanche-occitanie-oui-oui-960x640.jpg\" alt=\"Le ciel sera tr\u00e8s nuageux dimanche en Occitanie.\" width=\"960\" height=\"640\"\/><br \/>\n    Le ciel sera tr\u00e8s nuageux dimanche en Occitanie. (\u00a9M\u00e9t\u00e9o France)<\/p>\n<p class=\" wall-content\">Il fera 20\u00b0 dans une grande majorit\u00e9 de la r\u00e9gion, sauf tout au nord et tout au sud : Font-Romeu affichera 12 degr\u00e9s, Rodez 16 et Laguiole, 14.\u00a0<\/p>\n<p class=\" wall-content\">Personnalisez votre actualit\u00e9 en ajoutant vos villes et m\u00e9dias en favori avec <a href=\"https:\/\/moncompte.actu.fr\" title=\"D\u00e9couvez Mon Actu\" rel=\"nofollow noopener\" data-trk=\"{&quot;cta&quot;:{&quot;action&quot;:&quot;https:\\\/\\\/moncompte.actu.fr&quot;,&quot;category&quot;:&quot;mon compte&quot;,&quot;from&quot;:&quot;article footer&quot;,&quot;name&quot;:&quot;Mon actu&quot;,&quot;type&quot;:&quot;cta&quot;}}\" target=\"_blank\">Mon Actu<\/a>.<\/p>\n","protected":false},"excerpt":{"rendered":"Par R\u00e9daction de Toulouse Publi\u00e9 le 27 sept. 2025 \u00e0 5h04 Apr\u00e8s une semaine de grisaille \u2013 mais&hellip;\n","protected":false},"author":2,"featured_media":420462,"comment_status":"","ping_status":"","sticky":false,"template":"","format":"standard","meta":{"footnotes":""},"categories":[2816],"tags":[1111,11,1777,674,1011,27,2357,12,2680,25,104,2312],"class_list":{"0":"post-420461","1":"post","2":"type-post","3":"status-publish","4":"format-standard","5":"has-post-thumbnail","7":"category-toulouse","8":"tag-actu","9":"tag-actualites","10":"tag-eu","11":"tag-europe","12":"tag-fr","13":"tag-france","14":"tag-meteo-france","15":"tag-news","16":"tag-occitanie","17":"tag-republique-francaise","18":"tag-societe","19":"tag-toulouse"},"share_on_mastodon":{"url":"https:\/\/pubeurope.com\/@fr\/115274101870058224","error":""},"_links":{"self":[{"href":"https:\/\/www.europesays.com\/fr\/wp-json\/wp\/v2\/posts\/420461","targetHints":{"allow":["GET"]}}],"collection":[{"href":"https:\/\/www.europesays.com\/fr\/wp-json\/wp\/v2\/posts"}],"about":[{"href":"https:\/\/www.europesays.com\/fr\/wp-json\/wp\/v2\/types\/post"}],"author":[{"embeddable":true,"href":"https:\/\/www.europesays.com\/fr\/wp-json\/wp\/v2\/users\/2"}],"replies":[{"embeddable":true,"href":"https:\/\/www.europesays.com\/fr\/wp-json\/wp\/v2\/comments?post=420461"}],"version-history":[{"count":0,"href":"https:\/\/www.europesays.com\/fr\/wp-json\/wp\/v2\/posts\/420461\/revisions"}],"wp:featuredmedia":[{"embeddable":true,"href":"https:\/\/www.europesays.com\/fr\/wp-json\/wp\/v2\/media\/420462"}],"wp:attachment":[{"href":"https:\/\/www.europesays.com\/fr\/wp-json\/wp\/v2\/media?parent=420461"}],"wp:term":[{"taxonomy":"category","embeddable":true,"href":"https:\/\/www.europesays.com\/fr\/wp-json\/wp\/v2\/categories?post=420461"},{"taxonomy":"post_tag","embeddable":true,"href":"https:\/\/www.europesays.com\/fr\/wp-json\/wp\/v2\/tags?post=420461"}],"curies":[{"name":"wp","href":"https:\/\/api.w.org\/{rel}","templated":true}]}}