{"id":420465,"date":"2025-09-27T03:21:18","date_gmt":"2025-09-27T03:21:18","guid":{"rendered":"https:\/\/www.europesays.com\/fr\/420465\/"},"modified":"2025-09-27T03:21:18","modified_gmt":"2025-09-27T03:21:18","slug":"la-100e-foire-de-marseille-a-ouvert-ses-portes-en-presence-de-benoit-payan","status":"publish","type":"post","link":"https:\/\/www.europesays.com\/fr\/420465\/","title":{"rendered":"la 100e Foire de Marseille a ouvert ses portes en pr\u00e9sence de Beno\u00eet Payan"},"content":{"rendered":"<p>La Foire de Marseille est au maire, ce que le salon de l\u2019agriculture est au pr\u00e9sident de la R\u00e9publique. Une sorte de barom\u00e8tre de sa popularit\u00e9 et un lieu de campagne par excellence. En inaugurant <a href=\"https:\/\/www.laprovence.com\/article\/region\/91653058039336\/foire-de-marseille-palais-des-jeux-stands-100-marseillais-les-nouveautes-pour-les-100-ans\" target=\"_blank\" rel=\"noopener\">la 100e \u00e9dition<\/a> ce vendredi 26 septembre 2025, Beno\u00eet Payan, en a fait une nouvelle fois l\u2019exp\u00e9rience, avec une visite de plus de deux heures, o\u00f9 les mains serr\u00e9es ont succ\u00e9d\u00e9 aux selfies et tapes dans le dos. Dans des all\u00e9es d\u00e9j\u00e0 bien remplies, il a coup\u00e9 le ruban et donn\u00e9 le coup d\u2019envoi de cette \u00ab\u00a0tradition marseillaise\u00a0\u00bb, en pr\u00e9sence du pr\u00e9fet, du gouverneur militaire mais aussi d\u2019une bonne partie de l\u2019\u00e9quipe municipale.<\/p>\n<p>Une vitrine pour \u00ab\u00a0les p\u00e9pites marseillaises\u00a0\u00bb<\/p>\n<p>\u00ab\u00a0Ici, on y d\u00e9couvre le monde et la France. On a tous des souvenirs d\u2019enfance de la foire, livre le maire, rappelant ses visites, \u00ab\u00a0avec sa grand m\u00e8re, en bus\u00a0\u00bb au d\u00e9but des ann\u00e9es\u00a080. \u00c0 la foire on se grandit de nos diff\u00e9rences. Et on met Marseille \u00e0 l\u2019honneur, en offrant une vitrine aux p\u00e9pites de la ville.\u00a0\u00bb<\/p>\n","protected":false},"excerpt":{"rendered":"La Foire de Marseille est au maire, ce que le salon de l\u2019agriculture est au pr\u00e9sident de la&hellip;\n","protected":false},"author":2,"featured_media":420466,"comment_status":"","ping_status":"","sticky":false,"template":"","format":"standard","meta":{"footnotes":""},"categories":[2814],"tags":[54964,17,1111,11,4105,33,1777,674,4434,1011,27,9103,884,74,12,882,25],"class_list":{"0":"post-420465","1":"post","2":"type-post","3":"status-publish","4":"format-standard","5":"has-post-thumbnail","7":"category-marseille","8":"tag-100e","9":"tag-17","10":"tag-actu","11":"tag-actualites","12":"tag-decouvre","13":"tag-economie","14":"tag-eu","15":"tag-europe","16":"tag-foire","17":"tag-fr","18":"tag-france","19":"tag-ici","20":"tag-marseille","21":"tag-monde","22":"tag-news","23":"tag-provence-alpes-cote-dazur","24":"tag-republique-francaise"},"share_on_mastodon":{"url":"https:\/\/pubeurope.com\/@fr\/115274113545406359","error":""},"_links":{"self":[{"href":"https:\/\/www.europesays.com\/fr\/wp-json\/wp\/v2\/posts\/420465","targetHints":{"allow":["GET"]}}],"collection":[{"href":"https:\/\/www.europesays.com\/fr\/wp-json\/wp\/v2\/posts"}],"about":[{"href":"https:\/\/www.europesays.com\/fr\/wp-json\/wp\/v2\/types\/post"}],"author":[{"embeddable":true,"href":"https:\/\/www.europesays.com\/fr\/wp-json\/wp\/v2\/users\/2"}],"replies":[{"embeddable":true,"href":"https:\/\/www.europesays.com\/fr\/wp-json\/wp\/v2\/comments?post=420465"}],"version-history":[{"count":0,"href":"https:\/\/www.europesays.com\/fr\/wp-json\/wp\/v2\/posts\/420465\/revisions"}],"wp:featuredmedia":[{"embeddable":true,"href":"https:\/\/www.europesays.com\/fr\/wp-json\/wp\/v2\/media\/420466"}],"wp:attachment":[{"href":"https:\/\/www.europesays.com\/fr\/wp-json\/wp\/v2\/media?parent=420465"}],"wp:term":[{"taxonomy":"category","embeddable":true,"href":"https:\/\/www.europesays.com\/fr\/wp-json\/wp\/v2\/categories?post=420465"},{"taxonomy":"post_tag","embeddable":true,"href":"https:\/\/www.europesays.com\/fr\/wp-json\/wp\/v2\/tags?post=420465"}],"curies":[{"name":"wp","href":"https:\/\/api.w.org\/{rel}","templated":true}]}}