{"id":420469,"date":"2025-09-27T03:23:15","date_gmt":"2025-09-27T03:23:15","guid":{"rendered":"https:\/\/www.europesays.com\/fr\/420469\/"},"modified":"2025-09-27T03:23:15","modified_gmt":"2025-09-27T03:23:15","slug":"jusqua-6-ans-de-prison-pour-le-hacker-aux-milliers-de-victimes","status":"publish","type":"post","link":"https:\/\/www.europesays.com\/fr\/420469\/","title":{"rendered":"jusqu&rsquo;\u00e0 6 ans de prison pour le hacker aux milliers de victimes"},"content":{"rendered":"<p itemprop=\"description\"><strong>Ce vendredi, le jugement est tomb\u00e9. Et les peines prononc\u00e9es sont fortes \u00e0 l&rsquo;encontre des pr\u00e9venus.<\/strong><\/p>\n<p>Pour avoir r\u00e9alis\u00e9 fin 2022 le piratage informatique du groupe Adecco, bas\u00e9 \u00e0 Villeurbanne, un hacker originaire de Vichy a \u00e9cop\u00e9 de 6 ans de prison et 30 000 euros d&rsquo;amende. Soit un an de moins que la peine requise par le procureur.<\/p>\n<p>Pour r\u00e9cup\u00e9rer les donn\u00e9es de dizaines de milliers d&rsquo;int\u00e9rimaires, pr\u00e9lev\u00e9s de 49,85 euros, pour un pr\u00e9judice total d&rsquo;1,6 million d&rsquo;euros, Timoth\u00e9e L. avait sympathis\u00e9 avec un stagiaire d&rsquo;Adecco \u00e0 Besan\u00e7on. Ce dernier lui avait confi\u00e9 son login et son mot de passe pour entrer dans le r\u00e9seau d&rsquo;Adecco, contre la promesse de 12 000 euros.<\/p>\n<p>Le stagiaire a \u00e9t\u00e9 condamn\u00e9 \u00e0 2 ans de prison dont la moiti\u00e9 avec sursis, et 5000 euros d&rsquo;amende.<\/p>\n<p>A noter que l&rsquo;un des 13 pr\u00e9venus jug\u00e9s \u00e0 Lyon a \u00e9cop\u00e9 de 5 ans de prison dont 30 mois avec sursis et a \u00e9t\u00e9 incarc\u00e9r\u00e9 pour avoir r\u00e9alis\u00e9 le blanchiment de l&rsquo;argent hack\u00e9.<\/p>\n","protected":false},"excerpt":{"rendered":"Ce vendredi, le jugement est tomb\u00e9. Et les peines prononc\u00e9es sont fortes \u00e0 l&rsquo;encontre des pr\u00e9venus. Pour avoir&hellip;\n","protected":false},"author":2,"featured_media":420470,"comment_status":"","ping_status":"","sticky":false,"template":"","format":"standard","meta":{"footnotes":""},"categories":[1889],"tags":[1111,11,2813,2190,2430,1109,251,1112,2811,1777,674,118,1011,27,1922,1110,1114,2428,2810,12,241,316,25,2812,517,800],"class_list":{"0":"post-420469","1":"post","2":"type-post","3":"status-publish","4":"format-standard","5":"has-post-thumbnail","7":"category-lyon","8":"tag-actu","9":"tag-actualites","10":"tag-article","11":"tag-asvel","12":"tag-auvergne-rhone-alpes","13":"tag-breves","14":"tag-culture","15":"tag-depeches","16":"tag-economique","17":"tag-eu","18":"tag-europe","19":"tag-faits-divers","20":"tag-fr","21":"tag-france","22":"tag-info","23":"tag-informations","24":"tag-infos","25":"tag-lyon","26":"tag-lyonmag","27":"tag-news","28":"tag-ol","29":"tag-politique","30":"tag-republique-francaise","31":"tag-sociale","32":"tag-sport","33":"tag-transports"},"share_on_mastodon":{"url":"https:\/\/pubeurope.com\/@fr\/115274121524645433","error":""},"_links":{"self":[{"href":"https:\/\/www.europesays.com\/fr\/wp-json\/wp\/v2\/posts\/420469","targetHints":{"allow":["GET"]}}],"collection":[{"href":"https:\/\/www.europesays.com\/fr\/wp-json\/wp\/v2\/posts"}],"about":[{"href":"https:\/\/www.europesays.com\/fr\/wp-json\/wp\/v2\/types\/post"}],"author":[{"embeddable":true,"href":"https:\/\/www.europesays.com\/fr\/wp-json\/wp\/v2\/users\/2"}],"replies":[{"embeddable":true,"href":"https:\/\/www.europesays.com\/fr\/wp-json\/wp\/v2\/comments?post=420469"}],"version-history":[{"count":0,"href":"https:\/\/www.europesays.com\/fr\/wp-json\/wp\/v2\/posts\/420469\/revisions"}],"wp:featuredmedia":[{"embeddable":true,"href":"https:\/\/www.europesays.com\/fr\/wp-json\/wp\/v2\/media\/420470"}],"wp:attachment":[{"href":"https:\/\/www.europesays.com\/fr\/wp-json\/wp\/v2\/media?parent=420469"}],"wp:term":[{"taxonomy":"category","embeddable":true,"href":"https:\/\/www.europesays.com\/fr\/wp-json\/wp\/v2\/categories?post=420469"},{"taxonomy":"post_tag","embeddable":true,"href":"https:\/\/www.europesays.com\/fr\/wp-json\/wp\/v2\/tags?post=420469"}],"curies":[{"name":"wp","href":"https:\/\/api.w.org\/{rel}","templated":true}]}}