{"id":420471,"date":"2025-09-27T03:24:24","date_gmt":"2025-09-27T03:24:24","guid":{"rendered":"https:\/\/www.europesays.com\/fr\/420471\/"},"modified":"2025-09-27T03:24:24","modified_gmt":"2025-09-27T03:24:24","slug":"jean-michel-aulas-cogne-sur-gregory-doucet-de-premieres-promesses-devoilees","status":"publish","type":"post","link":"https:\/\/www.europesays.com\/fr\/420471\/","title":{"rendered":"Jean-Michel Aulas cogne sur Gr\u00e9gory Doucet, de premi\u00e8res promesses d\u00e9voil\u00e9es"},"content":{"rendered":"<p>            Par<br \/>\n        <strong><br \/>\n            <a href=\"https:\/\/actu.fr\/auteur\/nicolas-zaugra\" title=\"Consulter tous les articles de Nicolas Zaugra\" target=\"_blank\" rel=\"noopener\">Nicolas Zaugra<\/a><br \/>\n        <\/strong><\/p>\n<p>        Publi\u00e9 le<\/p>\n<p>            26 sept. 2025 \u00e0 23h47        <\/p>\n<p>Des centaines de participants dont un certain nombre rest\u00e9 \u00e0 la porte faute de places dans la salle, des jeunes agitant des drapeaux, des rang\u00e9es d\u2019\u00e9lus de droite et du centre : <a href=\"https:\/\/actu.fr\/auvergne-rhone-alpes\/lyon_69123\/lyon-municipales-2026-gregory-doucet-et-les-ecologistes-reglent-leurs-comptes-avec-jean-michel-aulas_63216596.html\" target=\"_blank\" rel=\"noopener\">Jean-Michel Aulas<\/a> a tenu son premier meeting de campagne ce vendredi 25 septembre 2025 \u00e0 Lyon au lendemain de son annonce officielle de candidature dans une lettre aux Lyonnais.<\/p>\n<p class=\" wall-content\">Au \u00ab\u00a0H7\u00a0\u00bb, un incubateurs de start-up dans le quartier de Confluence, l\u2019ancien patron de l\u2019Olympique lyonnais a enfil\u00e9 le costume de candidat \u00e0 la mairie de <a href=\"https:\/\/actu.fr\/auvergne-rhone-alpes\/lyon_69123\" target=\"_blank\" rel=\"noopener\">Lyon<\/a>.\u00a0<\/p>\n<p class=\" wall-content\">Pour sa premi\u00e8re r\u00e9union publique, il a <strong>multipli\u00e9 les fl\u00e8ches \u00e0 l\u2019endroit de <a href=\"https:\/\/actu.fr\/auvergne-rhone-alpes\/lyon_69123\/lyon-critique-sur-ce-sujet-gregory-doucet-vole-au-secours-des-commercants-et-propose-une-solution_63207197.html\" target=\"_blank\" rel=\"noopener\">Gr\u00e9gory Doucet<\/a> et des \u00e9cologistes<\/strong>. Le chef d\u2019entreprise a aussi d\u00e9voil\u00e9 ses <strong>premi\u00e8res promesses<\/strong>.<\/p>\n<p>\u00ab\u00a0Oui, je veux devenir votre prochain maire, en 2026\u00a0\u00bb<\/p>\n<p class=\" wall-content\">Apr\u00e8s un bref discours du maire LR du 2e arrondissement <a href=\"https:\/\/actu.fr\/auvergne-rhone-alpes\/lyon_69123\/municipales-a-lyon-pierre-oliver-candidat-anti-doucet-il-faut-arreter-de-bunkeriser-la-presqu-ile_63075258.html\" target=\"_blank\" rel=\"noopener\">Pierre Oliver<\/a>, la parole est donn\u00e9e \u00e0 Laure C\u00e9dat, maman de Iris, <a href=\"https:\/\/actu.fr\/auvergne-rhone-alpes\/lyon_69123\/lyon-les-mamans-d-iris-et-warren-ados-tues-a-trottinette-reclament-justice_61546202.html\" target=\"_blank\" rel=\"noopener\">l\u2019adolescente qui avait \u00e9t\u00e9 tu\u00e9e avec son petit-ami Warren en 2022<\/a>, percut\u00e9s en trottinette par une ambulance.<\/p>\n<p class=\" wall-content\">Tr\u00e8s \u00e9mue, elle a critiqu\u00e9 la politique des \u00e9cologistes en mati\u00e8re de mobilit\u00e9s. \u00ab\u00a0Lyon est devenue une ville de chantiers \u00e0 ciel ouvert, un labyrinthe de bouchons\u00a0\u00bb, a-t-elle d\u00e9nonc\u00e9 en critiquant la multiplication des pistes cyclables trop peu r\u00e9gul\u00e9es et les voies partag\u00e9es entre bus, voitures et modes doux.<\/p>\n<p>    <img   decoding=\"async\" loading=\"lazy\" src=\"https:\/\/www.europesays.com\/fr\/wp-content\/uploads\/2025\/09\/laure-cedat-lyon-aulas-960x640.jpeg\" alt=\"Laure Cedat, la maman d'Iris, tu\u00e9e dans un accident en 2022, prend la parole au meeting de Jean-Michel Aulas.\" width=\"960\" height=\"640\"\/><br \/>\n    Laure C\u00e9dat, la maman d\u2019Iris, tu\u00e9e dans un accident en 2022, prend la parole au meeting de Jean-Michel Aulas. (\u00a9Th\u00e9o Zuili \/ actu Lyon)<\/p>\n<p class=\" wall-content\">Il est 19h quand Jean-Michel Aulas s\u2019offre un rapide bain de foule au milieu de drapeaux agit\u00e9s par les jeunes de \u00ab\u00a0G\u00e9n\u00e9ration Aulas\u00a0\u00bb. Sur sc\u00e8ne, il confirme ses ambitions. \u00ab\u00a0Oui, je veux devenir votre prochain maire, en 2026\u00a0\u00bb, lance-t-il.<\/p>\n<p>Votre r\u00e9gion, votre actu !<\/p>\n<p>Recevez chaque jour les infos qui comptent pour vous.<\/p>\n<p>\t<a href=\"https:\/\/actu.fr\/newsletter\" class=\"ac-btn ac-btn--corner ac-btn--medium ac-btn--blue800\" target=\"_blank\" rel=\"noopener\">S&rsquo;incrire<\/a><br \/>\n\u00ab\u00a0Mon ambition est de rassembler tous les Lyonnais\u00a0\u00bb<\/p>\n<p class=\" wall-content\">Le patron de 76 ans veut \u00ab\u00a0mettre fin aux raisonnements dogmatiques\u00a0\u00bb des \u00e9cologistes \u00ab\u00a0qui dressent les uns contre les autres et qui nous sont impos\u00e9s\u00a0\u00bb.<\/p>\n<p class=\" wall-content\">\u00ab\u00a0Je vous demande de me confier pendant un temps les cl\u00e9s de notre ville, je ne vous demanderai jamais un ch\u00e8que en blanc et encore moins d\u2019\u00eatre le repr\u00e9sentant d\u2019un bord politique. Mon ambition est de rassembler tous les Lyonnais quelles que soient leurs opinions politiques\u00a0\u00bb, a-t-il dit. Ses adversaires de gauche d\u00e9noncent d\u00e9j\u00e0 un candidat \u00ab\u00a0de la droite\u00a0\u00bb <a href=\"https:\/\/actu.fr\/auvergne-rhone-alpes\/lyon_69123\/municipales-2026-a-lyon-laurent-wauquiez-annonce-son-soutien-a-jean-michel-aulas_63116145.html\" target=\"_blank\" rel=\"noopener\">soutenu par Laurent Wauquiez<\/a> et Renaissance.<\/p>\n<p class=\" wall-content\">\n<p>\u00ab\u00a0J\u2019ai mal \u00e0 ma ville\u00a0\u00bb<\/p>\n<p class=\" wall-content\">Tout au long de son discours affich\u00e9 sur deux prompteurs, Jean-Michel Aulas a <strong>multipli\u00e9 les attaques contre les \u00e9cologistes<\/strong>.<\/p>\n<p class=\" wall-content\">\u00ab\u00a0J\u2019ai mal \u00e0 ma ville\u00a0\u00bb, a-t-il lanc\u00e9 promettant de \u00ab\u00a0sauver\u00a0\u00bb la ville. \u00ab\u00a0Lyon d\u00e9croche elle se replie. On a perdu notre fiert\u00e9\u00a0\u00bb. Selon lui, les \u00ab\u00a0dogmes\u00a0\u00bb des \u00e9cologistes \u00ab\u00a0font r\u00e9gresser\u00a0\u00bb.\u00a0<\/p>\n<p class=\" wall-content\">\n<p class=\" wall-content\">\u00ab\u00a0Aujourd\u2019hui, il y a beaucoup trop de choses qui ne tournent plus rond\u00a0\u00bb, a-t-il lanc\u00e9 sous les applaudissements. \u00ab\u00a0Lyon peut esp\u00e9rer autre chose qu\u2019une \u00e9cologie punitive, pass\u00e9iste, bloqu\u00e9e au si\u00e8cle dernier\u00a0\u00bb, poursuit le candidat en costume cravate sans jamais bouger de son pupitre.\u00a0<\/p>\n<blockquote class=\"ac-article-quote wall-content\">\n<p>Lyon d\u00e9croche, se replie, on a perdu de notre fiert\u00e9, on a perdu d&rsquo;attirer les Fran\u00e7ais, les europ\u00e9ens d&rsquo;o\u00f9 qu&rsquo;ils viennent pour s&rsquo;installer chez nous. Les jeunes ne veulent plus venir faire leurs \u00e9tudes, pas assez de logements, trop chers, pas assez d&#8217;emplois attractifs, trop de conflits entre les usages&#8230;<\/p>\n<p>    <strong>Jean-Michel Aulas<\/strong>\n            <\/p><\/blockquote>\n<p class=\" wall-content\">Comme depuis l\u2019hiver dernier, Aulas a d\u00e9nonc\u00e9 les \u00ab\u00a0travaux partout\u00a0\u00bb, des \u00e9cologistes qui ont \u00ab\u00a0restreint les voies de circulation\u00a0\u00bb, \u00ab\u00a0trop brutalement, trop vite\u00a0\u00bb ou encore \u00ab\u00a0les incivilit\u00e9s qui explosent\u00a0\u00bb dans certains quartiers. Lyon, est \u00ab\u00a0une ville o\u00f9 l\u2019on h\u00e9site \u00e0 sortir le soir, o\u00f9 les peurs se r\u00e9pandent.\u00a0\u00bb<\/p>\n<p class=\" wall-content\">\n<p class=\" wall-content\">\u00ab\u00a0On refuse le Tour de France, la flamme olympique, le logement, les taxis\u2026\u00a0\u00bb, regrette JMA.<\/p>\n<p>    <img   decoding=\"async\" loading=\"lazy\" src=\"https:\/\/www.europesays.com\/fr\/wp-content\/uploads\/2025\/09\/aulas-meeting-jeunes-lypn-960x640.jpeg\" alt=\"Jean-Michel Aulas sur la sc\u00e8ne de son premier meeting au H7 \u00e0 Confluence, vendredi 26 septembre 2025.\" width=\"960\" height=\"640\"\/><br \/>\n    Jean-Michel Aulas sur la sc\u00e8ne de son premier meeting au H7 \u00e0 Confluence, vendredi 26 septembre 2025. (\u00a9Nicolas Zaugra\/ actu Lyon)TCL, police m\u00e9tropolitaine et r\u00e9f\u00e9rendums<\/p>\n<p class=\" wall-content\">Pour son d\u00e9but de campagne, le nouveau candidat a avanc\u00e9 des premi\u00e8res propositions. Jean-Michel Aulas propose la cr\u00e9ation d\u2019une <strong>police m\u00e9tropolitaine<\/strong> en plus de la municipale. Une proposition qui sera soumise lors d\u2019un <strong>premier r\u00e9f\u00e9rendum municipal<\/strong>. Un vote de ce type sera organis\u00e9 chaque ann\u00e9e aupr\u00e8s des Lyonnais, a-t-il promis.<\/p>\n<p class=\" wall-content\">\u00ab\u00a0Je veux une ville s\u00fbre, tr\u00e8s s\u00fbre, pas des slogans. Il faut plus de pr\u00e9sence humaine, de coordination, un travail clair entre police municipale et nationale\u00a0\u00bb, a-t-il dit sans d\u00e9tails.\u00a0<\/p>\n<p class=\" wall-content\">Autre proposition qu\u2019il a confirm\u00e9 : la <a href=\"https:\/\/actu.fr\/auvergne-rhone-alpes\/lyon_69123\/lyon-municipales-2026-jean-michel-aulas-propose-d-etendre-la-gratuite-des-tcl-aux-lyonnais_62732394.html\" target=\"_blank\" rel=\"noopener\">gratuit\u00e9 des TCL<\/a> pour les Lyonnais gagnant moins de 2 500 euros net mensuels. Une promesse qui agace chez les R\u00e9publicains. \u00ab\u00a0Une campagne de rassemblement, c\u2019est des compromis\u00a0\u00bb, r\u00e9pond Pierre Oliver (LR). Pas franchement s\u00e9duit par l\u2019id\u00e9e, il assure que certaines promesses de JMA devront faire l\u2019objet de concessions. Le prix \u00e0 payer pour s\u00e9duire largement.<\/p>\n<p>Des jeunes, beaucoup de CSP+ et une droite tr\u00e8s pr\u00e9sente<\/p>\n<p class=\" wall-content\">Si des \u00e9lus de Renaissance, du MoDem, d\u2019Horizon, de l\u2019UDI et du Parti radical \u00e9taient pr\u00e9sents comme Thomas Rudigoz, Emmanuel Hamelin ou Blandine Brocard, les \u00e9lus LR \u00e9taient en nombre (B\u00e9atrice de Montille, le ministre Fran\u00e7ois No\u00ebl Buffet, V\u00e9ronique Sarselli\u2026), jusqu\u2019\u00e0 <strong>l\u2019ancien maire RPR Michel Noir<\/strong>.<\/p>\n<p class=\" wall-content\">Dans le public des jeunes pour beaucoup politis\u00e9s mais aussi des CSP+ lyonnais. \u00ab\u00a0Il va falloir \u00e9largir le socle\u00a0\u00bb, reconna\u00eet un \u00e9lu centriste. Selon nos informations, JMA va encha\u00eener les interviews dans la presse, \u00e0 la t\u00e9l\u00e9vision et la radio ces prochains jours. Il pr\u00e9voit aussi des d\u00e9placements dans deux arrondissements par semaine. De quoi, esp\u00e8re-t-il, d\u00e9crocher une victoire en bousculant le sortant Gr\u00e9gory Doucet.<\/p>\n<p class=\" wall-content\">Personnalisez votre actualit\u00e9 en ajoutant vos villes et m\u00e9dias en favori avec <a href=\"https:\/\/moncompte.actu.fr\" title=\"D\u00e9couvez Mon Actu\" rel=\"nofollow noopener\" data-trk=\"{&quot;cta&quot;:{&quot;action&quot;:&quot;https:\\\/\\\/moncompte.actu.fr&quot;,&quot;category&quot;:&quot;mon compte&quot;,&quot;from&quot;:&quot;article footer&quot;,&quot;name&quot;:&quot;Mon actu&quot;,&quot;type&quot;:&quot;cta&quot;}}\" target=\"_blank\">Mon Actu<\/a>.<\/p>\n","protected":false},"excerpt":{"rendered":"Par Nicolas Zaugra Publi\u00e9 le 26 sept. 2025 \u00e0 23h47 Des centaines de participants dont un certain nombre&hellip;\n","protected":false},"author":2,"featured_media":420472,"comment_status":"","ping_status":"","sticky":false,"template":"","format":"standard","meta":{"footnotes":""},"categories":[1889],"tags":[1111,11,2430,4188,1777,674,1011,27,5226,5227,2428,3434,12,316,25],"class_list":{"0":"post-420471","1":"post","2":"type-post","3":"status-publish","4":"format-standard","5":"has-post-thumbnail","7":"category-lyon","8":"tag-actu","9":"tag-actualites","10":"tag-auvergne-rhone-alpes","11":"tag-elections-municipales","12":"tag-eu","13":"tag-europe","14":"tag-fr","15":"tag-france","16":"tag-gregory-doucet","17":"tag-jean-michel-aulas","18":"tag-lyon","19":"tag-municipales-2026","20":"tag-news","21":"tag-politique","22":"tag-republique-francaise"},"share_on_mastodon":{"url":"https:\/\/pubeurope.com\/@fr\/115274125749184120","error":""},"_links":{"self":[{"href":"https:\/\/www.europesays.com\/fr\/wp-json\/wp\/v2\/posts\/420471","targetHints":{"allow":["GET"]}}],"collection":[{"href":"https:\/\/www.europesays.com\/fr\/wp-json\/wp\/v2\/posts"}],"about":[{"href":"https:\/\/www.europesays.com\/fr\/wp-json\/wp\/v2\/types\/post"}],"author":[{"embeddable":true,"href":"https:\/\/www.europesays.com\/fr\/wp-json\/wp\/v2\/users\/2"}],"replies":[{"embeddable":true,"href":"https:\/\/www.europesays.com\/fr\/wp-json\/wp\/v2\/comments?post=420471"}],"version-history":[{"count":0,"href":"https:\/\/www.europesays.com\/fr\/wp-json\/wp\/v2\/posts\/420471\/revisions"}],"wp:featuredmedia":[{"embeddable":true,"href":"https:\/\/www.europesays.com\/fr\/wp-json\/wp\/v2\/media\/420472"}],"wp:attachment":[{"href":"https:\/\/www.europesays.com\/fr\/wp-json\/wp\/v2\/media?parent=420471"}],"wp:term":[{"taxonomy":"category","embeddable":true,"href":"https:\/\/www.europesays.com\/fr\/wp-json\/wp\/v2\/categories?post=420471"},{"taxonomy":"post_tag","embeddable":true,"href":"https:\/\/www.europesays.com\/fr\/wp-json\/wp\/v2\/tags?post=420471"}],"curies":[{"name":"wp","href":"https:\/\/api.w.org\/{rel}","templated":true}]}}