{"id":420477,"date":"2025-09-27T03:28:12","date_gmt":"2025-09-27T03:28:12","guid":{"rendered":"https:\/\/www.europesays.com\/fr\/420477\/"},"modified":"2025-09-27T03:28:12","modified_gmt":"2025-09-27T03:28:12","slug":"paris-fc-as-saint-etienne-en-direct-arkema-premiere-ligue-football-scores-resultats","status":"publish","type":"post","link":"https:\/\/www.europesays.com\/fr\/420477\/","title":{"rendered":"Paris FC &#8211; AS Saint-\u00c9tienne en direct &#8211; Arkema Premi\u00e8re Ligue : Football Scores &#038; R\u00e9sultats"},"content":{"rendered":"<p>Suivez en direct le match de <a href=\"https:\/\/www.eurosport.fr\/football\/arkema-premiere-ligue\/2025-2026\/\" rel=\"nofollow noopener\" target=\"_blank\">Arkema Premi\u00e8re Ligue 2025-2026<\/a> en Football entre <a href=\"https:\/\/www.eurosport.fr\/football\/equipes\/fcf-juvisy\/teamcenter.shtml\" rel=\"nofollow noopener\" target=\"_blank\">Paris FC<\/a> et <a href=\"https:\/\/www.eurosport.fr\/football\/equipes\/as-saint-etienne\/teamcenter.shtml\" rel=\"nofollow noopener\" target=\"_blank\">AS Saint-\u00c9tienne<\/a> sur Eurosport. Le match commence \u00e0 21:00 le 26 septembre 2025.<\/p>\n<p>Lisez les derni\u00e8res informations sur <a href=\"https:\/\/www.eurosport.fr\/football\/equipes\/fcf-juvisy\/teamcenter.shtml\" rel=\"nofollow noopener\" target=\"_blank\">Paris FC<\/a> et <a href=\"https:\/\/www.eurosport.fr\/football\/equipes\/as-saint-etienne\/teamcenter.shtml\" rel=\"nofollow noopener\" target=\"_blank\">AS Saint-\u00c9tienne<\/a> et consultez <a href=\"https:\/\/www.eurosport.fr\/football\/arkema-premiere-ligue\/2025-2026\/\" rel=\"nofollow noopener\" target=\"_blank\">Arkema Premi\u00e8re Ligue 2025-2026<\/a> <a href=\"https:\/\/www.eurosport.fr\/football\/arkema-premiere-ligue\/2025-2026\/standing.shtml\" rel=\"nofollow noopener\" target=\"_blank\">, <a href=\"https:\/\/www.eurosport.fr\/football\/arkema-premiere-ligue\/2025-2026\/calendar-result.shtml\" rel=\"nofollow noopener\" target=\"_blank\">, <a href=\"https:\/\/www.eurosport.fr\/football\/arkema-premiere-ligue\/2025-2026\/standingperson.shtml\" rel=\"nofollow noopener\" target=\"_blank\"> et <a href=\"https:\/\/www.eurosport.fr\/football\/arkema-premiere-ligue\/2025-2026\/palmares.shtml\" rel=\"nofollow noopener\" target=\"_blank\">.<\/p>\n<p>Les fans de Football peuvent lire les derniers titres de l&rsquo;actualit\u00e9 footballistique, des interviews, des analyses d&rsquo;experts et regarder des rediffusions gratuites. Suivez l&rsquo;actualit\u00e9 de <a href=\"https:\/\/www.eurosport.fr\/football\/ligue-1\/\" rel=\"nofollow noopener\" target=\"_blank\">Ligue 1<\/a>, <a href=\"https:\/\/www.eurosport.fr\/football\/ligue-des-champions\/\" rel=\"nofollow noopener\" target=\"_blank\">Ligue des Champions<\/a> et d&rsquo;autres comp\u00e9titions. Faites d&rsquo;Eurosport votre source privil\u00e9gi\u00e9e de sport en ligne, du football au <a href=\"https:\/\/www.eurosport.fr\/tennis\/\" rel=\"nofollow noopener\" target=\"_blank\">tennis<\/a>, au <a href=\"https:\/\/www.eurosport.fr\/cyclisme\/\" rel=\"nofollow noopener\" target=\"_blank\">cyclisme<\/a>, au <a href=\"https:\/\/www.eurosport.fr\/basketball\/\" rel=\"nofollow noopener\" target=\"_blank\">basketball<\/a> et plus encore. Profitez du meilleur des comp\u00e9titions sportives de cette saison.<\/p>\n","protected":false},"excerpt":{"rendered":"Suivez en direct le match de Arkema Premi\u00e8re Ligue 2025-2026 en Football entre Paris FC et AS Saint-\u00c9tienne&hellip;\n","protected":false},"author":2,"featured_media":351157,"comment_status":"","ping_status":"","sticky":false,"template":"","format":"standard","meta":{"footnotes":""},"categories":[1888],"tags":[1111,1928,11,1927,1777,674,1011,27,12,1926,626,1925,25],"class_list":{"0":"post-420477","1":"post","2":"type-post","3":"status-publish","4":"format-standard","5":"has-post-thumbnail","7":"category-paris","8":"tag-actu","9":"tag-actu-paris","10":"tag-actualites","11":"tag-actualites-paris","12":"tag-eu","13":"tag-europe","14":"tag-fr","15":"tag-france","16":"tag-news","17":"tag-news-paris","18":"tag-paris","19":"tag-paris-news","20":"tag-republique-francaise"},"share_on_mastodon":{"url":"https:\/\/pubeurope.com\/@fr\/115274141077200156","error":""},"_links":{"self":[{"href":"https:\/\/www.europesays.com\/fr\/wp-json\/wp\/v2\/posts\/420477","targetHints":{"allow":["GET"]}}],"collection":[{"href":"https:\/\/www.europesays.com\/fr\/wp-json\/wp\/v2\/posts"}],"about":[{"href":"https:\/\/www.europesays.com\/fr\/wp-json\/wp\/v2\/types\/post"}],"author":[{"embeddable":true,"href":"https:\/\/www.europesays.com\/fr\/wp-json\/wp\/v2\/users\/2"}],"replies":[{"embeddable":true,"href":"https:\/\/www.europesays.com\/fr\/wp-json\/wp\/v2\/comments?post=420477"}],"version-history":[{"count":0,"href":"https:\/\/www.europesays.com\/fr\/wp-json\/wp\/v2\/posts\/420477\/revisions"}],"wp:featuredmedia":[{"embeddable":true,"href":"https:\/\/www.europesays.com\/fr\/wp-json\/wp\/v2\/media\/351157"}],"wp:attachment":[{"href":"https:\/\/www.europesays.com\/fr\/wp-json\/wp\/v2\/media?parent=420477"}],"wp:term":[{"taxonomy":"category","embeddable":true,"href":"https:\/\/www.europesays.com\/fr\/wp-json\/wp\/v2\/categories?post=420477"},{"taxonomy":"post_tag","embeddable":true,"href":"https:\/\/www.europesays.com\/fr\/wp-json\/wp\/v2\/tags?post=420477"}],"curies":[{"name":"wp","href":"https:\/\/api.w.org\/{rel}","templated":true}]}}