{"id":420486,"date":"2025-09-27T03:33:11","date_gmt":"2025-09-27T03:33:11","guid":{"rendered":"https:\/\/www.europesays.com\/fr\/420486\/"},"modified":"2025-09-27T03:33:11","modified_gmt":"2025-09-27T03:33:11","slug":"les-etats-unis-revoquent-le-visa-du-president-de-la-colombie","status":"publish","type":"post","link":"https:\/\/www.europesays.com\/fr\/420486\/","title":{"rendered":"Les \u00c9tats-Unis r\u00e9voquent le visa du pr\u00e9sident de la Colombie"},"content":{"rendered":"<p>Washington accuse Gustavo Petro d\u2019\u00abactions t\u00e9m\u00e9raires et incendiaires\u00bb lors d\u2019une manifestation \u00e0 New York.<\/p>\n<p class=\"fig-paragraph\">Nouvelle escalade entre Washington et Bogota. Les \u00c9tats-Unis vont r\u00e9voquer le visa du pr\u00e9sident colombien\u00a0<a href=\"https:\/\/www.lefigaro.fr\/tag\/gustavo-petro\" target=\"_blank\" rel=\"sponsored noopener\" data-gtm-custom-categorie=\"navigation\" data-gtm-custom-action=\"crossclick\" data-gtm-custom-label=\"Contextuel\" data-gtm-event=\"customEventSPE\">Gustavo Petro<\/a>, a annonc\u00e9 vendredi le d\u00e9partement d\u2019\u00c9tat, l\u2019accusant d\u2019\u00abactions t\u00e9m\u00e9raires et incendiaires\u00bb lors d\u2019une manifestation \u00e0 New York.<\/p>\n<p class=\"fig-paragraph\">\u00abPlus t\u00f4t dans la journ\u00e9e, le pr\u00e9sident colombien Petro Gustavo s\u2019est tenu dans une rue de New York et a exhort\u00e9 les soldats am\u00e9ricains \u00e0 d\u00e9sob\u00e9ir aux ordres et \u00e0 inciter \u00e0 la violence. Nous allons r\u00e9voquer le visa de Petro en raison de ses actions t\u00e9m\u00e9raires et incendiaires\u00bb, a \u00e9crit le d\u00e9partement d\u2019\u00c9tat sur X.<\/p>\n<p>                                    <a class=\"fig-a11y-skip a11y-hidden\" href=\"#fig-a11y-skip-main-inarticle\"><br \/>\n        Passer la publicit\u00e9<br \/>\n    <\/a><\/p>\n<p>\u00abD\u00e9sob\u00e9issez \u00e0 l\u2019ordre de Trump\u00bb<\/p>\n<p class=\"fig-paragraph\">Gustavo Petro, qui se trouvait \u00e0 New York pour participer \u00e0 l\u2019assembl\u00e9e g\u00e9n\u00e9rale des Nations unies, a particip\u00e9 vendredi \u00e0 une manifestation pro-palestinienne dans la ville au c\u00f4t\u00e9 du musicien britannique Roger Waters. Des vid\u00e9os diffus\u00e9es par les m\u00e9dias ont montr\u00e9 le pr\u00e9sident colombien de gauche appeler, par haut-parleur, \u00e0 la cr\u00e9ation d\u2019une \u00abarm\u00e9e de sauvetage du monde qui aura pour premi\u00e8re t\u00e2che de lib\u00e9rer la Palestine\u00bb.<\/p>\n<p class=\"fig-paragraph\">\u00abJe demande \u00e0 tous les soldats de l\u2019arm\u00e9e des \u00c9tats-Unis de ne pas viser l\u2019humanit\u00e9 avec leurs fusils. D\u00e9sob\u00e9issez \u00e0 l\u2019ordre de Trump\u00a0! Ob\u00e9issez \u00e0 l\u2019ordre de l\u2019humanit\u00e9\u00a0!\u00bb s\u2019est-il exclam\u00e9. Selon les m\u00e9dias colombiens, Gustavo Petro est d\u00e9j\u00e0 \u00e0 bord d\u2019un vol pour Bogota.<\/p>\n<p class=\"fig-paragraph\">Les relations entre la Colombie et les \u00c9tats-Unis se sont nettement d\u00e9grad\u00e9es depuis l\u2019arriv\u00e9e au pouvoir de Donald Trump en janvier. Mardi, Gustavo Petro avait demand\u00e9 \u00e0 la tribune des Nations unies qu\u2019une \u00abproc\u00e9dure p\u00e9nale\u00bb soit lanc\u00e9e contre son homologue am\u00e9ricain apr\u00e8s les frappes militaires meurtri\u00e8res ayant d\u00e9truit dans les Cara\u00efbes des bateaux transportant, selon Washington, de la drogue.<\/p>\n","protected":false},"excerpt":{"rendered":"Washington accuse Gustavo Petro d\u2019\u00abactions t\u00e9m\u00e9raires et incendiaires\u00bb lors d\u2019une manifestation \u00e0 New York. Nouvelle escalade entre Washington&hellip;\n","protected":false},"author":2,"featured_media":420487,"comment_status":"","ping_status":"","sticky":false,"template":"","format":"standard","meta":{"footnotes":""},"categories":[1589],"tags":[11,9395,73,1866,54965,12,1864,1865,1863,308],"class_list":{"0":"post-420486","1":"post","2":"type-post","3":"status-publish","4":"format-standard","5":"has-post-thumbnail","7":"category-etats-unis","8":"tag-actualites","9":"tag-colombie","10":"tag-etats-unis","11":"tag-etats-unis-damerique","12":"tag-gustavo-petro","13":"tag-news","14":"tag-united-states","15":"tag-united-states-of-america","16":"tag-us","17":"tag-usa"},"share_on_mastodon":{"url":"https:\/\/pubeurope.com\/@fr\/115274160790115637","error":""},"_links":{"self":[{"href":"https:\/\/www.europesays.com\/fr\/wp-json\/wp\/v2\/posts\/420486","targetHints":{"allow":["GET"]}}],"collection":[{"href":"https:\/\/www.europesays.com\/fr\/wp-json\/wp\/v2\/posts"}],"about":[{"href":"https:\/\/www.europesays.com\/fr\/wp-json\/wp\/v2\/types\/post"}],"author":[{"embeddable":true,"href":"https:\/\/www.europesays.com\/fr\/wp-json\/wp\/v2\/users\/2"}],"replies":[{"embeddable":true,"href":"https:\/\/www.europesays.com\/fr\/wp-json\/wp\/v2\/comments?post=420486"}],"version-history":[{"count":0,"href":"https:\/\/www.europesays.com\/fr\/wp-json\/wp\/v2\/posts\/420486\/revisions"}],"wp:featuredmedia":[{"embeddable":true,"href":"https:\/\/www.europesays.com\/fr\/wp-json\/wp\/v2\/media\/420487"}],"wp:attachment":[{"href":"https:\/\/www.europesays.com\/fr\/wp-json\/wp\/v2\/media?parent=420486"}],"wp:term":[{"taxonomy":"category","embeddable":true,"href":"https:\/\/www.europesays.com\/fr\/wp-json\/wp\/v2\/categories?post=420486"},{"taxonomy":"post_tag","embeddable":true,"href":"https:\/\/www.europesays.com\/fr\/wp-json\/wp\/v2\/tags?post=420486"}],"curies":[{"name":"wp","href":"https:\/\/api.w.org\/{rel}","templated":true}]}}