{"id":420508,"date":"2025-09-27T03:47:12","date_gmt":"2025-09-27T03:47:12","guid":{"rendered":"https:\/\/www.europesays.com\/fr\/420508\/"},"modified":"2025-09-27T03:47:12","modified_gmt":"2025-09-27T03:47:12","slug":"pedro-acosta-leader-marc-marquez-chute-et-sagace","status":"publish","type":"post","link":"https:\/\/www.europesays.com\/fr\/420508\/","title":{"rendered":"Pedro Acosta leader, Marc M\u00e1rquez chute et s&rsquo;agace"},"content":{"rendered":"<p>Comme vendredi, la journ\u00e9e a d\u00e9but\u00e9 sous le soleil mais avec une temp\u00e9rature ambiante un peu moins \u00e9lev\u00e9e, mesur\u00e9e \u00e0 26\u00b0C. Celle de l&rsquo;asphalte fr\u00f4lait d\u00e9j\u00e0 les 40\u00b0C au moment o\u00f9 les pilotes ont pris la piste.<\/p>\n<p>La s\u00e9ance a d\u00e9but\u00e9 sur une chute, pour Fabio Di Giannantonio au virage 5, sans gravit\u00e9.\u00a0Les pilotes Ducati officiels ont vite pris le pouvoir. \u00c0 l&rsquo;image de ce qu&rsquo;il avait fait vendredi, Pecco Bagnaia s&rsquo;est empar\u00e9 de la premi\u00e8re place, mais il a ensuite \u00e9t\u00e9 battu par Marc M\u00e1rquez&#8230; tomb\u00e9 \u00e0 son tour au virage 5 d\u00e8s le tour suivant.<\/p>\n<p>M\u00e1rquez n&rsquo;a pas r\u00e9ussi \u00e0 red\u00e9marrer sa moto et s&rsquo;est un peu agac\u00e9 contre les commissaires, qui ont failli la faire tomber en la man\u0153uvrant dans le bac \u00e0 graviers, et il en a \u00e9cart\u00e9 un pour pouvoir diriger les op\u00e9rations. C&rsquo;est finalement dans les voies de service que la Ducati a \u00e9t\u00e9 relanc\u00e9e, et il a ensuite pu reprendre la piste pour revenir \u00e0 son garage.<\/p>\n<p>\u00a0<\/p>\n<p>Il a fallu attendre la fin de s\u00e9ance pour que les pilotes Ducati soient battus quand Pedro Acosta a pris le pouvoir \u00e0 un peu plus de cinq minutes de la fin. L&rsquo;Espagnol a termin\u00e9 la s\u00e9ance devant Ai Ogura, en forme \u00e0 domicile, et les pilotes Ducati, M\u00e1rquez et Bagnaia.<\/p>\n<p>Franco Morbidelli a sign\u00e9 le cinqui\u00e8me temps devant Luca Marini, Marco Bezzecchi et Takaaki Nakagami, second Japonais engag\u00e9 ce week-end, en wild-card. Fabio Quartararo et Alex M\u00e1rquez ont compl\u00e9t\u00e9 un top 10 dont Johann Zarco a \u00e9t\u00e9 exclu, en prenant la 16e place, derri\u00e8re Jorge Mart\u00edn.<\/p>\n<p>Lire aussi :<\/p>\n<p>Cette s\u00e9ance est imm\u00e9diatement suivie par la premi\u00e8re partie des qualifications. On y retrouvera notamment Alex M\u00e1rquez, confront\u00e9 \u00e0 Mart\u00edn, Morbidelli, Enea Bastianini, Brad Binder ou encore Maverick Vi\u00f1ales.<\/p>\n<p><img decoding=\"async\" class=\"ms-flag-img ms-flag-img_s2\" title=\"Japan\" src=\"https:\/\/cdn-7.motorsport.com\/static\/img\/cf\/jp-3.svg\" alt=\"Japan\" width=\"32\" loading=\"lazy\"\/>\u00a0GP du Japon MotoGP &#8211; Essais Libres 2<\/p><\/p>\n","protected":false},"excerpt":{"rendered":"Comme vendredi, la journ\u00e9e a d\u00e9but\u00e9 sous le soleil mais avec une temp\u00e9rature ambiante un peu moins \u00e9lev\u00e9e,&hellip;\n","protected":false},"author":2,"featured_media":420509,"comment_status":"","ping_status":"","sticky":false,"template":"","format":"standard","meta":{"footnotes":""},"categories":[1413],"tags":[54966,1011,27,1581,54967,1457,1456,1458,60,51359],"class_list":{"0":"post-420508","1":"post","2":"type-post","3":"status-publish","4":"format-standard","5":"has-post-thumbnail","7":"category-moto","8":"tag-el2-pedro-acosta-leader","9":"tag-fr","10":"tag-france","11":"tag-gp-du-japon","12":"tag-marc-mu00e1rquez-chute-et-sagace","13":"tag-moto","14":"tag-motocycle","15":"tag-motogp","16":"tag-sports","17":"tag-twin-ring-motegi"},"share_on_mastodon":{"url":"https:\/\/pubeurope.com\/@fr\/115274216233929886","error":""},"_links":{"self":[{"href":"https:\/\/www.europesays.com\/fr\/wp-json\/wp\/v2\/posts\/420508","targetHints":{"allow":["GET"]}}],"collection":[{"href":"https:\/\/www.europesays.com\/fr\/wp-json\/wp\/v2\/posts"}],"about":[{"href":"https:\/\/www.europesays.com\/fr\/wp-json\/wp\/v2\/types\/post"}],"author":[{"embeddable":true,"href":"https:\/\/www.europesays.com\/fr\/wp-json\/wp\/v2\/users\/2"}],"replies":[{"embeddable":true,"href":"https:\/\/www.europesays.com\/fr\/wp-json\/wp\/v2\/comments?post=420508"}],"version-history":[{"count":0,"href":"https:\/\/www.europesays.com\/fr\/wp-json\/wp\/v2\/posts\/420508\/revisions"}],"wp:featuredmedia":[{"embeddable":true,"href":"https:\/\/www.europesays.com\/fr\/wp-json\/wp\/v2\/media\/420509"}],"wp:attachment":[{"href":"https:\/\/www.europesays.com\/fr\/wp-json\/wp\/v2\/media?parent=420508"}],"wp:term":[{"taxonomy":"category","embeddable":true,"href":"https:\/\/www.europesays.com\/fr\/wp-json\/wp\/v2\/categories?post=420508"},{"taxonomy":"post_tag","embeddable":true,"href":"https:\/\/www.europesays.com\/fr\/wp-json\/wp\/v2\/tags?post=420508"}],"curies":[{"name":"wp","href":"https:\/\/api.w.org\/{rel}","templated":true}]}}