{"id":42051,"date":"2025-04-21T17:49:48","date_gmt":"2025-04-21T17:49:48","guid":{"rendered":"https:\/\/www.europesays.com\/fr\/42051\/"},"modified":"2025-04-21T17:49:48","modified_gmt":"2025-04-21T17:49:48","slug":"le-tournage-dun-clip-de-rap-vire-a-la-rixe-violente-a-saint-etienne-du-rouvray","status":"publish","type":"post","link":"https:\/\/www.europesays.com\/fr\/42051\/","title":{"rendered":"Le tournage d&rsquo;un clip de rap vire \u00e0 la rixe violente \u00e0 Saint-\u00c9tienne-du-Rouvray"},"content":{"rendered":"<p>            Par<br \/>\n        <strong><br \/>\n            <a href=\"https:\/\/actu.fr\/auteur\/julien-bouteiller\" title=\"Consulter tous les articles de Julien Bouteiller\" target=\"_blank\" rel=\"noopener\">Julien Bouteiller<\/a><br \/>\n        <\/strong><\/p>\n<p>        Publi\u00e9 le<\/p>\n<p>            15 avr. 2025 \u00e0 20h08        <\/p>\n<p><strong>Le tournage d\u2019un clip de rap a vir\u00e9 \u00e0 la violente rixe<\/strong> \u00e0 <a href=\"https:\/\/actu.fr\/normandie\/saint-etienne-du-rouvray_76575\" target=\"_blank\" rel=\"noopener\">Saint-\u00c9tienne-du-Rouvray<\/a>, pr\u00e8s de Rouen, apprend-on de source polici\u00e8re. Les faits se sont produits dimanche 13 avril 2025, a r\u00e9v\u00e9l\u00e9\u00a0<a href=\"https:\/\/www.paris-normandie.fr\/id623801\/article\/2025-04-15\/pres-de-rouen-le-clip-de-rap-derape-un-homme-blesse-au-couteau-hospitalise\" target=\"_blank\" rel=\"noopener\">Paris-Normandie<\/a>.<\/p>\n<p>Le clip de rap vire \u00e0 la bagarre<\/p>\n<p class=\" wall-content\">Vers 19 heures, un groupe se r\u00e9unit <strong>sur le chemin de halage<\/strong> pour tourner une vid\u00e9o de rap, entour\u00e9 de voitures et motocross.\u00a0Le groupe est alors approch\u00e9 par deux autres personnes, dont l\u2019un en voiture, qui aurait roul\u00e9 vers les motards avant de finir malencontreusement dans un grillage.<\/p>\n<p class=\" wall-content\"><strong>Le ton monte<\/strong> entre un des jeunes de la vid\u00e9o, \u00e2g\u00e9 de 23 ans, et le conducteur. Le deuxi\u00e8me r\u00f4deur aurait alors ass\u00e9n\u00e9<strong> un coup de couteau \u00e0 la nuque du jeune homme<\/strong>. Les deux complices prennent la fuite et la victime est emmen\u00e9e au CHU de Rouen. On ignore la gravit\u00e9 de ses blessures.<\/p>\n<p class=\" wall-content\">Pour l\u2019heure, les fuyards sont toujours recherch\u00e9s et une enqu\u00eate est en cours.<\/p>\n<p>Suivez l\u2019actualit\u00e9 de Rouen <a href=\"https:\/\/www.whatsapp.com\/channel\/0029VaKfnf99hXF2ddApFB1D\" target=\"_blank\" rel=\"noopener\">sur notre cha\u00eene WhatsApp<\/a> et <a href=\"https:\/\/www.tiktok.com\/@76actu.fr?lang=fr\" target=\"_blank\" rel=\"noopener\">sur notre compte TikTok<\/a>Vid\u00e9os : en ce moment sur Actu<\/p>\n<p class=\" wall-content\">Suivez toute l\u2019actualit\u00e9 de vos villes et m\u00e9dias favoris en vous inscrivant \u00e0 <a href=\"https:\/\/moncompte.actu.fr\" title=\"D\u00e9couvez Mon Actu\" rel=\"nofollow noopener\" data-trk=\"{&quot;cta&quot;:{&quot;action&quot;:&quot;https:\\\/\\\/moncompte.actu.fr&quot;,&quot;category&quot;:&quot;mon compte&quot;,&quot;from&quot;:&quot;article footer&quot;,&quot;name&quot;:&quot;Mon actu&quot;,&quot;type&quot;:&quot;cta&quot;}}\" target=\"_blank\">Mon Actu<\/a>.<\/p>\n<p>                    <script async src=\"\/\/www.tiktok.com\/embed.js\"><\/script><\/p>\n","protected":false},"excerpt":{"rendered":"Par Julien Bouteiller Publi\u00e9 le 15 avr. 2025 \u00e0 20h08 Le tournage d\u2019un clip de rap a vir\u00e9&hellip;\n","protected":false},"author":2,"featured_media":42052,"comment_status":"","ping_status":"","sticky":false,"template":"","format":"standard","meta":{"footnotes":""},"categories":[9587],"tags":[1111,11,1777,674,118,1011,27,12,5161,1072,3616,25,9590,7501],"class_list":{"0":"post-42051","1":"post","2":"type-post","3":"status-publish","4":"format-standard","5":"has-post-thumbnail","7":"category-rouen","8":"tag-actu","9":"tag-actualites","10":"tag-eu","11":"tag-europe","12":"tag-faits-divers","13":"tag-fr","14":"tag-france","15":"tag-news","16":"tag-normandie","17":"tag-police","18":"tag-rap","19":"tag-republique-francaise","20":"tag-rouen","21":"tag-violences-urbaines"},"share_on_mastodon":{"url":"https:\/\/pubeurope.com\/@fr\/114377223261626888","error":""},"_links":{"self":[{"href":"https:\/\/www.europesays.com\/fr\/wp-json\/wp\/v2\/posts\/42051","targetHints":{"allow":["GET"]}}],"collection":[{"href":"https:\/\/www.europesays.com\/fr\/wp-json\/wp\/v2\/posts"}],"about":[{"href":"https:\/\/www.europesays.com\/fr\/wp-json\/wp\/v2\/types\/post"}],"author":[{"embeddable":true,"href":"https:\/\/www.europesays.com\/fr\/wp-json\/wp\/v2\/users\/2"}],"replies":[{"embeddable":true,"href":"https:\/\/www.europesays.com\/fr\/wp-json\/wp\/v2\/comments?post=42051"}],"version-history":[{"count":0,"href":"https:\/\/www.europesays.com\/fr\/wp-json\/wp\/v2\/posts\/42051\/revisions"}],"wp:featuredmedia":[{"embeddable":true,"href":"https:\/\/www.europesays.com\/fr\/wp-json\/wp\/v2\/media\/42052"}],"wp:attachment":[{"href":"https:\/\/www.europesays.com\/fr\/wp-json\/wp\/v2\/media?parent=42051"}],"wp:term":[{"taxonomy":"category","embeddable":true,"href":"https:\/\/www.europesays.com\/fr\/wp-json\/wp\/v2\/categories?post=42051"},{"taxonomy":"post_tag","embeddable":true,"href":"https:\/\/www.europesays.com\/fr\/wp-json\/wp\/v2\/tags?post=42051"}],"curies":[{"name":"wp","href":"https:\/\/api.w.org\/{rel}","templated":true}]}}