{"id":420517,"date":"2025-09-27T03:53:11","date_gmt":"2025-09-27T03:53:11","guid":{"rendered":"https:\/\/www.europesays.com\/fr\/420517\/"},"modified":"2025-09-27T03:53:11","modified_gmt":"2025-09-27T03:53:11","slug":"seance-de-dedicaces-au-stade-sur-le-livre-hommage-a-alfred-roques","status":"publish","type":"post","link":"https:\/\/www.europesays.com\/fr\/420517\/","title":{"rendered":"S\u00e9ance de d\u00e9dicaces au stade sur le livre Hommage \u00e0 Alfred Roques"},"content":{"rendered":"<p>Jean-Louis Conte, auteur d\u2019un livre Hommage \u00e0 Alfred Roques, sera pr\u00e9sent dimanche au stade de la Douve \u00e0 Luzech, \u00e0 partir de 15 heures, pour une s\u00e9ance de d\u00e9dicaces r\u00e9alis\u00e9e en partenariat avec la librairie \u00ab\u00a0Le bon air est dans les livres\u00a0\u00bb install\u00e9e r\u00e9cemment \u00e0 Albas.<\/p>\n<p>L\u2019auteur a tr\u00e8s t\u00f4t pratiqu\u00e9 le rugby en cadets et en juniors au stade cadurcien. Il est devenu aussi un des plus jeunes arbitres de la r\u00e9gion Midi-Pyr\u00e9n\u00e9es. Il a \u00e9t\u00e9 \u00e9ducateur durant 4 ans \u00e0 l\u2019\u00e9cole de rugby de Saint-Laurent-du-Maroni (Guyane). Il s\u2019est associ\u00e9 \u00e0 Gilles Chevriau, \u00e9diteur lotois, pour proposer cet ouvrage de 80 pages et de nombreux t\u00e9moignages et illustrations (archives familiales, clubs, articles de presse\u2026) format 21 x 21 cm<\/p>\n<p>Alfred Roques est n\u00e9 dans le petit village de Martissan, commune de Cazes-Mondenard. Affectueusement appel\u00e9 \u00ab\u00a0le p\u00e9p\u00e9 du Quercy\u00a0\u00bb, il a commenc\u00e9 par jouer au football sous les couleurs du Cazes Olympique \u00e0 Cazes-Mondenard. Rep\u00e9r\u00e9 pour ses qualit\u00e9s hors du commun par des dirigeants du club de Moissac, il d\u00e9bute dans le rugby \u00e0 l\u2019\u00e2ge de 26 ans.<\/p>\n<p>Puis il signe au club de Cahors d\u00e8s 1953. Avec le Stade cadurcien, il est champion de France de 2e \u1d49 division en 1955 et acc\u00e8de \u00e0 la premi\u00e8re division.<\/p>\n<p>Alfred Roques obtient sa premi\u00e8re cape d\u2019international en 1958, \u00e0 l\u2019\u00e2ge de 33 ans, l\u00e0 o\u00f9 la plupart des joueurs arr\u00eatent leur carri\u00e8re. De 1958 \u00e0 1965, il participe \u00e0 six Tournois des 5 Nations, vainqueur \u00e0 quatre reprises de 1960 \u00e0 1965. Mais les matchs r\u00e9f\u00e9rences d\u2019Alfred Roques sont ceux de la tourn\u00e9e en Afrique du Sud en 1958. Baptis\u00e9 \u00ab\u00a0The Rock\u00a0\u00bb par ses adversaires, Alfred entre dans la l\u00e9gende.<\/p>\n","protected":false},"excerpt":{"rendered":"Jean-Louis Conte, auteur d\u2019un livre Hommage \u00e0 Alfred Roques, sera pr\u00e9sent dimanche au stade de la Douve \u00e0&hellip;\n","protected":false},"author":2,"featured_media":420518,"comment_status":"","ping_status":"","sticky":false,"template":"","format":"standard","meta":{"footnotes":""},"categories":[1357],"tags":[1379,58,59,1011,27,1380],"class_list":{"0":"post-420517","1":"post","2":"type-post","3":"status-publish","4":"format-standard","5":"has-post-thumbnail","7":"category-livres","8":"tag-books","9":"tag-divertissement","10":"tag-entertainment","11":"tag-fr","12":"tag-france","13":"tag-livres"},"share_on_mastodon":{"url":"https:\/\/pubeurope.com\/@fr\/115274239453464577","error":""},"_links":{"self":[{"href":"https:\/\/www.europesays.com\/fr\/wp-json\/wp\/v2\/posts\/420517","targetHints":{"allow":["GET"]}}],"collection":[{"href":"https:\/\/www.europesays.com\/fr\/wp-json\/wp\/v2\/posts"}],"about":[{"href":"https:\/\/www.europesays.com\/fr\/wp-json\/wp\/v2\/types\/post"}],"author":[{"embeddable":true,"href":"https:\/\/www.europesays.com\/fr\/wp-json\/wp\/v2\/users\/2"}],"replies":[{"embeddable":true,"href":"https:\/\/www.europesays.com\/fr\/wp-json\/wp\/v2\/comments?post=420517"}],"version-history":[{"count":0,"href":"https:\/\/www.europesays.com\/fr\/wp-json\/wp\/v2\/posts\/420517\/revisions"}],"wp:featuredmedia":[{"embeddable":true,"href":"https:\/\/www.europesays.com\/fr\/wp-json\/wp\/v2\/media\/420518"}],"wp:attachment":[{"href":"https:\/\/www.europesays.com\/fr\/wp-json\/wp\/v2\/media?parent=420517"}],"wp:term":[{"taxonomy":"category","embeddable":true,"href":"https:\/\/www.europesays.com\/fr\/wp-json\/wp\/v2\/categories?post=420517"},{"taxonomy":"post_tag","embeddable":true,"href":"https:\/\/www.europesays.com\/fr\/wp-json\/wp\/v2\/tags?post=420517"}],"curies":[{"name":"wp","href":"https:\/\/api.w.org\/{rel}","templated":true}]}}