{"id":420525,"date":"2025-09-27T03:57:12","date_gmt":"2025-09-27T03:57:12","guid":{"rendered":"https:\/\/www.europesays.com\/fr\/420525\/"},"modified":"2025-09-27T03:57:12","modified_gmt":"2025-09-27T03:57:12","slug":"a-quoi-pensez-vous-en-vous-endormant-ces-quelques-minutes-secretes-qui-interessent-la-recherche","status":"publish","type":"post","link":"https:\/\/www.europesays.com\/fr\/420525\/","title":{"rendered":"\u00c0 quoi pensez-vous en vous endormant\u00a0? Ces quelques minutes secr\u00e8tes qui int\u00e9ressent la recherche"},"content":{"rendered":"<p>    Cette courte phase de l\u2019endormissement, appel\u00e9e N1, est un \u00e9tat de transition qui am\u00e8ne le sujet de l\u2019\u00e9veil au sommeil l\u00e9ger.<br \/>\n                deagreez &#8211; stock.adobe.com<\/p>\n<p>\u00c0 l\u2019Institut du Cerveau, \u00e0 Paris, une \u00e9quipe scientifique explore le contenu mental lors de la phase de transition entre veille et sommeil, avec de possibles applications cliniques.<\/p>\n<p class=\"fig-paragraph\">Certains rejouen<a href=\"http:\/\/sante.lefigaro.fr\/psychologie\/comment-arreter-de-ruminer-des-pensees-negatives-pour-gagner-en-serenite-20241029\" data-fig-type=\"Article\" data-gtm-custom-categorie=\"navigation\" data-gtm-custom-action=\"crossclick\" data-gtm-custom-label=\"Contextuel\" data-gtm-event=\"customEventSPE\" data-fig-domain=\"SANTE\" rel=\"nofollow noopener\" target=\"_blank\">t les \u00e9v\u00e9nements de la journ\u00e9e<\/a>, parfois pour en changer le cours, d\u2019autres planifient le lendemain, se laissent bercer par des images, des sons ou des\u00a0<a href=\"https:\/\/sante.lefigaro.fr\/actualite\/2016\/07\/29\/25252-quoi-servent-reves\" data-fig-type=\"Article\" data-gtm-custom-categorie=\"navigation\" data-gtm-custom-action=\"crossclick\" data-gtm-custom-label=\"Contextuel\" data-gtm-event=\"customEventSPE\" data-fig-domain=\"SANTE\" rel=\"nofollow noopener\" target=\"_blank\">fragments de r\u00eave<\/a>&#8230; Et vous, \u00e0 quoi pensez-vous au moment de vous endormir\u00a0? La question est au c\u0153ur d\u2019une recherche men\u00e9e depuis trois ans \u00e0 l\u2019Institut du Cerveau, \u00e0 l\u2019h\u00f4pital de la Piti\u00e9 Salp\u00eatri\u00e8re (Paris). Contrairement au\u00a0<a href=\"https:\/\/sante.lefigaro.fr\/mieux-etre\/sommeil\/differents-stades-sommeil\/quel-pourcentage-nuit-chaque-cycle-sommeil-correspond-il\" target=\"_blank\" data-fig-type=\"Keyword\" rel=\"sponsored noopener nofollow\" data-gtm-custom-categorie=\"navigation\" data-gtm-custom-action=\"crossclick\" data-gtm-custom-label=\"Contextuel\" data-gtm-event=\"customEventSPE\" data-fig-domain=\"SANTE\">sommeil paradoxal<\/a>, un stade propice au r\u00eave qui passionne les scientifiques, le moment de l\u2019endormissement a \u00e9t\u00e9 peu \u00e9tudi\u00e9. \u00ab\u00a0Cette courte phase, aussi appel\u00e9e N1, est un \u00e9tat de transition qui am\u00e8ne le sujet de l\u2019\u00e9veil au sommeil l\u00e9ger, souligne Nicolas Decat, doctorant en neurosciences cognitives, \u00e0 l\u2019origine du projet. Il rec\u00e8le une grande richesse de contenu, mais nous y avons peu acc\u00e8s car il est difficile de s\u2019en souvenir.\u00a0\u00bb<\/p>\n<p class=\"fig-paragraph\">Pour cerner la diversit\u00e9 des perceptions durant ces quelques minutes, le chercheur a pr\u00e9vu d\u2019interroger 5000 personnes recrut\u00e9es dans diff\u00e9rentes cultures.\u00a0<a href=\"https:\/\/redcap-icm.icm-institute.org\/surveys\/?s=4P9FWKD8WX8FKRWK\" target=\"_blank\" rel=\"sponsored noopener nofollow\" data-gtm-custom-categorie=\"navigation\" data-gtm-custom-action=\"crossclick\" data-gtm-custom-label=\"Contextuel\" data-gtm-event=\"customEventSPE\">Un questionnaire\u2026<\/a><\/p>\n<p class=\"fig-premium-paywall__infos\">\n        Cet article est r\u00e9serv\u00e9 aux abonn\u00e9s.        Il vous reste 82% \u00e0 d\u00e9couvrir.\n    <\/p>\n<p>                <img  data- alt=\"Le Figaro\" class=\"fig-img--complete fig-img\"\/><\/p>\n<p class=\"fig-premium-paywall__title\">Vous avez envie de lire la suite ?<\/p>\n<p class=\"fig-premium-paywall__subtitle\">D\u00e9bloquez tous les articles imm\u00e9diatement.<\/p>\n<p class=\"fig-premium-paywall__connect\">\n                D\u00e9j\u00e0 abonn\u00e9\u00a0?                <a class=\"fig-premium-paywall__connect-link\" href=\"https:\/\/connect.lefigaro.fr\/login?client=sante_web&amp;type=main&amp;redirect_uri=https%3A%2F%2Fsante.lefigaro.fr%2Fsocial%2Fsante-publique%2Fa-quoi-pensez-vous-en-vous-endormant-ces-quelques-minutes-secretes-qui-interessent-la-recherche-20250926\" data-js-gtm=\"{&quot;customCategorie&quot;: &quot;conversion&quot;, &quot;customAction&quot;: &quot;before_Landing_Connexion_paywall_auto&quot;, &quot;customLabel&quot;: &quot;c2FudGUubGVmaWdhcm8uZnJfXzFmMDk5NTJjLTdkZDctNjFiMC04Y2Q2LTU5NDVkZjk5YTczNl9fQXJ0aWNsZQ==_\u00c0 quoi pensez-vous en vous endormant\u00a0? Ces quelques minutes secr\u00e8tes qui int\u00e9ressent la recherche_160&quot;, &quot;customIDSPE&quot;: &quot;c2FudGUubGVmaWdhcm8uZnJfXzFmMDk5NTJjLTdkZDctNjFiMC04Y2Q2LTU5NDVkZjk5YTczNl9fQXJ0aWNsZQ==&quot;, &quot;event&quot;: &quot;customEventSPE&quot;}\" rel=\"nofollow noopener\" target=\"_blank\"><br \/>\n                    Connectez-vous<br \/>\n                <\/a>\n            <\/p>\n","protected":false},"excerpt":{"rendered":"Cette courte phase de l\u2019endormissement, appel\u00e9e N1, est un \u00e9tat de transition qui am\u00e8ne le sujet de l\u2019\u00e9veil&hellip;\n","protected":false},"author":2,"featured_media":420526,"comment_status":"","ping_status":"","sticky":false,"template":"","format":"standard","meta":{"footnotes":""},"categories":[10],"tags":[1011,27,72,15300,71,279],"class_list":{"0":"post-420525","1":"post","2":"type-post","3":"status-publish","4":"format-standard","5":"has-post-thumbnail","7":"category-sante","8":"tag-fr","9":"tag-france","10":"tag-health","11":"tag-reve","12":"tag-sante","13":"tag-sommeil"},"share_on_mastodon":{"url":"https:\/\/pubeurope.com\/@fr\/115274255164487916","error":""},"_links":{"self":[{"href":"https:\/\/www.europesays.com\/fr\/wp-json\/wp\/v2\/posts\/420525","targetHints":{"allow":["GET"]}}],"collection":[{"href":"https:\/\/www.europesays.com\/fr\/wp-json\/wp\/v2\/posts"}],"about":[{"href":"https:\/\/www.europesays.com\/fr\/wp-json\/wp\/v2\/types\/post"}],"author":[{"embeddable":true,"href":"https:\/\/www.europesays.com\/fr\/wp-json\/wp\/v2\/users\/2"}],"replies":[{"embeddable":true,"href":"https:\/\/www.europesays.com\/fr\/wp-json\/wp\/v2\/comments?post=420525"}],"version-history":[{"count":0,"href":"https:\/\/www.europesays.com\/fr\/wp-json\/wp\/v2\/posts\/420525\/revisions"}],"wp:featuredmedia":[{"embeddable":true,"href":"https:\/\/www.europesays.com\/fr\/wp-json\/wp\/v2\/media\/420526"}],"wp:attachment":[{"href":"https:\/\/www.europesays.com\/fr\/wp-json\/wp\/v2\/media?parent=420525"}],"wp:term":[{"taxonomy":"category","embeddable":true,"href":"https:\/\/www.europesays.com\/fr\/wp-json\/wp\/v2\/categories?post=420525"},{"taxonomy":"post_tag","embeddable":true,"href":"https:\/\/www.europesays.com\/fr\/wp-json\/wp\/v2\/tags?post=420525"}],"curies":[{"name":"wp","href":"https:\/\/api.w.org\/{rel}","templated":true}]}}