{"id":420527,"date":"2025-09-27T03:58:10","date_gmt":"2025-09-27T03:58:10","guid":{"rendered":"https:\/\/www.europesays.com\/fr\/420527\/"},"modified":"2025-09-27T03:58:10","modified_gmt":"2025-09-27T03:58:10","slug":"murillo-en-sauveur-la-pepite-barco-gouiri-perd-des-points-les-tops-et-flops","status":"publish","type":"post","link":"https:\/\/www.europesays.com\/fr\/420527\/","title":{"rendered":"Murillo en sauveur, la p\u00e9pite Barco, Gouiri perd des points&#8230; Les Tops et flops"},"content":{"rendered":"<p>L\u2019Olympique de Marseille s\u2019impose difficilement dans les derniers instants sur la pelouse de Strasbourg et prend provisoirement la t\u00eate de la Ligue 1.<\/p>\n<p class=\"fig-paragraph\">TOPS<\/p>\n<p>Murillo, le h\u00e9ros<\/p>\n<p class=\"fig-paragraph\">Relay\u00e9 sur le banc sur les derni\u00e8res sorties de son \u00e9quipe, Amir Murillo a saisi sa chance ce vendredi soir. Infatigable, il n\u2019a pas \u00e9conomis\u00e9 ses efforts que ce soit sur le plan offensif ou d\u00e9fensif. Le Panam\u00e9en a \u00e9t\u00e9 r\u00e9compens\u00e9 dans le temps additionnel. Apr\u00e8s une t\u00eate de Robinio Vaz repouss\u00e9e par la barre transversale, il a ajust\u00e9 Mike Penders du gauche pour offrir\u00a0<a href=\"http:\/\/www.lefigaro.fr\/sports\/football\/ligue-1\/ligue-1-apres-l-exploit-face-au-psg-l-om-renverse-strasbourg-et-prend-provisoirement-les-renes-20250926\" data-fig-type=\"NewsFlash\" data-gtm-custom-categorie=\"navigation\" data-gtm-custom-action=\"crossclick\" data-gtm-custom-label=\"Contextuel\" data-gtm-event=\"customEventSPE\" data-fig-domain=\"LEFIGARO\" target=\"_blank\" rel=\"noopener\">la victoire \u00e0 l\u2019OM sur le terrain de Strasbourg (1-2)<\/a>. Le lat\u00e9ral a prouv\u00e9 ce vendredi \u00e0 Roberto De Zerbi qu\u2019il peut toujours compter sur lui.<\/p>\n<p class=\"fig-body-link\">\n            \u00c0 lire aussi<br \/>\n        <a class=\"fig-body-link__link\" href=\"http:\/\/www.lefigaro.fr\/sports\/football\/ligue-1\/ligue-1-le-but-de-la-victoire-de-l-om-en-video-20250926\" data-fig-type=\"NewsFlash\" data-gtm-custom-categorie=\"navigation\" data-gtm-custom-action=\"crossclick\" data-gtm-custom-label=\"Contextuel\" data-gtm-event=\"customEventSPE\" data-fig-domain=\"LEFIGARO\" target=\"_blank\" rel=\"noopener\">Ligue 1\u00a0: le but de la victoire de l\u2019OM en vid\u00e9o<br \/>\n    <\/a>\n<\/p>\n<p>                                    <a class=\"fig-a11y-skip a11y-hidden\" href=\"#fig-a11y-skip-main-inarticle\"><br \/>\n        Passer la publicit\u00e9<br \/>\n    <\/a><\/p>\n<p>Aubameyang, toujours pr\u00e9sent<\/p>\n<p class=\"fig-paragraph\">Rest\u00e9 sur le banc au coup d\u2019envoi, Pierre-Emerick Aubameyang a prouv\u00e9 qu\u2019il restait un atout majeur dans le secteur offensif olympien. Son but \u00e9galisateur a relanc\u00e9 son \u00e9quipe dans un match mal embarqu\u00e9. \u00c0 l\u2019image des autres entrants, il a redynamis\u00e9 le secteur offensif en manque de solutions. Son exp\u00e9rience et son sens du but ont fait la diff\u00e9rence. \u00abC\u2019\u00e9tait une bonne entr\u00e9e\u2026 de tous les entrants. On avait besoin de faire un r\u00e9sultat, d\u2019envoyer un message positif pour tout le club. C\u2019\u00e9tait un match difficile face \u00e0 une \u00e9quipe de Strasbourg qui joue bien. On a \u00e9t\u00e9 la chercher au mental et les entrants ont fait la diff\u00e9rence\u00bb, a-t-il indiqu\u00e9, lui qui reste un atout important de l\u2019OM, notamment dans les soir\u00e9es importantes, du haut de ses 36 ans.<\/p>\n<p class=\"fig-body-link\">\n            \u00c0 lire aussi<br \/>\n        <a class=\"fig-body-link__link\" href=\"http:\/\/www.lefigaro.fr\/sports\/football\/ligue-1\/strasbourg-om-on-a-ete-la-chercher-au-mental-savoure-aubameyang-20250926\" data-fig-type=\"NewsFlash\" data-gtm-custom-categorie=\"navigation\" data-gtm-custom-action=\"crossclick\" data-gtm-custom-label=\"Contextuel\" data-gtm-event=\"customEventSPE\" data-fig-domain=\"LEFIGARO\" target=\"_blank\" rel=\"noopener\">Strasbourg-OM\u00a0: \u00abOn a \u00e9t\u00e9 la chercher au mental\u00bb, savoure Aubameyang<br \/>\n    <\/a>\n<\/p>\n<p>Barco, une p\u00e9pite pleine de maturit\u00e9<\/p>\n<p class=\"fig-paragraph\">\u00c0 21 ans, Valentin Barco a impressionn\u00e9 par sa maturit\u00e9 sur cette rencontre. Avec le ballon, le milieu argentin a r\u00e9alis\u00e9 un festival offensif, sombrero, semelle&#8230; Il a su garder la t\u00eate froide et orienter le jeu alsacien. Sans ballon, il a multipli\u00e9 les efforts d\u00e9fensifs, au point d\u2019\u00e9c\u0153urer l\u2019OM pendant la quasi-totalit\u00e9 de la partie. M\u00eame dans la d\u00e9faite, il a confirm\u00e9 l\u2019\u00e9tendue son talent. C\u00f4t\u00e9 Strasbourg, on notera aussi l\u2019impact d\u2019Emmanuel Emegha, passeur d\u00e9cisif pour Abdoul Ouattara. Las, le N\u00e9erlandais est sorti sur blessure&#8230; Une sortie qui a chang\u00e9 la face de la rencontre et a permis aux Marseillais de presser beaucoup plus haut sur la fin de la rencontre.<\/p>\n<p class=\"fig-paragraph\">FLOPS<\/p>\n<p>Paez, titularisation sans \u00e9clat<\/p>\n<p class=\"fig-paragraph\">R\u00e9compens\u00e9 d\u2019une titularisation apr\u00e8s son but face au Paris FC (victoire 3-2), le week-end dernier, l\u2019\u00c9quatorien Kendry P\u00e1ez a cette fois rat\u00e9 son rendez-vous. Trop discret, il a touch\u00e9 tr\u00e8s peu de ballons dans le camp adverse. Transparent, au contraire de ses comp\u00e8res de l\u2019attaque Emmanuel Emegha et Diego Moreira, il n\u2019a jamais pos\u00e9 de probl\u00e8me \u00e0 la d\u00e9fense marseillaise. Il a d\u2019ailleurs \u00e9t\u00e9 sorti \u00e0 la mi-temps par Liam Rosenior.<\/p>\n<p>Gouiri en manque d\u2019efficacit\u00e9<\/p>\n<p class=\"fig-paragraph\">L\u2019Alg\u00e9rien Amine Gouiri a eu les opportunit\u00e9s mais n\u2019a pas su les convertir. En premi\u00e8re p\u00e9riode, il a manqu\u00e9 des occasions franches qui auraient pu changer le cours du match. Pr\u00e9cieux dans le jeu depuis des semaines, il manque terriblement de confiance devant le but et affiche une inefficacit\u00e9 offensive criante. Son dernier but en comp\u00e9tition officielle remonte \u00e0 la rencontre face au Havre en mai dernier. Il avait inscrit un doubl\u00e9 ce soir-l\u00e0. \u00c0 l\u2019inverse d\u2019Aubameyang, il perd des points ce vendredi soir&#8230;<\/p>\n","protected":false},"excerpt":{"rendered":"L\u2019Olympique de Marseille s\u2019impose difficilement dans les derniers instants sur la pelouse de Strasbourg et prend provisoirement la&hellip;\n","protected":false},"author":2,"featured_media":420528,"comment_status":"","ping_status":"","sticky":false,"template":"","format":"standard","meta":{"footnotes":""},"categories":[9],"tags":[1011,27,149,38746,4448,60],"class_list":{"0":"post-420527","1":"post","2":"type-post","3":"status-publish","4":"format-standard","5":"has-post-thumbnail","7":"category-sports","8":"tag-fr","9":"tag-france","10":"tag-om","11":"tag-pierre-emerick-aubameyang","12":"tag-rc-strasbourg","13":"tag-sports"},"share_on_mastodon":{"url":"https:\/\/pubeurope.com\/@fr\/115274259122063148","error":""},"_links":{"self":[{"href":"https:\/\/www.europesays.com\/fr\/wp-json\/wp\/v2\/posts\/420527","targetHints":{"allow":["GET"]}}],"collection":[{"href":"https:\/\/www.europesays.com\/fr\/wp-json\/wp\/v2\/posts"}],"about":[{"href":"https:\/\/www.europesays.com\/fr\/wp-json\/wp\/v2\/types\/post"}],"author":[{"embeddable":true,"href":"https:\/\/www.europesays.com\/fr\/wp-json\/wp\/v2\/users\/2"}],"replies":[{"embeddable":true,"href":"https:\/\/www.europesays.com\/fr\/wp-json\/wp\/v2\/comments?post=420527"}],"version-history":[{"count":0,"href":"https:\/\/www.europesays.com\/fr\/wp-json\/wp\/v2\/posts\/420527\/revisions"}],"wp:featuredmedia":[{"embeddable":true,"href":"https:\/\/www.europesays.com\/fr\/wp-json\/wp\/v2\/media\/420528"}],"wp:attachment":[{"href":"https:\/\/www.europesays.com\/fr\/wp-json\/wp\/v2\/media?parent=420527"}],"wp:term":[{"taxonomy":"category","embeddable":true,"href":"https:\/\/www.europesays.com\/fr\/wp-json\/wp\/v2\/categories?post=420527"},{"taxonomy":"post_tag","embeddable":true,"href":"https:\/\/www.europesays.com\/fr\/wp-json\/wp\/v2\/tags?post=420527"}],"curies":[{"name":"wp","href":"https:\/\/api.w.org\/{rel}","templated":true}]}}