{"id":420537,"date":"2025-09-27T04:03:14","date_gmt":"2025-09-27T04:03:14","guid":{"rendered":"https:\/\/www.europesays.com\/fr\/420537\/"},"modified":"2025-09-27T04:03:14","modified_gmt":"2025-09-27T04:03:14","slug":"manifestion-antifasciste-a-brest-le-maire-juge-regrettable-les-heurts-cadalen-fustige-le-culot-absolu-de-ledile","status":"publish","type":"post","link":"https:\/\/www.europesays.com\/fr\/420537\/","title":{"rendered":"Manifestion antifasciste \u00e0 Brest : le maire juge \u00ab\u00a0regrettable\u00a0\u00bb les heurts, Cadalen fustige \u00ab le culot absolu\u00bb de l\u2019\u00e9dile"},"content":{"rendered":"<p>Suite \u00e0 la <a href=\"https:\/\/www.letelegramme.fr\/finistere\/brest-29200\/ils-sont-dangereux-on-est-nombreux-a-brest-1-500-manifestants-au-rassemblement-antifasciste-marque-par-des-heurts-avec-la-police-6897461.php\" title=\"www.letelegramme.fr\" target=\"_blank\" rel=\"noopener\">manifestation antifasciste du jeudi 25 septembre 2025<\/a> \u00e0 Brest, le maire, Fran\u00e7ois Cuillandre, a tenu \u00e0 r\u00e9agir. \u00ab\u00a0Le\u00a0rassemblement contre le fascisme a r\u00e9uni plus de 1\u00a0500\u00a0personnes qui \u00e9taient venues pacifiquement affirmer leurs valeurs humanistes et d\u00e9mocratiques face \u00e0 la violence, la haine et l\u2019intol\u00e9rance profess\u00e9es par l\u2019extr\u00eame droite. H\u00e9las, en fin de manifestation, quelques dizaines d\u2019individus se sont affront\u00e9es avec les forces de l\u2019ordre, ce qui dessert profond\u00e9ment la cause qu\u2019ils pr\u00e9tendent d\u00e9fendre. Les organisateurs de ce rassemblement ne peuvent pas valider l\u2019action de ces fauteurs de troubles\u00a0\u00bb, indique-t-il dans un communiqu\u00e9. \u00ab\u00a0Pour ma part, je trouve cela vraiment regrettable et je salue l\u2019intervention de la Police nationale et de toutes celles et ceux qui ont su rapidement\u00a0g\u00e9rer les tensions pour assurer le\u00a0retour au calme\u00a0\u00bb, ajoute-t-il. <\/p>\n<p>Le PS attend des d\u00e9put\u00e9s LFI une condamnation des violences<\/p>\n<p>\u00ab Nous attendons des d\u00e9put\u00e9s Rapha\u00ebl Arnault et Pierre-Yves Cadalen qu\u2019ils condamnent clairement et fermement ces violences. On ne peut pr\u00e9tendre combattre l\u2019extr\u00eame droite tout en fermant les yeux sur des d\u00e9bordements qui d\u00e9cr\u00e9dibilisent ce combat essentiel \u00bb, demande de son c\u00f4t\u00e9 le Parti socialiste brestois dans un autre communiqu\u00e9. <\/p>\n<p>Le strat\u00e9gie pr\u00e9fectorale en cause pour les organisations<\/p>\n<p>Pour un collectif d\u2019organisations associatives, syndicales et politiques (Adjim, Afps, Ldh, Planning familial, Jeunes insoumis.es, Les \u00e9cologistes, Lfi, et Pcf), c\u2019est surtout l\u2019approche pr\u00e9fectorale qu\u2019il faut mettre en cause. Et de d\u00e9plorer \u00ab la strat\u00e9gie de tension organis\u00e9e par le sous-pr\u00e9fet, qui avait interdit toute manifestation sur la moiti\u00e9 du centre-ville, \u00e9tait \u00e9vidente. Alors qu\u2019il aurait d\u00fb tout mettre en \u0153uvre, compte tenu du contexte, pour que cela se passe bien, il a choisi l\u2019inverse : d\u00e9ployer un dispositif policier totalement disproportionn\u00e9 et anxiog\u00e8ne. Cette strat\u00e9gie de provocation a malheureusement partiellement atteint son but. Nous regrettons\u00a0qu\u2019une extr\u00eame minorit\u00e9\u00a0d\u2019individus soient tomb\u00e9s\u00a0dans ce pi\u00e8ge\u00a0pourtant si \u00e9vident\u00a0\u00bb.<\/p>\n<p>Pierre-Yves Cadalen : \u00ab une faute politique \u00bb du maire <\/p>\n<p>En fin de journ\u00e9e, le d\u00e9put\u00e9 LFI Pierre-Yves Cadalen est sorti de ses gongs. \u00ab Par son absence au rassemblement massif, le Parti socialiste brestois s\u2019est couvert de honte \u00bb, \u00e9crit le d\u00e9put\u00e9, avant de s\u2019en prendre ouvertement \u00e0 Fran\u00e7ois Cuillandre. \u00ab Je n\u2019ai pas de le\u00e7on d\u2019antifascisme \u00e0 recevoir de la part d\u2019un maire auquel il aura fallu trois agressions fascistes avant de r\u00e9agir publiquement. Son absence de r\u00e9action \u00e0 la suite de l\u2019agression de militants insoumis, dont mon compagnon, \u00e9tait inacceptable. Son absence aux manifestations, une faute politique. Pr\u00e9tendre donner la le\u00e7on apr\u00e8s cela, un culot absolu. A croire que quand il faut parler, il se tait, et quand il faudrait \u00eatre l\u00e0, il est absent.\u00bb<\/p>\n","protected":false},"excerpt":{"rendered":"Suite \u00e0 la manifestation antifasciste du jeudi 25 septembre 2025 \u00e0 Brest, le maire, Fran\u00e7ois Cuillandre, a tenu&hellip;\n","protected":false},"author":2,"featured_media":420538,"comment_status":"","ping_status":"","sticky":false,"template":"","format":"standard","meta":{"footnotes":""},"categories":[4],"tags":[11,3450,1011,27,2088,12,25,801,2949],"class_list":{"0":"post-420537","1":"post","2":"type-post","3":"status-publish","4":"format-standard","5":"has-post-thumbnail","7":"category-france","8":"tag-actualites","9":"tag-brest","10":"tag-fr","11":"tag-france","12":"tag-manifestation","13":"tag-news","14":"tag-republique-francaise","15":"tag-social","16":"tag-violences"},"share_on_mastodon":{"url":"https:\/\/pubeurope.com\/@fr\/115274278760549533","error":""},"_links":{"self":[{"href":"https:\/\/www.europesays.com\/fr\/wp-json\/wp\/v2\/posts\/420537","targetHints":{"allow":["GET"]}}],"collection":[{"href":"https:\/\/www.europesays.com\/fr\/wp-json\/wp\/v2\/posts"}],"about":[{"href":"https:\/\/www.europesays.com\/fr\/wp-json\/wp\/v2\/types\/post"}],"author":[{"embeddable":true,"href":"https:\/\/www.europesays.com\/fr\/wp-json\/wp\/v2\/users\/2"}],"replies":[{"embeddable":true,"href":"https:\/\/www.europesays.com\/fr\/wp-json\/wp\/v2\/comments?post=420537"}],"version-history":[{"count":0,"href":"https:\/\/www.europesays.com\/fr\/wp-json\/wp\/v2\/posts\/420537\/revisions"}],"wp:featuredmedia":[{"embeddable":true,"href":"https:\/\/www.europesays.com\/fr\/wp-json\/wp\/v2\/media\/420538"}],"wp:attachment":[{"href":"https:\/\/www.europesays.com\/fr\/wp-json\/wp\/v2\/media?parent=420537"}],"wp:term":[{"taxonomy":"category","embeddable":true,"href":"https:\/\/www.europesays.com\/fr\/wp-json\/wp\/v2\/categories?post=420537"},{"taxonomy":"post_tag","embeddable":true,"href":"https:\/\/www.europesays.com\/fr\/wp-json\/wp\/v2\/tags?post=420537"}],"curies":[{"name":"wp","href":"https:\/\/api.w.org\/{rel}","templated":true}]}}