{"id":420543,"date":"2025-09-27T04:06:32","date_gmt":"2025-09-27T04:06:32","guid":{"rendered":"https:\/\/www.europesays.com\/fr\/420543\/"},"modified":"2025-09-27T04:06:32","modified_gmt":"2025-09-27T04:06:32","slug":"saint-etienne-les-habitants-sinteressent-ils-au-proces-perdriau","status":"publish","type":"post","link":"https:\/\/www.europesays.com\/fr\/420543\/","title":{"rendered":"Saint-Etienne. Les habitants s&rsquo;int\u00e9ressent-ils au proc\u00e8s Perdriau ?"},"content":{"rendered":"<p><img loading=\"lazy\" decoding=\"async\" alt=\"\u00a9 Nahim Idir - La m\u00e9t\u00e9o comme les discussions autour du proc\u00e8s Perdriau sont plut\u00f4t froides cette semaine \u00e0 Saint-\u00c9tienne.\" data-zoom-src=\"https:\/\/www.europesays.com\/fr\/wp-content\/uploads\/2025\/09\/initial-que-pensent-les-habitants-de-saint-etienne-du-proces-perdriau-credit-nahim-idir.jpg\" data-zoomable=\"\" height=\"702\" src=\"https:\/\/www.europesays.com\/fr\/wp-content\/uploads\/2025\/09\/initial-que-pensent-les-habitants-de-saint-etienne-du-proces-perdriau-credit-nahim-idir.jpg\" width=\"1248\"\/>  <\/p>\n<p class=\"article-desc\">\u00a9 Nahim Idir &#8211; La m\u00e9t\u00e9o comme les discussions autour du proc\u00e8s Perdriau sont plut\u00f4t froides cette semaine \u00e0 Saint-\u00c9tienne. <\/p>\n<p>Jonathan fait office d\u2019ovni en cette matin\u00e9e pluvieuse \u00e0 <strong>Saint-\u00c9tienne<\/strong>. Il brave la pluie et s\u2019attelle \u00e0 d\u00e9tacher l\u2019anti-vol de son v\u00e9lo, mais surtout il suit assid\u00fbment le <strong>proc\u00e8s Perdriau<\/strong>. R\u00e9fugi\u00e9 sous les arcades de l\u2019h\u00f4tel de ville, il confie : \u00ab\u00a0avoir mis les notifications pour me tenir inform\u00e9. Ce n\u2019est pas tous les jours qu\u2019un maire en fonction passe devant le tribunal, je trouve important de se tenir inform\u00e9.\u00a0\u00bb <\/p>\n<p>Trop long, mauvaise image de la ville : une ambiance morose \u00e0 Saint-\u00c9tienne autour de l&rsquo;affaire Perdriau <\/p>\n<p>C\u2019est bien sur ce point qu\u2019il se d\u00e9tache de la plupart des personnes interrog\u00e9es. Car pour la plupart, comme au Purple caf\u00e9, cette actualit\u00e9 est plut\u00f4t survol\u00e9e : \u00ab\u00a0J\u2019essaye de suivre, mais je n\u2019y pr\u00eate pas une attention particuli\u00e8re\u00a0\u00bb, lance K\u00e9vin De Sa, g\u00e9rant du bar avec son p\u00e8re, Jorge. Ce dernier constate que les discussions n\u2019ont pas \u00e9t\u00e9 centr\u00e9es sur ce proc\u00e8s : \u00ab\u00a0On n\u2019a pas vendu plus de journaux. Les gens peuvent r\u00e9agir en voyant la une, mais c\u2019est tout.\u00a0\u00bb <\/p>\n<p>\u00c0 quelques pas d\u2019ici, le son de cloche est similaire pour C\u00e9dric, g\u00e9rant du Caracas caf\u00e9 : \u00ab\u00a0Lors de la r\u00e9v\u00e9lation de l\u2019affaire, oui \u00e7a en parlait beaucoup mais depuis le souffl\u00e9 est retomb\u00e9.\u00a0\u00bb La faute selon lui \u00e0 une actualit\u00e9 judiciaire prenante [Sarkozy, Jubillar, NDLR] et \u00e0 une lassitude des habitants.<\/p>\n<p> La ville de Saint-\u00c9tienne \u00ab\u00a0restera associ\u00e9e \u00e0 cette affaire\u00a0\u00bb pendant longtemps <\/p>\n<p>Marie est une St\u00e9phanoise pur jus. Et pour cette femme d\u2019une cinquantaine d\u2019ann\u00e9es le proc\u00e8s fait : \u00ab\u00a0surtout du mal \u00e0 l\u2019image de la ville. Quel que soit le r\u00e9sultat on a l\u2019impression de sortir perdant, Saint-\u00c9tienne sera associ\u00e9e \u00e0 cette affaire pendant un bon moment.\u00a0\u00bb <\/p>\n<p>Jean ne porte pas plus l\u2019\u00e9dile Ga\u00ebl Perdriau dans son c\u0153ur, mais assis devant son caf\u00e9, il rel\u00e8ve tout de m\u00eame une chose : \u00ab\u00a0Il ne s&rsquo;est jamais cach\u00e9. Il aurait pu s\u2019enfermer dans sa mairie, mais il a continu\u00e9 \u00e0 se rendre sur le terrain.\u00a0\u00bb <\/p>\n<p>Si la trentaine de personnes interrog\u00e9es ont toutes en t\u00eate <a href=\"https:\/\/mesinfos.fr\/auvergne-rhone-alpes\/chantage-a-la-mairie-de-saint-etienne-derniers-silences-avant-l-ouverture-d-un-proces-attendu-230332.html\" target=\"_blank\" rel=\"noopener\">que le proc\u00e8s Perdriau a commenc\u00e9<\/a>, ils sont une infime partie \u00e0 pr\u00eater une attention particuli\u00e8re \u00e0 son d\u00e9roulement. <\/p>\n<p>Loin de se pr\u00e9occuper du sort du maire, ils ont plus \u00e0 c\u0153ur de profiter de questions que nous leur posons pour constater avec tristesse la perte de vie et de commerce du centre-ville. \u00ab\u00a0Ce qui va arriver \u00e0 Perdriau, c\u2019est bien le dernier de mes probl\u00e8mes\u00a0\u00bb, nous l\u00e2che m\u00eame une commer\u00e7ante pr\u00e9sente place de l\u2019H\u00f4tel-de-Ville.<\/p>\n","protected":false},"excerpt":{"rendered":"\u00a9 Nahim Idir &#8211; La m\u00e9t\u00e9o comme les discussions autour du proc\u00e8s Perdriau sont plut\u00f4t froides cette semaine&hellip;\n","protected":false},"author":2,"featured_media":420544,"comment_status":"","ping_status":"","sticky":false,"template":"","format":"standard","meta":{"footnotes":""},"categories":[9653],"tags":[1111,11,42797,2430,54968,1777,674,1011,27,27954,12,5927,25,4001],"class_list":{"0":"post-420543","1":"post","2":"type-post","3":"status-publish","4":"format-standard","5":"has-post-thumbnail","7":"category-saint-etienne","8":"tag-actu","9":"tag-actualites","10":"tag-affaire-perdriau","11":"tag-auvergne-rhone-alpes","12":"tag-chantage-u00e0-la-video-intime","13":"tag-eu","14":"tag-europe","15":"tag-fr","16":"tag-france","17":"tag-gau00ebl-perdriau","18":"tag-news","19":"tag-procu00e8s","20":"tag-republique-francaise","21":"tag-saint-etienne"},"share_on_mastodon":{"url":"https:\/\/pubeurope.com\/@fr\/115274290871002414","error":""},"_links":{"self":[{"href":"https:\/\/www.europesays.com\/fr\/wp-json\/wp\/v2\/posts\/420543","targetHints":{"allow":["GET"]}}],"collection":[{"href":"https:\/\/www.europesays.com\/fr\/wp-json\/wp\/v2\/posts"}],"about":[{"href":"https:\/\/www.europesays.com\/fr\/wp-json\/wp\/v2\/types\/post"}],"author":[{"embeddable":true,"href":"https:\/\/www.europesays.com\/fr\/wp-json\/wp\/v2\/users\/2"}],"replies":[{"embeddable":true,"href":"https:\/\/www.europesays.com\/fr\/wp-json\/wp\/v2\/comments?post=420543"}],"version-history":[{"count":0,"href":"https:\/\/www.europesays.com\/fr\/wp-json\/wp\/v2\/posts\/420543\/revisions"}],"wp:featuredmedia":[{"embeddable":true,"href":"https:\/\/www.europesays.com\/fr\/wp-json\/wp\/v2\/media\/420544"}],"wp:attachment":[{"href":"https:\/\/www.europesays.com\/fr\/wp-json\/wp\/v2\/media?parent=420543"}],"wp:term":[{"taxonomy":"category","embeddable":true,"href":"https:\/\/www.europesays.com\/fr\/wp-json\/wp\/v2\/categories?post=420543"},{"taxonomy":"post_tag","embeddable":true,"href":"https:\/\/www.europesays.com\/fr\/wp-json\/wp\/v2\/tags?post=420543"}],"curies":[{"name":"wp","href":"https:\/\/api.w.org\/{rel}","templated":true}]}}