{"id":420556,"date":"2025-09-27T04:19:15","date_gmt":"2025-09-27T04:19:15","guid":{"rendered":"https:\/\/www.europesays.com\/fr\/420556\/"},"modified":"2025-09-27T04:19:15","modified_gmt":"2025-09-27T04:19:15","slug":"musee-de-grenoble-une-exposition-sur-une-sculptrice-majeure-du-xxe-siecle","status":"publish","type":"post","link":"https:\/\/www.europesays.com\/fr\/420556\/","title":{"rendered":"Mus\u00e9e de Grenoble : une exposition sur une sculptrice majeure du XXe si\u00e8cle"},"content":{"rendered":"<p>Son nom se prononce \u00ab\u00a0chapo-shnikof\u00a0\u00bb. <strong>Alina Szapocznikow (1926-1973)<\/strong> est \u00e9trangement moins connue du grand public que Niki de Saint-Phalle ou Louise Bourgeois et pourtant son talent et son parcours de vie en font <strong>une des sculptrices majeures du XXe si\u00e8cle<\/strong>. Treize ans apr\u00e8s le Moma de New York, c&rsquo;est le <strong>Mus\u00e9e de Grenoble<\/strong> qui met cette artiste polonaise \u00e0 l&rsquo;honneur en lui consacrant une exposition en forme de r\u00e9trospective. <\/p>\n<p>L&rsquo;\u00e9v\u00e9nement, r\u00e9alis\u00e9 en partenariat avec le Kuntsmuseum Ravensburg (Allemagne)\u00a0et intitul\u00e9 Langage du corps,\u00a0est \u00e0 d\u00e9couvrir <strong>gratuitement <\/strong>jusqu&rsquo;au 4 janvier 2026. <\/p>\n<p> Mus\u00e9e de Grenoble : une sculptrice majeure du XXe si\u00e8cle mise \u00e0 l&rsquo;honneur <img decoding=\"async\" alt=\"\" class=\"img-align-center\" data-zoomable=\"\" loading=\"lazy\" src=\"https:\/\/www.europesays.com\/fr\/wp-content\/uploads\/2025\/09\/img-20250919-105606.jpg\" title=\"\u00a9 Thomas Richardson - Des photographies g\u00e9antes d'Alina Szapocznikow au travail sont pr\u00e9sentes dans les diff\u00e9rentes salles de l'exposition \u00e0 Grenoble.\"\/> \u00a9 Thomas Richardson &#8211; Des photographies g\u00e9antes d&rsquo;Alina Szapocznikow au travail sont pr\u00e9sentes dans les diff\u00e9rentes salles de l&rsquo;exposition \u00e0 Grenoble. <\/p>\n<p>Pas moins de <strong>150 \u0153uvres <\/strong>et une cinquantaine de documents ont \u00e9t\u00e9 rassembl\u00e9s dans environ 1 000 m2 d&rsquo;espace d&rsquo;exposition. La sc\u00e9nographie, sous la direction de Sophie Bernard, commissaire scientifique de l&rsquo;exposition, se veut principalement chronologique. Elle retrace toute sa carri\u00e8re de <strong>1945 \u00e0 1973<\/strong>, ann\u00e9e de sa mort (elle est d\u00e9c\u00e9d\u00e9e \u00e0 Passy, en Haute-Savoie). Plus pr\u00e9cis\u00e9ment, l&rsquo;exposition s\u2019int\u00e9resse \u00e0 ses p\u00e9riodes cr\u00e9atrices \u00e0 Prague (1945-1951), en Pologne (1961-1962) et enfin \u00e0 Paris (1963-1973).<\/p>\n<p><strong>Rescap\u00e9e des camps de concentration<\/strong>, Alina Szapocznikow a, au sortir de la guerre, d\u00e9velopp\u00e9 un style influenc\u00e9 par le modernisme tch\u00e8que, le surr\u00e9alisme, l&rsquo;art informel, le r\u00e9alisme socialiste et l&rsquo;existentialisme. Ses \u0153uvres de maturit\u00e9 ont \u00e9t\u00e9 r\u00e9alis\u00e9es en France. Avec son mari, Roman Cieslewicz, elle s&rsquo;est attel\u00e9e \u00e0 \u00ab\u00a0d\u00e9construire la figure humaine\u00a0\u00bb : le <strong>corps fragment\u00e9<\/strong> devient le c\u0153ur de sa production. A partir de 1969, l&rsquo;artiste est atteinte d&rsquo;un <strong>cancer du sein <\/strong>et se focalise alors sur les th\u00e8mes de la m\u00e9moire, des traumas et de la finitude.<\/p>\n<p>  Certaines \u0153uvres peuvent heurter la sensibilit\u00e9 du public <img decoding=\"async\" alt=\"\" class=\"img-align-center\" data-zoomable=\"\" loading=\"lazy\" src=\"https:\/\/www.europesays.com\/fr\/wp-content\/uploads\/2025\/09\/img-20250919-115345.jpg\" title=\"\u00a9 Thomas Richardson - Certaines oeuvres pr\u00e9sentent un caract\u00e8re \u00e9rotique comme cette lampe-bouche.\"\/> \u00a9 Thomas Richardson &#8211; Certaines oeuvres pr\u00e9sentent un caract\u00e8re \u00e9rotique comme cette lampe-bouche. <\/p>\n<p>Certaines \u0153uvres, surtout celles r\u00e9alis\u00e9es \u00e0 la fin de sa vie autour de son fils Piotr, peuvent <strong>heurter la sensibilit\u00e9 du public<\/strong>. Elles n&rsquo;en demeurent pas moins \u00e9mouvantes. Une section montre \u00e9galement des <strong>\u0153uvres \u00e0 caract\u00e8re \u00e9rotique<\/strong>, notamment des \u00ab\u00a0lampes-bouches\u00a0\u00bb r\u00e9alis\u00e9es \u00e0 partir de moulages de l\u00e8vres ou d&rsquo;assemblages de bouches ou de seins, certaines repr\u00e9sentant m\u00eame un phallus. <\/p>\n<p><strong>Pratique<\/strong> <\/p>\n<p>Exposition Langage du corps, au Mus\u00e9e de Grenoble, \u00e0 voir jusqu&rsquo;au 4 janvier 2026 tous les jours sauf le mardi, de 10h \u00e0 18h30. Gratuit. <\/p>\n<p>Une conf\u00e9rence sur l&rsquo;artiste aura lieu lundi 13 octobre 2025 \u00e0 18h30 et un colloque autour de l&rsquo;exposition est programm\u00e9 mardi 2 d\u00e9cembre 2025 (horaire \u00e0 d\u00e9finir) \u00e0 l&rsquo;auditorium du mus\u00e9e, en partenariat avec l&rsquo;Universit\u00e9 Grenoble Alpes.<\/p>\n","protected":false},"excerpt":{"rendered":"Son nom se prononce \u00ab\u00a0chapo-shnikof\u00a0\u00bb. Alina Szapocznikow (1926-1973) est \u00e9trangement moins connue du grand public que Niki de&hellip;\n","protected":false},"author":2,"featured_media":420557,"comment_status":"","ping_status":"","sticky":false,"template":"","format":"standard","meta":{"footnotes":""},"categories":[9566],"tags":[1111,11,2430,1777,674,1011,27,2731,54969,12,25,3899],"class_list":{"0":"post-420556","1":"post","2":"type-post","3":"status-publish","4":"format-standard","5":"has-post-thumbnail","7":"category-grenoble","8":"tag-actu","9":"tag-actualites","10":"tag-auvergne-rhone-alpes","11":"tag-eu","12":"tag-europe","13":"tag-fr","14":"tag-france","15":"tag-grenoble","16":"tag-musu00e9e-de-grenoble","17":"tag-news","18":"tag-republique-francaise","19":"tag-sculpture"},"share_on_mastodon":{"url":"https:\/\/pubeurope.com\/@fr\/115274341795042720","error":""},"_links":{"self":[{"href":"https:\/\/www.europesays.com\/fr\/wp-json\/wp\/v2\/posts\/420556","targetHints":{"allow":["GET"]}}],"collection":[{"href":"https:\/\/www.europesays.com\/fr\/wp-json\/wp\/v2\/posts"}],"about":[{"href":"https:\/\/www.europesays.com\/fr\/wp-json\/wp\/v2\/types\/post"}],"author":[{"embeddable":true,"href":"https:\/\/www.europesays.com\/fr\/wp-json\/wp\/v2\/users\/2"}],"replies":[{"embeddable":true,"href":"https:\/\/www.europesays.com\/fr\/wp-json\/wp\/v2\/comments?post=420556"}],"version-history":[{"count":0,"href":"https:\/\/www.europesays.com\/fr\/wp-json\/wp\/v2\/posts\/420556\/revisions"}],"wp:featuredmedia":[{"embeddable":true,"href":"https:\/\/www.europesays.com\/fr\/wp-json\/wp\/v2\/media\/420557"}],"wp:attachment":[{"href":"https:\/\/www.europesays.com\/fr\/wp-json\/wp\/v2\/media?parent=420556"}],"wp:term":[{"taxonomy":"category","embeddable":true,"href":"https:\/\/www.europesays.com\/fr\/wp-json\/wp\/v2\/categories?post=420556"},{"taxonomy":"post_tag","embeddable":true,"href":"https:\/\/www.europesays.com\/fr\/wp-json\/wp\/v2\/tags?post=420556"}],"curies":[{"name":"wp","href":"https:\/\/api.w.org\/{rel}","templated":true}]}}