{"id":420558,"date":"2025-09-27T04:20:42","date_gmt":"2025-09-27T04:20:42","guid":{"rendered":"https:\/\/www.europesays.com\/fr\/420558\/"},"modified":"2025-09-27T04:20:42","modified_gmt":"2025-09-27T04:20:42","slug":"les-riches-paient-plus-quavant-les-pauvres-moins-quand-sciences-po-rennes-fait-la-revolution-des-droits-dinscription","status":"publish","type":"post","link":"https:\/\/www.europesays.com\/fr\/420558\/","title":{"rendered":"Les riches paient plus qu\u2019avant, les pauvres moins\u00a0: quand Sciences Po Rennes fait la r\u00e9volution des droits d\u2019inscription"},"content":{"rendered":"<p>L\u2019Institut d\u2019\u00e9tudes politiques (IEP) de Rennes a mis en place en 2024 un nouveau mode de calcul des droits d\u2019inscription. En quoi cela consiste ?<\/p>\n<p>Pablo Diaz, directeur : Auparavant, nous avions onze tranches qui d\u00e9pendaient du niveau de revenus des parents. Les \u00e9tudiants boursiers \u00e9taient exon\u00e9r\u00e9s. Puis, en fonction de ces tranches, on partait de 300 \u20ac jusqu\u2019\u00e0 4 100 \u20ac, au titre des droits d\u2019inscription. Mais nous avions des effets de seuil importants. Un euro suppl\u00e9mentaire gagn\u00e9 pouvait vous faire passer dans la tranche sup\u00e9rieure. Nous avons donc mis en place cette r\u00e9forme qui instaure un syst\u00e8me de progressivit\u00e9 totale.<\/p>\n<p>C\u2019est-\u00e0-dire ?<\/p>\n<p>Le calcul est r\u00e9alis\u00e9 en fonction du quotient familial d\u00e9fini par l\u2019administration fiscale. Pour simplifier, disons que nous avons 1 400 droits d\u2019inscription diff\u00e9rents : un pour chaque \u00e9l\u00e8ve. 400 \u00e9tudiants, dont les 350 boursiers et les 50 en bas de l\u2019\u00e9chelle, sont exon\u00e9r\u00e9s. Ensuite, on peut payer entre 150 \u20ac et 8 000 \u20ac. Ce seuil maximal, que nous avons fix\u00e9, est atteint par quarante familles. Elles ont un revenu moyen de plus de 400 000 \u20ac par an. Apr\u00e8s cette r\u00e9forme, 65 % des \u00e9tudiants paient autant ou moins.<\/p>\n<p>La r\u00e9forme a-t-elle \u00e9t\u00e9 bien accueillie ?<\/p>\n<p>Elle a \u00e9t\u00e9 vot\u00e9e \u00e0 l\u2019unanimit\u00e9 au conseil d\u2019administration. La question des droits d\u2019inscription est tr\u00e8s politique. Mais, \u00e0 l\u2019IEP, quand j\u2019ai expliqu\u00e9 aux \u00e9tudiants \u00e9lus que les deux tiers de leurs camarades paieraient moins et que les plus fortun\u00e9s contribueraient davantage de mani\u00e8re progressive, cela a \u00e9t\u00e9 tr\u00e8s bien accept\u00e9.<\/p>\n<p>Et du c\u00f4t\u00e9 des familles les plus fortun\u00e9es ?<\/p>\n<p>J\u2019ai re\u00e7u une quinzaine de lettres de la part de parents qui ont vu les droits d\u2019inscription augmenter. Je peux les comprendre, quand on passe de 4 000 \u00e0 8 000 \u20ac. Mais quand je leur ai expliqu\u00e9 la d\u00e9marche, cela a \u00e9t\u00e9 compris. Ce qui est int\u00e9ressant, c\u2019est que nos droits d\u2019inscription, finalement, d\u00e9pendent de la hausse ou de la baisse des salaires. Et sur ces quinze derni\u00e8res ann\u00e9es, les revenus de la classe moyenne n\u2019ont pas augment\u00e9. Ceux qui ont le plus augment\u00e9 se situent en haut de l\u2019\u00e9chelle.<\/p>\n<p>Pourquoi le prof d\u2019\u00e9conomie que vous \u00eates a fait ce choix ?<\/p>\n<p>Il existe plusieurs mod\u00e8les. Il y a le forfait, o\u00f9 chacun paie la m\u00eame chose, quel que soit le revenu. C\u2019est le plus injuste. Il y a le syst\u00e8me par tranche mais il produit ces effets de seuil. Aux \u00e9tudiants, j\u2019ai toujours dit qu\u2019un syst\u00e8me progressif \u00e9tait le plus juste possible. On parle beaucoup, dans le d\u00e9bat public, de justice sociale et de progressivit\u00e9 des imp\u00f4ts. Ici, nous avions la possibilit\u00e9 de faire quelque chose.<\/p>\n<p>Vous avez gagn\u00e9 des recettes suppl\u00e9mentaires au passage ?<\/p>\n<p>Oui. Cela nous a permis d\u2019investir, par exemple, dans un fonds de solidarit\u00e9. Ou encore de payer aux \u00e9tudiants boursiers le TOEFL, une certification payante qu\u2019il faut avoir pour aller \u00e9tudier dans les universit\u00e9s anglo-saxonnes. Tout a \u00e9t\u00e9 r\u00e9investi dans la vie \u00e9tudiante et dans l\u2019\u00e9tablissement.<\/p>\n<p>Ce syst\u00e8me devrait-il inspirer les universit\u00e9s fran\u00e7aises, o\u00f9 les frais d\u2019inscription sont forfaitaires ?<\/p>\n<p>J\u2019ai \u00e9t\u00e9 auditionn\u00e9. Je suis tr\u00e8s heureux de le pr\u00e9senter parce que je trouve qu\u2019il est juste. L\u2019\u00c9tat r\u00e9fl\u00e9chit \u00e0 la question difficile des droits d\u2019inscription. Mais l\u2019universit\u00e9 a d\u2019autres probl\u00e9matiques. Ils ont \u00e9norm\u00e9ment d\u2019\u00e9tudiants et, contrairement \u00e0 nous, ils ne disposent pas d\u00e9j\u00e0 des feuilles d\u2019imp\u00f4ts des parents pour faire les \u00e9tudes d\u2019impact. La faisabilit\u00e9 n\u2019est pas aussi simple. Nous, nous sommes une \u00e9cole de taille modeste, nous pouvons nous permettre d\u2019exp\u00e9rimenter des choses. Mais je suis convaincu que c\u2019est une bonne r\u00e9forme.<\/p>\n","protected":false},"excerpt":{"rendered":"L\u2019Institut d\u2019\u00e9tudes politiques (IEP) de Rennes a mis en place en 2024 un nouveau mode de calcul des&hellip;\n","protected":false},"author":2,"featured_media":420559,"comment_status":"","ping_status":"","sticky":false,"template":"","format":"standard","meta":{"footnotes":""},"categories":[2821],"tags":[1111,11,829,1057,765,9614,1777,674,1011,27,848,12,584,25,5768],"class_list":{"0":"post-420558","1":"post","2":"type-post","3":"status-publish","4":"format-standard","5":"has-post-thumbnail","7":"category-rennes","8":"tag-actu","9":"tag-actualites","10":"tag-bretagne","11":"tag-education","12":"tag-en-continu","13":"tag-enseignement","14":"tag-eu","15":"tag-europe","16":"tag-fr","17":"tag-france","18":"tag-ille-et-vilaine","19":"tag-news","20":"tag-rennes","21":"tag-republique-francaise","22":"tag-universite"},"share_on_mastodon":{"url":"https:\/\/pubeurope.com\/@fr\/115274345563728139","error":""},"_links":{"self":[{"href":"https:\/\/www.europesays.com\/fr\/wp-json\/wp\/v2\/posts\/420558","targetHints":{"allow":["GET"]}}],"collection":[{"href":"https:\/\/www.europesays.com\/fr\/wp-json\/wp\/v2\/posts"}],"about":[{"href":"https:\/\/www.europesays.com\/fr\/wp-json\/wp\/v2\/types\/post"}],"author":[{"embeddable":true,"href":"https:\/\/www.europesays.com\/fr\/wp-json\/wp\/v2\/users\/2"}],"replies":[{"embeddable":true,"href":"https:\/\/www.europesays.com\/fr\/wp-json\/wp\/v2\/comments?post=420558"}],"version-history":[{"count":0,"href":"https:\/\/www.europesays.com\/fr\/wp-json\/wp\/v2\/posts\/420558\/revisions"}],"wp:featuredmedia":[{"embeddable":true,"href":"https:\/\/www.europesays.com\/fr\/wp-json\/wp\/v2\/media\/420559"}],"wp:attachment":[{"href":"https:\/\/www.europesays.com\/fr\/wp-json\/wp\/v2\/media?parent=420558"}],"wp:term":[{"taxonomy":"category","embeddable":true,"href":"https:\/\/www.europesays.com\/fr\/wp-json\/wp\/v2\/categories?post=420558"},{"taxonomy":"post_tag","embeddable":true,"href":"https:\/\/www.europesays.com\/fr\/wp-json\/wp\/v2\/tags?post=420558"}],"curies":[{"name":"wp","href":"https:\/\/api.w.org\/{rel}","templated":true}]}}