{"id":420572,"date":"2025-09-27T04:27:57","date_gmt":"2025-09-27T04:27:57","guid":{"rendered":"https:\/\/www.europesays.com\/fr\/420572\/"},"modified":"2025-09-27T04:27:57","modified_gmt":"2025-09-27T04:27:57","slug":"rene-martin-fondateur-de-la-folle-journee-mis-en-retrait-apres-des-accusations-de-management-toxique","status":"publish","type":"post","link":"https:\/\/www.europesays.com\/fr\/420572\/","title":{"rendered":"Ren\u00e9 Martin, fondateur de La Folle Journ\u00e9e, mis en retrait apr\u00e8s des accusations de management toxique"},"content":{"rendered":"<p>Le programmateur de 75 ans a annonc\u00e9 se retirer, le temps d\u2019un audit, de la structure g\u00e9rant la direction artistique de la manifestation musicale nantaise et d\u2019une quinzaine d\u2019autres festivals. Il nie n\u00e9anmoins en bloc l\u2019ensemble des accusations dont il fait l\u2019objet.<\/p>\n<p class=\"fig-paragraph\">La crise dans les coulisses de\u00a0<a href=\"https:\/\/www.lefigaro.fr\/musique\/la-folle-journee-30-ans-et-incontournable-20240129\" target=\"_blank\" data-fig-type=\"Article\" rel=\"noopener\" data-gtm-custom-categorie=\"navigation\" data-gtm-custom-action=\"crossclick\" data-gtm-custom-label=\"Contextuel\" data-gtm-event=\"customEventSPE\" data-fig-domain=\"LEFIGARO\">La Folle Journ\u00e9e de Nantes<\/a>. Le fondateur et directeur artistique de la manifestation musicale,\u00a0<a href=\"https:\/\/www.lefigaro.fr\/culture\/rene-martin-je-ne-pouvais-pas-laisser-la-musique-classique-ko-20200821\" target=\"_blank\" data-fig-type=\"Article\" rel=\"noopener\" data-gtm-custom-categorie=\"navigation\" data-gtm-custom-action=\"crossclick\" data-gtm-custom-label=\"Contextuel\" data-gtm-event=\"customEventSPE\" data-fig-domain=\"LEFIGARO\">Ren\u00e9 Martin<\/a>, 75 ans, a \u00e9t\u00e9 mis en retrait, mercredi 24 septembre, du Centre de r\u00e9alisations et d\u2019\u00e9tudes artistiques (Cr\u00e9a), l\u2019association organisatrice du festival et d\u2019une quinzaine d\u2019autres \u00e9v\u00e9nements culturels. La d\u00e9cision suit la publication d\u2019une enqu\u00eate conjointe\u00a0<a href=\"https:\/\/www.mediacites.fr\/enquete\/nantes\/2025\/09\/18\/rene-martin-les-fausses-notes-financieres-du-pape-de-la-folle-journee\/\" target=\"_blank\" rel=\"sponsored noopener\" data-gtm-custom-categorie=\"navigation\" data-gtm-custom-action=\"crossclick\" data-gtm-custom-label=\"Contextuel\" data-gtm-event=\"customEventSPE\">de M\u00e9diacit\u00e9s<\/a> \u00a0et de\u00a0<a href=\"https:\/\/lalettredumusicien.fr\/article\/rene-martin-un-management-entre-aura-humiliations-et-hypersexualisation-8845\" target=\"_blank\" rel=\"sponsored noopener\" data-gtm-custom-categorie=\"navigation\" data-gtm-custom-action=\"crossclick\" data-gtm-custom-label=\"Contextuel\" data-gtm-event=\"customEventSPE\">La Lettre du Musicien<\/a> \u00a0qui a r\u00e9v\u00e9l\u00e9 des accusations de management toxique et \u00abhypersexualis\u00e9\u00bb au sein de l\u2019association, ainsi qu\u2019un syst\u00e8me complexe de d\u00e9penses excessives.<\/p>\n<p class=\"fig-paragraph\">Les t\u00e9moignages recueillis par nos confr\u00e8res aupr\u00e8s d\u2019une vingtaine de salari\u00e9s et ex-salari\u00e9s du Cr\u00e9a dressent le tableau d\u2019une association min\u00e9e par une ambiance de travail pesante, entre \u00abemprise, humiliations et atmosph\u00e8re sexualis\u00e9e\u00bb. L\u2019entourage professionnel de Ren\u00e9 Martin \u00e9voque une personnalit\u00e9 \u00abcol\u00e9rique\u00bb et capricieuse, harcelant ses collaborateurs \u00e0 toute heure, m\u00eame pendant leurs cong\u00e9s. Les femmes rapportent des remarques salaces, \u00abdes regards appuy\u00e9s et des comportements tactiles\u00bb qui ont n\u00e9cessit\u00e9 de revoir leur fa\u00e7on de s\u2019habiller. Le programmateur de renom aurait \u00e9galement expos\u00e9 ses collaborateurs \u00e0 des contenus pornographiques, en abusant de leur adresse mail professionnelle sur des sites sp\u00e9cialis\u00e9s ou en diffusant de mani\u00e8re r\u00e9p\u00e9t\u00e9e des sons d\u2019actes sexuels provenant de vid\u00e9os explicites.<\/p>\n<p>                                    <a class=\"fig-a11y-skip a11y-hidden\" href=\"#fig-a11y-skip-main-inarticle\"><br \/>\n        Passer la publicit\u00e9<br \/>\n    <\/a><\/p>\n<p>Des accusations \u00abmalveillantes et diffamatoires\u00bb<\/p>\n<p class=\"fig-paragraph\">Le volet financier de l\u2019enqu\u00eate men\u00e9e par M\u00e9diacit\u00e9s et La Lettre du Musicien r\u00e9v\u00e8le en outre une certaine porosit\u00e9 entre les finances du Cr\u00e9a et les d\u00e9penses personnelles de Ren\u00e9 Martin. Ainsi, alors que l\u2019association conna\u00eet des probl\u00e8mes financiers importants depuis\u00a0<a href=\"http:\/\/www.lefigaro.fr\/actualite-france\/il-y-a-un-avant-et-un-apres-covid-les-consequences-durables-de-la-pandemie-sur-la-societe-francaise-20250110\" target=\"_blank\" data-fig-type=\"Article\" rel=\"noopener\" data-gtm-custom-categorie=\"navigation\" data-gtm-custom-action=\"crossclick\" data-gtm-custom-label=\"Contextuel\" data-gtm-event=\"customEventSPE\" data-fig-domain=\"LEFIGARO\">la pand\u00e9mie du Covid-19<\/a>, plusieurs dizaines de frais professionnels \u00e9tonnants et non justifi\u00e9s de Ren\u00e9 Martin ont pu \u00eatre d\u00e9nombr\u00e9es, dont des d\u00e9penses dans un magasin de v\u00eatements pour enfants, \u00e0 Leroy Merlin ou encore des achats de linge de maison. Toujours selon les informations de nos confr\u00e8res, le Cr\u00e9a aurait fait l\u2019objet d\u2019un contr\u00f4le et d\u2019un redressement fiscal cet \u00e9t\u00e9.<\/p>\n<p class=\"fig-body-link\">\n            \u00c0 lire aussi<br \/>\n        <a class=\"fig-body-link__link\" href=\"http:\/\/www.lefigaro.fr\/nantes\/abus-sexuels-dans-l-enseignement-catholique-a-nantes-87-temoignages-recus-en-un-mois-20250924\" target=\"_blank\" data-fig-type=\"NewsFlash\" rel=\"noopener\" data-gtm-custom-categorie=\"navigation\" data-gtm-custom-action=\"crossclick\" data-gtm-custom-label=\"Contextuel\" data-gtm-event=\"customEventSPE\" data-fig-domain=\"LEFIGARO\">Abus sexuels dans l\u2019enseignement catholique \u00e0 Nantes\u00a0: 87 t\u00e9moignages re\u00e7us en un mois<br \/>\n    <\/a>\n<\/p>\n<p class=\"fig-paragraph\">Ren\u00e9 Martin nie en bloc l\u2019ensemble des accusations qu\u2019il qualifie de \u00abfausses, malveillantes et diffamatoires\u00bb, en d\u00e9mentant notamment avoir \u00abexpos\u00e9 volontairement ses salari\u00e9s \u00e0 des contenus d\u2019ordre priv\u00e9\u00bb. Une source proche du dossier confirme n\u00e9anmoins au Figaro la mise en retrait de Ren\u00e9 Martin. La d\u00e9cision a \u00e9t\u00e9 prise conjointement par l\u2019int\u00e9ress\u00e9 et le bureau du Cr\u00e9a, quelques jours apr\u00e8s les r\u00e9v\u00e9lations parues dans la presse. Le fondateur de La Folle Journ\u00e9e restera \u00e0 l\u2019\u00e9cart du Cr\u00e9a pour la dur\u00e9e d\u2019un audit \u00absur le climat social et le bien-\u00eatre au travail\u00bb de l\u2019association, cens\u00e9 d\u00e9marrer lundi 29 septembre.<\/p>\n<p class=\"fig-paragraph\">Les r\u00e9v\u00e9lations ont fait r\u00e9agir jusqu\u2019\u00e0 l\u2019ex\u00e9cutif de la ville de Nantes, co-fondatrice de La Folle Journ\u00e9e. \u00abQuand il est question de violences sexistes et sexuelles on ne peut transiger. On le doit aux victimes. Je veux un audit rapide, une \u00e9coute ind\u00e9pendante. Toutes les cons\u00e9quences en seront tir\u00e9es\u00bb, a indiqu\u00e9 jeudi la maire,\u00a0<a href=\"http:\/\/www.lefigaro.fr\/vox\/societe\/explosion-de-l-insecurite-ecologie-punitive-johanna-rolland-est-a-nantes-ce-qu-anne-hidalgo-est-a-paris-20240327\" target=\"_blank\" data-fig-type=\"Article\" rel=\"noopener\" data-gtm-custom-categorie=\"navigation\" data-gtm-custom-action=\"crossclick\" data-gtm-custom-label=\"Contextuel\" data-gtm-event=\"customEventSPE\" data-fig-domain=\"LEFIGARO\">Johanna Rolland<\/a>, sur le r\u00e9seau social X, en saluant l\u2019\u00ababsolue n\u00e9cessit\u00e9\u00bb de la mise en retrait de Ren\u00e9 Martin. Fond\u00e9e en 1995, avec le parrainage de l\u2019\u00e9dile de l\u2019\u00e9poque,\u00a0<a href=\"http:\/\/www.lefigaro.fr\/flash-actu\/jean-marc-ayrault-elu-president-de-la-fondation-jean-jaures-20221115\" target=\"_blank\" data-fig-type=\"NewsFlash\" rel=\"noopener\" data-gtm-custom-categorie=\"navigation\" data-gtm-custom-action=\"crossclick\" data-gtm-custom-label=\"Contextuel\" data-gtm-event=\"customEventSPE\" data-fig-domain=\"LEFIGARO\">Jean-Marc Ayrault<\/a>, la Folle Journ\u00e9e a accueilli quelque 140.000 spectateurs lors de sa derni\u00e8re \u00e9dition, entre janvier et f\u00e9vrier 2025.<\/p>\n","protected":false},"excerpt":{"rendered":"Le programmateur de 75 ans a annonc\u00e9 se retirer, le temps d\u2019un audit, de la structure g\u00e9rant la&hellip;\n","protected":false},"author":2,"featured_media":420573,"comment_status":"","ping_status":"","sticky":false,"template":"","format":"standard","meta":{"footnotes":""},"categories":[2818],"tags":[1111,11,1777,674,1011,27,766,12,2636,53108,25],"class_list":{"0":"post-420572","1":"post","2":"type-post","3":"status-publish","4":"format-standard","5":"has-post-thumbnail","7":"category-nantes","8":"tag-actu","9":"tag-actualites","10":"tag-eu","11":"tag-europe","12":"tag-fr","13":"tag-france","14":"tag-nantes","15":"tag-news","16":"tag-pays-de-la-loire","17":"tag-rene-martin","18":"tag-republique-francaise"},"share_on_mastodon":{"url":"https:\/\/pubeurope.com\/@fr\/115274377009274995","error":""},"_links":{"self":[{"href":"https:\/\/www.europesays.com\/fr\/wp-json\/wp\/v2\/posts\/420572","targetHints":{"allow":["GET"]}}],"collection":[{"href":"https:\/\/www.europesays.com\/fr\/wp-json\/wp\/v2\/posts"}],"about":[{"href":"https:\/\/www.europesays.com\/fr\/wp-json\/wp\/v2\/types\/post"}],"author":[{"embeddable":true,"href":"https:\/\/www.europesays.com\/fr\/wp-json\/wp\/v2\/users\/2"}],"replies":[{"embeddable":true,"href":"https:\/\/www.europesays.com\/fr\/wp-json\/wp\/v2\/comments?post=420572"}],"version-history":[{"count":0,"href":"https:\/\/www.europesays.com\/fr\/wp-json\/wp\/v2\/posts\/420572\/revisions"}],"wp:featuredmedia":[{"embeddable":true,"href":"https:\/\/www.europesays.com\/fr\/wp-json\/wp\/v2\/media\/420573"}],"wp:attachment":[{"href":"https:\/\/www.europesays.com\/fr\/wp-json\/wp\/v2\/media?parent=420572"}],"wp:term":[{"taxonomy":"category","embeddable":true,"href":"https:\/\/www.europesays.com\/fr\/wp-json\/wp\/v2\/categories?post=420572"},{"taxonomy":"post_tag","embeddable":true,"href":"https:\/\/www.europesays.com\/fr\/wp-json\/wp\/v2\/tags?post=420572"}],"curies":[{"name":"wp","href":"https:\/\/api.w.org\/{rel}","templated":true}]}}