{"id":420574,"date":"2025-09-27T04:29:14","date_gmt":"2025-09-27T04:29:14","guid":{"rendered":"https:\/\/www.europesays.com\/fr\/420574\/"},"modified":"2025-09-27T04:29:14","modified_gmt":"2025-09-27T04:29:14","slug":"les-previsions-meteo-du-samedi-27-septembre-a-bordeaux","status":"publish","type":"post","link":"https:\/\/www.europesays.com\/fr\/420574\/","title":{"rendered":"Les pr\u00e9visions m\u00e9t\u00e9o du samedi 27 septembre \u00e0 Bordeaux"},"content":{"rendered":"<p>Aujourd\u2019hui \u00e0 Bordeaux, le temps s\u2019annonce en am\u00e9lioration au fil de la journ\u00e9e, avec un ciel qui se d\u00e9gagera progressivement. Les temp\u00e9ratures varieront entre 10 et 20\u00b0C, soit environ 3\u00b0C en-dessous des normales de saison. La fiabilit\u00e9 des pr\u00e9visions est excellente, tu peux donc organiser ta journ\u00e9e en toute tranquillit\u00e9.<\/p>\n<p style=\"font-size:16px\"><strong>La matin\u00e9e<\/strong> commencera sous <strong>un ciel tr\u00e8s nuageux<\/strong>, m\u00eame si<strong> quelques belles \u00e9claircies <\/strong>parviendront \u00e0 se montrer. Il fera <strong>10\u00b0C<\/strong>, avec un ressenti l\u00e9g\u00e8rement inf\u00e9rieur, <strong>autour de 9\u00b0C<\/strong>. Le <strong>vent restera calme<\/strong>, avec des rafales pouvant atteindre <strong>15 km\/h<\/strong>. Aucun risque de pluie n\u2019est pr\u00e9vu, inutile de sortir avec un parapluie.<\/p>\n<p><img fetchpriority=\"high\" decoding=\"async\" width=\"1024\" height=\"576\" src=\"https:\/\/www.europesays.com\/fr\/wp-content\/uploads\/2025\/09\/FEpBB4lo-1024x576.png\" alt=\"\" class=\"wp-image-83894\"  \/>Ciel changeant \u00e0 Bordeaux ce samedi  : une journ\u00e9e nuageuse mais sans pluie, avec des \u00e9claircies plus marqu\u00e9es dans l\u2019apr\u00e8s-midi.\u00a0<\/p>\n<p style=\"font-size:16px\"><strong>Dans l\u2019apr\u00e8s-midi<\/strong>, les nuages laisseront davantage de <strong>place au soleil<\/strong>, pour un ciel partag\u00e9 entre <strong>nuages et \u00e9claircies<\/strong>. Les temp\u00e9ratures grimperont jusqu\u2019\u00e0 <strong>20\u00b0C<\/strong>, avec un ressenti proche de <strong>22\u00b0C <\/strong>lors des passages ensoleill\u00e9s. Le vent d\u2019est soufflera autour de <strong>10 km\/h,<\/strong> avec des rafales atteignant<strong> 20 km\/h<\/strong>. L\u00e0 encore, aucun risque de pluie n\u2019est attendu.<\/p>\n<p style=\"font-size:16px\"><strong>En soir\u00e9e<\/strong>, le ciel restera <strong>clair<\/strong> en d\u00e9but de p\u00e9riode avant de se couvrir progressivement.<strong> Il fera 17\u00b0C,<\/strong> avec un ressenti de <strong>15\u00b0C<\/strong>. Le vent d\u2019est se maintiendra autour de<strong> 10 km\/h,<\/strong> avec des rafales de <strong>20 km\/h<\/strong>. Pas de pluie \u00e0 signaler pour la soir\u00e9e.<\/p>\n<p style=\"font-size:16px\"><strong>La nuit<\/strong> sera marqu\u00e9e par un <strong>ciel tr\u00e8s nuageux<\/strong>, ponctu\u00e9 de quelques \u00e9claircies. Les temp\u00e9ratures descendront jusqu\u2019\u00e0 <strong>13\u00b0C<\/strong>, avec un ressenti autour de <strong>12\u00b0C<\/strong>. Le vent de nord-est restera faible, environ 10 km\/h, avec des rafales de 20 km\/h. Aucun risque de pluie n\u2019est pr\u00e9vu.<\/p>\n<p style=\"font-size:16px\">En r\u00e9sum\u00e9, aujourd\u2019hui \u00e0<strong> Bordeaux<\/strong>, la journ\u00e9e sera <strong>plut\u00f4t nuageuse<\/strong> mais sans pluie, avec un ciel qui s\u2019\u00e9claircira surtout en apr\u00e8s-midi. Les temp\u00e9ratures resteront un peu fra\u00eeches pour la saison, mais les conditions seront id\u00e9ales pour profiter de l\u2019ext\u00e9rieur sans parapluie.<\/p>\n<p style=\"font-size:16px\">\u00c0 lire aussi : <a href=\"https:\/\/www.bougerabordeaux.com\/actu\/une-girondine-sacree-vice-championne-du-monde-de-canoe\/\" target=\"_blank\" rel=\"noreferrer noopener nofollow\">Une Girondine sacr\u00e9e vice-championne du monde de cano\u00eb<\/a><\/p>\n","protected":false},"excerpt":{"rendered":"Aujourd\u2019hui \u00e0 Bordeaux, le temps s\u2019annonce en am\u00e9lioration au fil de la journ\u00e9e, avec un ciel qui se&hellip;\n","protected":false},"author":2,"featured_media":411408,"comment_status":"","ping_status":"","sticky":false,"template":"","format":"standard","meta":{"footnotes":""},"categories":[2817],"tags":[1111,11,1997,1777,674,1011,27,12,2219,25],"class_list":{"0":"post-420574","1":"post","2":"type-post","3":"status-publish","4":"format-standard","5":"has-post-thumbnail","7":"category-bordeaux","8":"tag-actu","9":"tag-actualites","10":"tag-bordeaux","11":"tag-eu","12":"tag-europe","13":"tag-fr","14":"tag-france","15":"tag-news","16":"tag-nouvelle-aquitaine","17":"tag-republique-francaise"},"share_on_mastodon":{"url":"https:\/\/pubeurope.com\/@fr\/115274381694751244","error":""},"_links":{"self":[{"href":"https:\/\/www.europesays.com\/fr\/wp-json\/wp\/v2\/posts\/420574","targetHints":{"allow":["GET"]}}],"collection":[{"href":"https:\/\/www.europesays.com\/fr\/wp-json\/wp\/v2\/posts"}],"about":[{"href":"https:\/\/www.europesays.com\/fr\/wp-json\/wp\/v2\/types\/post"}],"author":[{"embeddable":true,"href":"https:\/\/www.europesays.com\/fr\/wp-json\/wp\/v2\/users\/2"}],"replies":[{"embeddable":true,"href":"https:\/\/www.europesays.com\/fr\/wp-json\/wp\/v2\/comments?post=420574"}],"version-history":[{"count":0,"href":"https:\/\/www.europesays.com\/fr\/wp-json\/wp\/v2\/posts\/420574\/revisions"}],"wp:featuredmedia":[{"embeddable":true,"href":"https:\/\/www.europesays.com\/fr\/wp-json\/wp\/v2\/media\/411408"}],"wp:attachment":[{"href":"https:\/\/www.europesays.com\/fr\/wp-json\/wp\/v2\/media?parent=420574"}],"wp:term":[{"taxonomy":"category","embeddable":true,"href":"https:\/\/www.europesays.com\/fr\/wp-json\/wp\/v2\/categories?post=420574"},{"taxonomy":"post_tag","embeddable":true,"href":"https:\/\/www.europesays.com\/fr\/wp-json\/wp\/v2\/tags?post=420574"}],"curies":[{"name":"wp","href":"https:\/\/api.w.org\/{rel}","templated":true}]}}