{"id":420575,"date":"2025-09-27T04:30:43","date_gmt":"2025-09-27T04:30:43","guid":{"rendered":"https:\/\/www.europesays.com\/fr\/420575\/"},"modified":"2025-09-27T04:30:43","modified_gmt":"2025-09-27T04:30:43","slug":"matthieu-jalibert-un-debut-de-saison-fracassant","status":"publish","type":"post","link":"https:\/\/www.europesays.com\/fr\/420575\/","title":{"rendered":"Matthieu Jalibert, un d\u00e9but de saison fracassant"},"content":{"rendered":"<p>Une entr\u00e9e en mati\u00e8re fracassante. En seulement deux matchs de Top\u00a014, Matthieu Jalibert (26\u00a0ans) a \u00e9t\u00e9 omnipr\u00e9sent. Au regard de ses prestations face \u00e0 La\u00a0Rochelle <a href=\"https:\/\/www.sudouest.fr\/sport\/rugby\/bordeaux-begles\/union-bordeaux-begles-stade-rochelais-matthieu-jalibert-a-pris-ses-responsabilites-25821110.php\" rel=\"nofollow noopener\" target=\"_blank\">(23-18)<\/a> et Montauban <a href=\"https:\/\/www.sudouest.fr\/sport\/rugby\/bordeaux-begles\/top-14-l-ubb-inscrit-11-essais-et-passe-ses-nerfs-sur-montauban-26009904.php\" rel=\"nofollow noopener\" target=\"_blank\">(71-24)<\/a>, l\u2019international fran\u00e7ais (35 s\u00e9lections) a rappel\u00e9 \u00e0 quel point il pesait dans le jeu de l\u2019Union Bordeaux-B\u00e8gles. \u00ab\u00a0Son d\u00e9but de saison est dans la lign\u00e9e de ce qu\u2019il a accompli la saison derni\u00e8re, souligne Yannick Bru, le manager bordelais. Je le sens bien dans ses baskets et concentr\u00e9 sur les performances.\u00a0\u00bb<\/p>\n<p>Hasard ou co\u00efncidence, sans son ma\u00eetre \u00e0 jouer, pr\u00e9serv\u00e9 en raison d\u2019une g\u00eane musculaire, le club girondin est pass\u00e9 compl\u00e8tement \u00e0 c\u00f4t\u00e9 de son match sur le terrain du Racing\u00a092 <a href=\"https:\/\/www.sudouest.fr\/sport\/rugby\/bordeaux-begles\/top-14-contre-le-racing-92-a-la-defense-l-ubb-est-venue-sans-la-sienne-25909663.php\" rel=\"nofollow noopener\" target=\"_blank\">(44-32)<\/a>. Les stats parlent d\u2019elles-m\u00eames\u00a0: depuis la saison 2023-2024, le ratio de victoires de l\u2019UBB s\u2019\u00e9l\u00e8ve \u00e0 71\u00a0% lorsqu\u2019il est pr\u00e9sent sur le terrain, et seulement 48\u00a0% lorsqu\u2019il est absent. Titulaire pour le d\u00e9placement au Stade Fran\u00e7ais ce samedi (14\u00a0h\u00a030), le demi d\u2019ouverture tentera de surfer sur son \u00e9lan afin de mener son \u00e9quipe vers un premier succ\u00e8s \u00e0 l\u2019ext\u00e9rieur cette saison.<\/p>\n<blockquote><p>\u00ab\u00a0Ce qui nous pla\u00eet, c\u2019est son implication sur les semaines d\u2019entra\u00eenement et le leadership qu\u2019il a d\u00e9velopp\u00e9\u00a0\u00bb<\/p><\/blockquote>\n<p>Alors que l\u2019effectif de l\u2019UBB est amput\u00e9 de nombreux cadres, notamment sur les lignes arri\u00e8re (Maxime Lucu, Yoram Moefana, Romain Buros\u2026), Matthieu Jalibert a pris les cl\u00e9s du camion. \u00ab\u00a0Je pense que son d\u00e9but de match face \u00e0 La\u00a0Rochelle ne l\u2019a pas satisfait, il a \u00e9t\u00e9 un petit peu en dessous. Mais apr\u00e8s, il a eu le contr\u00f4le sur la partie, r\u00e9sume Yannick Bru. Contre Montauban, il a aussi tr\u00e8s bien conduit les choses. Sur les matchs, il se passe ce qui se passe, mais nous, ce qui nous pla\u00eet, c\u2019est l\u2019implication de Matthieu sur les semaines d\u2019entra\u00eenement et le leadership qu\u2019il a d\u00e9velopp\u00e9 dans le travail. C\u2019est surtout \u00e7a qui m\u2019int\u00e9resse. Le match n\u2019est que la cons\u00e9quence de la pr\u00e9paration dans la semaine. C\u2019est un vrai acteur sur le travail tactique, strat\u00e9gique et mental.\u00a0\u00bb<\/p>\n<p>        <img decoding=\"async\" id=\"26018640\" src=\"https:\/\/www.europesays.com\/fr\/wp-content\/uploads\/2025\/09\/20250920212029-davt3982.jpg\" alt=\"Matthieu Jalibert.\" itemprop=\"contentURL\"\/><\/p>\n<p>    Matthieu Jalibert.<\/p>\n<p>Thierry DAVID\u00a0\/\u00a0SO<\/p>\n<p>Le week-end dernier face \u00e0 Montauban, le num\u00e9ro\u00a010 s\u2019est vraiment balad\u00e9. Il a apport\u00e9 le danger (4 franchissements, 9 d\u00e9fenseurs battus), a d\u00e9livr\u00e9 deux passes d\u00e9cisives, a \u00e9t\u00e9 impliqu\u00e9 sur six essais, et a inscrit le sien sur un exploit personnel (petit coup de pied par-dessus la d\u00e9fense). Mais il a aussi su rester dans le cadre. \u00ab\u00a0Ce genre de match, c\u2019est parfois un pi\u00e8ge. Il faut garder la ma\u00eetrise pour pas que ce soit un rugby champagne et d\u00e9cousu et qu\u2019\u00e0 la sortie, ce soit plus un brouillon qu\u2019un chef-d\u2019\u0153uvre\u00a0\u00bb, rappelait Aur\u00e9lien Cologni, l\u2019entra\u00eeneur en charge des attitudes au contact. Jalibert s\u2019est attach\u00e9 \u00e0 suivre ce fil conducteur.<\/p>\n<p>Le bon \u00e9quilibre<\/p>\n<p>\u00ab\u00a0Vu la diff\u00e9rence de niveau entre les deux \u00e9quipes, c\u2019est difficile de juger un joueur sur ce match, temp\u00e8re Yann Delaigue, ex-international fran\u00e7ais (20\u00a0s\u00e9lections). Mais face \u00e0 La\u00a0Rochelle, il fait un tr\u00e8s bon match. Sur ce d\u00e9but de saison, il a l\u2019air en cannes, en confiance et souriant aussi, et \u00e7a, \u00e7a fait plaisir \u00e0 voir. Il a l\u2019air assez s\u00fbr de son rugby. Il est vraiment dans la continuit\u00e9 de la saison derni\u00e8re.\u00a0\u00bb<\/p>\n<blockquote><p>\u00ab\u00a0Il a certainement utilis\u00e9 cette frustration du Tournoi pour s\u2019accomplir avec son club\u00a0\u00bb<\/p><\/blockquote>\n<p>\u00c0 l\u2019approche de la tourn\u00e9e d\u2019automne, Matthieu Jalibert peut-il \u00eatre en mesure de remonter dans la hi\u00e9rarchie des ouvreurs du XV de France, apr\u00e8s avoir \u00e9t\u00e9 d\u00e9class\u00e9 par Fabien Galthi\u00e9 lors du Tournoi des Six-Nations 2025\u00a0? \u00ab\u00a0Autant Romain Ntamack a eu des difficult\u00e9s en fin de saison derni\u00e8re, autant il n\u2019y a pas grand-chose \u00e0 lui reprocher sur ce d\u00e9but de saison, note Yann Delaigue. La bataille entre les deux reste f\u00e9roce. Mais depuis ce dernier Tournoi, Matthieu a quand m\u00eame surf\u00e9 sur de tr\u00e8s bonnes p\u00e9riodes, il a \u00e9t\u00e9 excellent. \u00c7a a d\u00fb certainement le piquer au vif et le faire r\u00e9agir. Les mots de son staff dans son accompagnement psychologique pour le faire performer ont sans doute aussi pes\u00e9. Il a certainement utilis\u00e9 cette frustration du Tournoi pour s\u2019accomplir avec son club.\u00a0\u00bb<\/p>\n<p>        <img decoding=\"async\" id=\"26024087\" src=\"https:\/\/www.europesays.com\/fr\/wp-content\/uploads\/2025\/09\/20250921121021-davt3738.jpg\" alt=\"Matthieu Jalibert.\" itemprop=\"contentURL\"\/><\/p>\n<p>    Matthieu Jalibert.<\/p>\n<p>Thierry DAVID\u00a0\/\u00a0SO<\/p>\n<p>Depuis la demi-finale de Champions Cup face au Stade Toulousain en mai dernier, Matthieu Jalibert n\u2019a jamais d\u00e9\u00e7u avec l\u2019UBB. Le premier titre de l\u2019histoire du club d\u00e9croch\u00e9 \u00e0 Cardiff n\u2019a fait que renforcer sa d\u00e9termination. \u00ab\u00a0\u00c0 l\u2019image de ce qu\u2019on fait depuis maintenant quelques saisons, on a envie de faire partie de ces \u00e9quipes qui jouent le haut de tableau et qui peuvent aller chercher des titres, expliquait-il en d\u00e9but de saison. \u00c7a nous a donn\u00e9 encore plus faim et on repart sur cette saison avec beaucoup d\u2019ambition et l\u2019envie d\u2019y revenir\u00a0\u00bb.<\/p>\n","protected":false},"excerpt":{"rendered":"Une entr\u00e9e en mati\u00e8re fracassante. En seulement deux matchs de Top\u00a014, Matthieu Jalibert (26\u00a0ans) a \u00e9t\u00e9 omnipr\u00e9sent. Au&hellip;\n","protected":false},"author":2,"featured_media":420576,"comment_status":"","ping_status":"","sticky":false,"template":"","format":"standard","meta":{"footnotes":""},"categories":[2817],"tags":[1111,11,1997,1777,674,1011,27,12,2219,25],"class_list":{"0":"post-420575","1":"post","2":"type-post","3":"status-publish","4":"format-standard","5":"has-post-thumbnail","7":"category-bordeaux","8":"tag-actu","9":"tag-actualites","10":"tag-bordeaux","11":"tag-eu","12":"tag-europe","13":"tag-fr","14":"tag-france","15":"tag-news","16":"tag-nouvelle-aquitaine","17":"tag-republique-francaise"},"share_on_mastodon":{"url":"https:\/\/pubeurope.com\/@fr\/115274385017302005","error":""},"_links":{"self":[{"href":"https:\/\/www.europesays.com\/fr\/wp-json\/wp\/v2\/posts\/420575","targetHints":{"allow":["GET"]}}],"collection":[{"href":"https:\/\/www.europesays.com\/fr\/wp-json\/wp\/v2\/posts"}],"about":[{"href":"https:\/\/www.europesays.com\/fr\/wp-json\/wp\/v2\/types\/post"}],"author":[{"embeddable":true,"href":"https:\/\/www.europesays.com\/fr\/wp-json\/wp\/v2\/users\/2"}],"replies":[{"embeddable":true,"href":"https:\/\/www.europesays.com\/fr\/wp-json\/wp\/v2\/comments?post=420575"}],"version-history":[{"count":0,"href":"https:\/\/www.europesays.com\/fr\/wp-json\/wp\/v2\/posts\/420575\/revisions"}],"wp:featuredmedia":[{"embeddable":true,"href":"https:\/\/www.europesays.com\/fr\/wp-json\/wp\/v2\/media\/420576"}],"wp:attachment":[{"href":"https:\/\/www.europesays.com\/fr\/wp-json\/wp\/v2\/media?parent=420575"}],"wp:term":[{"taxonomy":"category","embeddable":true,"href":"https:\/\/www.europesays.com\/fr\/wp-json\/wp\/v2\/categories?post=420575"},{"taxonomy":"post_tag","embeddable":true,"href":"https:\/\/www.europesays.com\/fr\/wp-json\/wp\/v2\/tags?post=420575"}],"curies":[{"name":"wp","href":"https:\/\/api.w.org\/{rel}","templated":true}]}}