{"id":42058,"date":"2025-04-21T17:55:09","date_gmt":"2025-04-21T17:55:09","guid":{"rendered":"https:\/\/www.europesays.com\/fr\/42058\/"},"modified":"2025-04-21T17:55:09","modified_gmt":"2025-04-21T17:55:09","slug":"mort-du-pape-francois-il-a-marque-leglise-dun-signe-indelebile-estime-larcheveque-de-rennes","status":"publish","type":"post","link":"https:\/\/www.europesays.com\/fr\/42058\/","title":{"rendered":"Mort du pape Fran\u00e7ois\u00a0: \u00ab\u00a0Il a marqu\u00e9 l\u2019\u00c9glise d\u2019un signe ind\u00e9l\u00e9bile\u00a0\u00bb, estime l\u2019archev\u00eaque de Rennes"},"content":{"rendered":"<p>Quel a \u00e9t\u00e9 votre premier sentiment en apprenant la mort du Pape Fran\u00e7ois, ce lundi\u00a0?<\/p>\n<p>Je l\u2019avais vu sur la place Saint-Pierre, dimanche, pour le jour de P\u00e2ques. Il saluait avec beaucoup de faiblesse les p\u00e8lerins mais je me suis dit qu\u2019il remontait la pente, que, petit \u00e0 petit, il allait retrouver la sant\u00e9. Sa mort a donc \u00e9t\u00e9 une grande surprise, une tristesse. Sa voix pour la fraternit\u00e9, pour le rejet de l\u2019exclusion, s\u2019est tue. Je ressens comme une nostalgie de cette voix que l\u2019on a entendue pendant plus de douze ans.<\/p>\n<p>Quel souvenir garderez-vous de lui\u00a0?<\/p>\n<p>Je l\u2019ai rencontr\u00e9 \u00e0 l\u2019occasion de la pr\u00e9sentation des \u00e9v\u00eaques au pape, mais aussi dans des cas plus particuliers, o\u00f9 je venais lui pr\u00e9senter des situations d\u00e9licates. Il avait un visage tr\u00e8s joyeux, mais quand je lui ai parl\u00e9 d\u2019une affaire douloureuse, concernant des migrants, son visage, en une seconde, est pass\u00e9 de la plus grande joie \u00e0 la plus grande douleur. Il \u00e9tait tr\u00e8s expressif. Pour moi, c\u2019\u00e9tait le pape de la compassion. La douleur de quelqu\u2019un \u00e9tait la sienne.<\/p>\n<blockquote><p>Le pape Fran\u00e7ois a marqu\u00e9 l\u2019\u00c9glise d\u2019un signe, si je peux dire, ind\u00e9l\u00e9bile. On va voir surgir un pape qui sera pour la fraternit\u00e9, qui sera proche des exclus, qui regardera vers les p\u00e9riph\u00e9ries. Cette grande dynamique va se poursuivre.<\/p><\/blockquote>\n<p>Cette question des r\u00e9fugi\u00e9s a \u00e9t\u00e9 centrale tout au long de son pontificat\u2026<\/p>\n<p>Sa premi\u00e8re manifestation publique a \u00e9t\u00e9 d\u2019aller \u00e0 Lampedusa. Cette question a marqu\u00e9 son pontificat mais je pense que, plus pr\u00e9cis\u00e9ment, le pape Fran\u00e7ois ne pouvait pas supporter le ph\u00e9nom\u00e8ne de l\u2019exclusion, dans ce qu\u2019il appelait les p\u00e9riph\u00e9ries. Il avait un regard tr\u00e8s profond. Et pour voir la r\u00e9alit\u00e9, il ne faut pas se placer au centre. C\u2019est \u00e0 partir des p\u00e9riph\u00e9ries que l\u2019on voit bien la r\u00e9alit\u00e9, que l\u2019on voit bien le peuple.<\/p>\n<p>Quel bilan faites-vous de son action contre les violences sexuelles dans l\u2019\u00c9glise\u00a0?<\/p>\n<p>Pour moi, il a pris le probl\u00e8me \u00e0 bras-le-corps, avec courage. Je peux vous raconter une histoire qui m\u2019a touch\u00e9e\u00a0: j\u2019ai rencontr\u00e9 une personne victime dans le dioc\u00e8se de Rennes. Cette personne \u00e9tait tellement bless\u00e9e qu\u2019elle a voulu aller jusqu\u2019au bout de la r\u00e9paration faite par l\u2019\u00c9glise. Et, pour elle, c\u2019\u00e9tait une rencontre avec le pape. J\u2019ai \u00e9crit \u00e0 Fran\u00e7ois et il a tenu \u00e0 recevoir personnellement cette victime. Avec simplicit\u00e9, cette personne a dit au pape que le trajet Rennes-Rome avait co\u00fbt\u00e9 cher. Quinze jours plus tard, j\u2019ai re\u00e7u un coup de t\u00e9l\u00e9phone d\u2019un collaborateur du pape pour verser de l\u2019argent \u00e0 cette victime. Ce n\u2019\u00e9taient pas simplement des grandes th\u00e9ories, des discours\u00a0: il agissait. Il me semble qu\u2019il a fait faire un pas consid\u00e9rable \u00e0 l\u2019\u00c9glise dans la reconnaissance de ce fl\u00e9au, dans la lutte et dans la pr\u00e9vention.<\/p>\n<p>L\u2019\u00c9glise catholique entre dans une p\u00e9riode de transition. Comment l\u2019abordez-vous\u00a0?<\/p>\n<p>Avec beaucoup de s\u00e9r\u00e9nit\u00e9. Le pape Fran\u00e7ois a marqu\u00e9 l\u2019\u00c9glise d\u2019un signe, si je peux dire, ind\u00e9l\u00e9bile. L\u2019\u00c9glise avance \u00e0 un rythme qui a la marque du pape Fran\u00e7ois. Elle va continuer \u00e0 marcher sur cet axe de la fraternit\u00e9, de la tendresse, de la bont\u00e9 gratuite. Les cardinaux vont se r\u00e9unir en conclave et vont r\u00e9fl\u00e9chir \u00e0 l\u2019avenir de l\u2019\u00c9glise. On va voir surgir un pape qui sera pour la fraternit\u00e9, qui sera proche des exclus, qui regardera vers les p\u00e9riph\u00e9ries. Il aura certainement ses accents particuliers mais cette grande dynamique va se poursuivre.<\/p>\n<p>Ce nouveau pape peut-il \u00eatre fran\u00e7ais\u00a0?<\/p>\n<p>Vous savez, avec le bon Dieu, il y a beaucoup d\u2019inattendu\u00a0! Je ne fais pas de calcul, je ne fais pas de lobbying, mais avec le bon Dieu, il faut s\u2019attendre \u00e0 des surprises. Ce serait une surprise que ce soit un pape fran\u00e7ais\u2026 Mais ce serait aussi une surprise que ce soit un pape africain ou un pape d\u2019Asie\u00a0!<\/p>\n","protected":false},"excerpt":{"rendered":"Quel a \u00e9t\u00e9 votre premier sentiment en apprenant la mort du Pape Fran\u00e7ois, ce lundi\u00a0? Je l\u2019avais vu&hellip;\n","protected":false},"author":2,"featured_media":42059,"comment_status":"","ping_status":"","sticky":false,"template":"","format":"standard","meta":{"footnotes":""},"categories":[2821],"tags":[1111,11,829,765,1777,674,1011,27,74,12,4692,584,25],"class_list":{"0":"post-42058","1":"post","2":"type-post","3":"status-publish","4":"format-standard","5":"has-post-thumbnail","7":"category-rennes","8":"tag-actu","9":"tag-actualites","10":"tag-bretagne","11":"tag-en-continu","12":"tag-eu","13":"tag-europe","14":"tag-fr","15":"tag-france","16":"tag-monde","17":"tag-news","18":"tag-pape-francois","19":"tag-rennes","20":"tag-republique-francaise"},"share_on_mastodon":{"url":"https:\/\/pubeurope.com\/@fr\/114377242920098911","error":""},"_links":{"self":[{"href":"https:\/\/www.europesays.com\/fr\/wp-json\/wp\/v2\/posts\/42058","targetHints":{"allow":["GET"]}}],"collection":[{"href":"https:\/\/www.europesays.com\/fr\/wp-json\/wp\/v2\/posts"}],"about":[{"href":"https:\/\/www.europesays.com\/fr\/wp-json\/wp\/v2\/types\/post"}],"author":[{"embeddable":true,"href":"https:\/\/www.europesays.com\/fr\/wp-json\/wp\/v2\/users\/2"}],"replies":[{"embeddable":true,"href":"https:\/\/www.europesays.com\/fr\/wp-json\/wp\/v2\/comments?post=42058"}],"version-history":[{"count":0,"href":"https:\/\/www.europesays.com\/fr\/wp-json\/wp\/v2\/posts\/42058\/revisions"}],"wp:featuredmedia":[{"embeddable":true,"href":"https:\/\/www.europesays.com\/fr\/wp-json\/wp\/v2\/media\/42059"}],"wp:attachment":[{"href":"https:\/\/www.europesays.com\/fr\/wp-json\/wp\/v2\/media?parent=42058"}],"wp:term":[{"taxonomy":"category","embeddable":true,"href":"https:\/\/www.europesays.com\/fr\/wp-json\/wp\/v2\/categories?post=42058"},{"taxonomy":"post_tag","embeddable":true,"href":"https:\/\/www.europesays.com\/fr\/wp-json\/wp\/v2\/tags?post=42058"}],"curies":[{"name":"wp","href":"https:\/\/api.w.org\/{rel}","templated":true}]}}