{"id":420581,"date":"2025-09-27T04:33:30","date_gmt":"2025-09-27T04:33:30","guid":{"rendered":"https:\/\/www.europesays.com\/fr\/420581\/"},"modified":"2025-09-27T04:33:30","modified_gmt":"2025-09-27T04:33:30","slug":"groupe-roubaix-en-commun-octobre-2025","status":"publish","type":"post","link":"https:\/\/www.europesays.com\/fr\/420581\/","title":{"rendered":"Groupe Roubaix en commun &#8211; Octobre 2025"},"content":{"rendered":"<p class=\"p1\"><strong>\u00c0 Roubaix, la crise du logement incarne une double urgence : sociale et sanitaire. Marqu\u00e9e par un parc immobilier ancien et d\u00e9grad\u00e9, la ville fait face \u00e0 une concentration de logements pr\u00e9caires<\/strong>, notamment dans le secteur priv\u00e9. La DREAL estime que 8 % des logements priv\u00e9s dans le Nord seraient potentiellement indignes. Roubaix concentre pr\u00e8s du quart (24 %) des signalements d\u2019insalubrit\u00e9 faits dans le d\u00e9partement en 2022. Pourtant, <strong>le Service Communal d\u2019Hygi\u00e8ne et de Sant\u00e9 (SCHS), en premi\u00e8re ligne face \u00e0 ces si-tuations, ne dispose que de moyens restreints.<\/strong><\/p>\n<p class=\"p1\">La r\u00e9novation urbaine se fait dans un climat de d\u00e9fiance. Le Nouveau Programme de Renouvellement Urbain (NPRU) <strong>pr\u00e9voit la d\u00e9molition de centaines de logements, dont la plupart pourraient \u00eatre r\u00e9habilit\u00e9s selon la majorit\u00e9 des experts.<\/strong> Faute de concertation, les tensions montent. La destruction de logements sociaux accentue la p\u00e9nurie, sans traiter les causes structurelles de la pr\u00e9carit\u00e9 qui l\u2019accompagnent.<\/p>\n<p class=\"p1\">\u00c0 l\u2019Epeule, la fermeture r\u00e9cente du centre social Nautilus renforce un sentiment d\u2019abandon des habitants. Partout, les conditions de logement d\u00e9grad\u00e9es ont un impact direct sur la sant\u00e9 des habitants, sauf justement dans les logements promis \u00e0 d\u00e9molition par la ville ! Une approche curative ne suffit plus.<\/p>\n<p class=\"p1\"><strong>Face \u00e0 cette crise, nous appelons \u00e0 un changement de cap et proposons une strat\u00e9gie fond\u00e9e sur la dignit\u00e9, la concertation et la pr\u00e9vention.<\/strong> Il faut renforcer les moyens du SCHS en \u00e9largissant ses permanences et en cr\u00e9ant des brigades mobiles de pr\u00e9vention. Des m\u00e9diateurs sant\u00e9-habitat doivent \u00eatre int\u00e9gr\u00e9s dans les quartiers prioritaires. Le NPRU doit devenir un v\u00e9ritable projet participatif. Les d\u00e9molitions contest\u00e9es \u00e0 l\u2019Alma doivent \u00eatre suspendues au profit d\u2019une r\u00e9habilitation ambitieuse.<\/p>\n<p class=\"p1\">Les subventions publiques, notamment celles de l\u2019ANRU, doivent \u00eatre conditionn\u00e9es \u00e0 des engagements contre la gentrification. L\u2019habitat participatif doit \u00eatre soutenu par un fonds municipal d\u2019ing\u00e9nierie. Les friches urbaines peuvent devenir des zones d\u2019innovation citoyenne. Un guichet unique r\u00e9unissant juristes, architectes et associations \u00e0 la Maison de l\u2019Habitat faciliterait l\u2019accompagnement des propri\u00e9taires pr\u00e9caires, qui doivent pouvoir b\u00e9n\u00e9ficier de diagnostics techniques gratuits. Enfin, il est urgent d\u2019imposer un moratoire sur les d\u00e9molitions de logements sociaux. La ministre Madame L\u00e9tard a r\u00e9cemment annonc\u00e9 la prolongation des d\u00e9lais pour la r\u00e9vision des projets : Roubaix doit en profiter !<\/p>\n<p class=\"p1\"><strong>Notre ville ne manque ni de ressources ni de savoir-faire, mais d\u2019une volont\u00e9 politique forte. Il est temps de re-mettre les habitants \u2013 et non les bulldozers \u2013 au centre de la r\u00e9novation urbaine.<\/strong><\/p>\n<p style=\"text-align: right;\"><strong>Karim AMROUNI, Nadia BELGACEM, Christiane FONFROIDE,<\/strong><br \/><strong>Dogan KACMAZ et Sadia PAMART, Pr\u00e9sidente du groupe<\/strong><br \/><strong>Roubaix en commun<\/strong><\/p>\n<p>\u00a0<\/p>\n","protected":false},"excerpt":{"rendered":"\u00c0 Roubaix, la crise du logement incarne une double urgence : sociale et sanitaire. Marqu\u00e9e par un parc&hellip;\n","protected":false},"author":2,"featured_media":48636,"comment_status":"","ping_status":"","sticky":false,"template":"","format":"standard","meta":{"footnotes":""},"categories":[2815],"tags":[1111,11,1777,674,14030,1011,27,811,1307,12,25,5030],"class_list":{"0":"post-420581","1":"post","2":"type-post","3":"status-publish","4":"format-standard","5":"has-post-thumbnail","7":"category-lille","8":"tag-actu","9":"tag-actualites","10":"tag-eu","11":"tag-europe","12":"tag-expression-politique","13":"tag-fr","14":"tag-france","15":"tag-hauts-de-france","16":"tag-lille","17":"tag-news","18":"tag-republique-francaise","19":"tag-tribune"},"share_on_mastodon":{"url":"https:\/\/pubeurope.com\/@fr\/115274396704858824","error":""},"_links":{"self":[{"href":"https:\/\/www.europesays.com\/fr\/wp-json\/wp\/v2\/posts\/420581","targetHints":{"allow":["GET"]}}],"collection":[{"href":"https:\/\/www.europesays.com\/fr\/wp-json\/wp\/v2\/posts"}],"about":[{"href":"https:\/\/www.europesays.com\/fr\/wp-json\/wp\/v2\/types\/post"}],"author":[{"embeddable":true,"href":"https:\/\/www.europesays.com\/fr\/wp-json\/wp\/v2\/users\/2"}],"replies":[{"embeddable":true,"href":"https:\/\/www.europesays.com\/fr\/wp-json\/wp\/v2\/comments?post=420581"}],"version-history":[{"count":0,"href":"https:\/\/www.europesays.com\/fr\/wp-json\/wp\/v2\/posts\/420581\/revisions"}],"wp:featuredmedia":[{"embeddable":true,"href":"https:\/\/www.europesays.com\/fr\/wp-json\/wp\/v2\/media\/48636"}],"wp:attachment":[{"href":"https:\/\/www.europesays.com\/fr\/wp-json\/wp\/v2\/media?parent=420581"}],"wp:term":[{"taxonomy":"category","embeddable":true,"href":"https:\/\/www.europesays.com\/fr\/wp-json\/wp\/v2\/categories?post=420581"},{"taxonomy":"post_tag","embeddable":true,"href":"https:\/\/www.europesays.com\/fr\/wp-json\/wp\/v2\/tags?post=420581"}],"curies":[{"name":"wp","href":"https:\/\/api.w.org\/{rel}","templated":true}]}}