{"id":420584,"date":"2025-09-27T04:36:16","date_gmt":"2025-09-27T04:36:16","guid":{"rendered":"https:\/\/www.europesays.com\/fr\/420584\/"},"modified":"2025-09-27T04:36:16","modified_gmt":"2025-09-27T04:36:16","slug":"marseille-circulation-et-stationnement-interdits-bus-devies-sur-la-corniche-voici-pourquoi","status":"publish","type":"post","link":"https:\/\/www.europesays.com\/fr\/420584\/","title":{"rendered":"Marseille. Circulation et stationnement interdits, bus d\u00e9vi\u00e9s sur la Corniche : voici pourquoi"},"content":{"rendered":"<p>            Par<br \/>\n        <strong><br \/>\n            <a href=\"https:\/\/actu.fr\/auteur\/thibault-nadal-actu-fr\" title=\"Consulter tous les articles de Thibault Nadal\" rel=\"nofollow noopener\" target=\"_blank\">Thibault Nadal<\/a><br \/>\n        <\/strong><\/p>\n<p>        Publi\u00e9 le<\/p>\n<p>            27 sept. 2025 \u00e0 6h04        <\/p>\n<p>Pour ce premier week-end de l\u2019automne, la m\u00e9t\u00e9o s\u2019annonce relativement douce sur <a href=\"https:\/\/actu.fr\/marseille\/\" rel=\"nofollow noopener\" target=\"_blank\">Marseille<\/a> avec plus de 20\u00b0C et un grand ciel bleu attendus. Un temps parfait pour se balader et profiter de la Corniche dans le 7e arrondissement de Marseille.<\/p>\n<p class=\" wall-content\">Cela tombe bien puisque ce dimanche 28\u00a0septembre 2025, elle sera interdite aux voitures \u00e0 l\u2019occasion de la 31e \u00e9dition de La Voie est Libre. Un \u00e9v\u00e9nement organis\u00e9 par la mairie qui \u00ab\u2009fait la part belle aux promeneurs et aux mobilit\u00e9s douces\u2009\u00bb.<\/p>\n<p>Des Catalans au parc Talabot<\/p>\n<p class=\" wall-content\">Pour cette 31e \u00e9dition, la municipalit\u00e9 indique que la Corniche sera pi\u00e9tonne de <strong>la plage des Catalans jusqu\u2019au parc Talabot de 10h \u00e0 20h<\/strong>.<\/p>\n<p class=\" wall-content\">Et promet \u00ab\u2009une large gamme de services gratuits, allant de la restauration \u00e0 des animations culturelles, musicales et sportives\u2009\u00bb. Le programme complet est \u00e0 retrouver en cliquant sur <a href=\"https:\/\/www.marseille.fr\/environnement\/actualites\/la-voie-est-libre\" rel=\"nofollow noopener\" target=\"_blank\">ce lien<\/a>.<\/p>\n<p>Plusieurs lignes de bus perturb\u00e9s<\/p>\n<p class=\" wall-content\">Mais cet \u00e9v\u00e9nement tr\u00e8s pris\u00e9 des Marseillais oblige <a href=\"https:\/\/actu.fr\/tag\/rtm\" rel=\"nofollow noopener\" target=\"_blank\">la RTM<\/a> \u00e0 adapter ses lignes de bus de 8h30 \u00e0 21h.<\/p>\n<p class=\" wall-content\">\n<p class=\" wall-content\"><strong>Bus\u00a074<\/strong>\u2009:<\/p>\n<ul class=\" wall-content\">\n<li>Deux arr\u00eats non desservis\u2009: Traverse Nicolas et Oriol Corniche.<\/li>\n<li>Boucle chemin du Vallon de l\u2019Oriol non effectu\u00e9e.<\/li>\n<\/ul>\n<p>Votre r\u00e9gion, votre actu !<\/p>\n<p>Recevez chaque jour les infos qui comptent pour vous.<\/p>\n<p>\t<a href=\"https:\/\/actu.fr\/newsletter\" class=\"ac-btn ac-btn--corner ac-btn--medium ac-btn--blue800\" rel=\"nofollow noopener\" target=\"_blank\">S&rsquo;incrire<\/a><\/p>\n<p class=\" wall-content\"><strong>Bus 83<\/strong>\u2009:<\/p>\n<ul class=\" wall-content\">\n<li>12 arr\u00eats non desservis\u2009: Corniche Dessemond, Corniche Fr\u00e9gier, Vallon des Auffes, Endoume, Fausse Monnaie, Parc Valmer, Vallon de la Baudille, Vallon de l\u2019Oriol, Corniche Napoule, Plage du Proph\u00e8te, Chemin du Roucas Blanc et Corniche Talabot.<\/li>\n<li>Service de navettes entre Arenc Eurom\u00e9diterran\u00e9e \/ Catalans (Bus 54 situ\u00e9 rue du Capitaine Dessemond) et entre Stade Nautique \/ M\u00e9tro Rond Point du Prado<\/li>\n<\/ul>\n<p>Les restrictions de stationnement<\/p>\n<p class=\" wall-content\"><strong>Du 25\/09 au 29\/09 de 21h30 \u00e0 23h<\/strong>\u2009:<\/p>\n<ul class=\" wall-content\">\n<li>Sur la totalit\u00e9 des emplacements du terre-plein situ\u00e9 \u00e0 la hauteur du n\u00b0397,- C\u00f4t\u00e9 impair, sur 20m \u00e0 la hauteur du chemin du Vallon de l\u2019Oriol.<\/li>\n<\/ul>\n<p class=\" wall-content\"><strong>Du 27\/09 au 29\/09 de 8h \u00e0 midi<\/strong>\u2009:<\/p>\n<ul class=\" wall-content\">\n<li>Place Paul-Ricard en totalit\u00e9,<\/li>\n<li>Parking face \u00e0 la Villa Gaby.<\/li>\n<\/ul>\n<p class=\" wall-content\"><strong>Du 27\/09 au 28\/09\/2025 de 21h30 \u00e0 23h<\/strong>\u2009:<\/p>\n<ul class=\" wall-content\">\n<li>Parking de l\u2019H\u00e9lice (M\u00e9morial des Rapatri\u00e9s d\u2019Alg\u00e9rie) en totalit\u00e9,<\/li>\n<li>Square Danjaume en totalit\u00e9,<\/li>\n<li>Parking du Mar\u00e9graphe en totalit\u00e9,<\/li>\n<li>Parking du Proph\u00e8te en totalit\u00e9,<\/li>\n<li>Entre l\u2019avenue Talabot et la rue Capitaine-Dessemond, des deux c\u00f4t\u00e9s,<\/li>\n<li>Entre l\u2019avenue du Colonel-S\u00e9rot et l\u2019avenue Talabot des deux c\u00f4t\u00e9s,<\/li>\n<li>Traverse Sainte-H\u00e9l\u00e8ne, entre la rue Pierre-Mouren et la Corniche Kennedy des deux c\u00f4t\u00e9s,<\/li>\n<li>Promenade Pompidou, entre l\u2019avenue du Colonel-S\u00e9rot et la rue du Commandant-Rolland des deux c\u00f4t\u00e9s,<\/li>\n<li>Rue F\u00e9lix Fr\u00e9gier, entre Corniche Kennedy et le n\u02da7 sur 10 emplacements r\u00e9glement\u00e9s (jusqu\u2019\u00e0 20h seulement).<\/li>\n<\/ul>\n<p>La circulation interdite<\/p>\n<p class=\" wall-content\">Le 28\/09 de 9h \u00e0 midi.<\/p>\n<ul class=\" wall-content\">\n<li>Corniche Pr\u00e9sident JF-Kennedy entre la promenade Georges Pompidou et l\u2019avenue Talabot,<\/li>\n<li>L\u2019avenue Talabot et la rue du Cne-Dessemond,<\/li>\n<li>La traverse Pey entre le boulevard Bompard et la Corniche Pr\u00e9sident JF-Kennedy,<\/li>\n<li>La rue Pierre-Mouren entre la rue d\u2019Endoume et la Corniche Pr\u00e9sident JF-Kennedy,<\/li>\n<li>La promenade G. Pompidou entre la rue du Commandant-Rolland et la Corniche Pr\u00e9sident JF-Kennedy.<\/li>\n<\/ul>\n<p class=\" wall-content\">Personnalisez votre actualit\u00e9 en ajoutant vos villes et m\u00e9dias en favori avec <a href=\"https:\/\/moncompte.actu.fr\" title=\"D\u00e9couvez Mon Actu\" rel=\"nofollow noopener\" data-trk=\"{&quot;cta&quot;:{&quot;action&quot;:&quot;https:\\\/\\\/moncompte.actu.fr&quot;,&quot;category&quot;:&quot;mon compte&quot;,&quot;from&quot;:&quot;article footer&quot;,&quot;name&quot;:&quot;Mon actu&quot;,&quot;type&quot;:&quot;cta&quot;}}\" target=\"_blank\">Mon Actu<\/a>.<\/p>\n","protected":false},"excerpt":{"rendered":"Par Thibault Nadal Publi\u00e9 le 27 sept. 2025 \u00e0 6h04 Pour ce premier week-end de l\u2019automne, la m\u00e9t\u00e9o&hellip;\n","protected":false},"author":2,"featured_media":192656,"comment_status":"","ping_status":"","sticky":false,"template":"","format":"standard","meta":{"footnotes":""},"categories":[2814],"tags":[1111,11,7958,51,436,1777,674,1011,27,884,12,882,25,104],"class_list":{"0":"post-420584","1":"post","2":"type-post","3":"status-publish","4":"format-standard","5":"has-post-thumbnail","7":"category-marseille","8":"tag-actu","9":"tag-actualites","10":"tag-corniche","11":"tag-ecologie","12":"tag-environnement","13":"tag-eu","14":"tag-europe","15":"tag-fr","16":"tag-france","17":"tag-marseille","18":"tag-news","19":"tag-provence-alpes-cote-dazur","20":"tag-republique-francaise","21":"tag-societe"},"share_on_mastodon":{"url":"https:\/\/pubeurope.com\/@fr\/115274408455324387","error":""},"_links":{"self":[{"href":"https:\/\/www.europesays.com\/fr\/wp-json\/wp\/v2\/posts\/420584","targetHints":{"allow":["GET"]}}],"collection":[{"href":"https:\/\/www.europesays.com\/fr\/wp-json\/wp\/v2\/posts"}],"about":[{"href":"https:\/\/www.europesays.com\/fr\/wp-json\/wp\/v2\/types\/post"}],"author":[{"embeddable":true,"href":"https:\/\/www.europesays.com\/fr\/wp-json\/wp\/v2\/users\/2"}],"replies":[{"embeddable":true,"href":"https:\/\/www.europesays.com\/fr\/wp-json\/wp\/v2\/comments?post=420584"}],"version-history":[{"count":0,"href":"https:\/\/www.europesays.com\/fr\/wp-json\/wp\/v2\/posts\/420584\/revisions"}],"wp:featuredmedia":[{"embeddable":true,"href":"https:\/\/www.europesays.com\/fr\/wp-json\/wp\/v2\/media\/192656"}],"wp:attachment":[{"href":"https:\/\/www.europesays.com\/fr\/wp-json\/wp\/v2\/media?parent=420584"}],"wp:term":[{"taxonomy":"category","embeddable":true,"href":"https:\/\/www.europesays.com\/fr\/wp-json\/wp\/v2\/categories?post=420584"},{"taxonomy":"post_tag","embeddable":true,"href":"https:\/\/www.europesays.com\/fr\/wp-json\/wp\/v2\/tags?post=420584"}],"curies":[{"name":"wp","href":"https:\/\/api.w.org\/{rel}","templated":true}]}}