{"id":420587,"date":"2025-09-27T04:39:12","date_gmt":"2025-09-27T04:39:12","guid":{"rendered":"https:\/\/www.europesays.com\/fr\/420587\/"},"modified":"2025-09-27T04:39:12","modified_gmt":"2025-09-27T04:39:12","slug":"lyon-trop-genereux-sur-les-tournees-offertes-aux-clients-ce-bar-est-menace-de-fermer","status":"publish","type":"post","link":"https:\/\/www.europesays.com\/fr\/420587\/","title":{"rendered":"Lyon. Trop g\u00e9n\u00e9reux sur les tourn\u00e9es offertes aux clients, ce bar est menac\u00e9 de fermer"},"content":{"rendered":"<p>            Par<br \/>\n        <strong><br \/>\n            <a href=\"https:\/\/actu.fr\/auteur\/julien-damboise\" title=\"Consulter tous les articles de Julien Damboise\" target=\"_blank\" rel=\"noopener\">Julien Damboise<\/a><br \/>\n        <\/strong><\/p>\n<p>        Publi\u00e9 le<\/p>\n<p>            27 sept. 2025 \u00e0 6h08        <\/p>\n<p>Le restaurant bar <strong>Au P\u2019tit Zinc<\/strong>, quai Pierre-Scize dans le 5\u1d49 arrondissement de <a href=\"https:\/\/actu.fr\/lyon\/\" target=\"_blank\" rel=\"noopener\">Lyon<\/a>, pourrait bient\u00f4t mettre un terme \u00e0 une aventure d\u00e9but\u00e9e il y a 33 ans. L\u2019\u00e9tablissement, <strong>v\u00e9ritable institution<\/strong> dans la capitale des Gaules, risque la <a href=\"https:\/\/actu.fr\/auvergne-rhone-alpes\/lyon_69123\/lyon-fin-de-partie-pour-ce-grand-promoteur-immobilier-place-en-liquidation-judiciaire_62970821.html\" target=\"_blank\" rel=\"noopener\">liquidation judiciaire<\/a> apr\u00e8s un contr\u00f4le fiscal qui a r\u00e9v\u00e9l\u00e9 que le patron <strong>servait trop g\u00e9n\u00e9reusement ses clients<\/strong>.<\/p>\n<p>    <a href=\"https:\/\/www.google.com\/maps\/embed?pb=!1m18!1m12!1m3!1d4435.778303642592!2d4.817755075457204!3d45.766509971080524!2m3!1f0!2f0!3f0!3m2!1i1024!2i768!4f13.1!3m3!1m2!1s0x47f4eb07ceb932ff%3A0x7fc7373d7c2d55ed!2sAu%20P%27tit%20Zinc!5e1!3m2!1sfr!2sfr!4v1758809210286!5m2!1sfr!2sfr\" title=\"Ouvrie le lien\" target=\"_blank\" rel=\"noopener\">Cliquez ici pour visualiser le contenu<\/a><\/p>\n<p>Un endroit historique pour faire la f\u00eate<\/p>\n<p class=\" wall-content\">Sur les bords de Sa\u00f4ne, au 56 quai de Pierre-Scize, le P\u2019tit Zinc est ouvert tous les jours. Un restaurant bar tenu par Laurent Merle. Arriv\u00e9 en 1992 dans l\u2019\u00e9tablissement pour \u00eatre barman, ce dernier a repris les reines en 2002.<\/p>\n<p class=\" wall-content\">En plus du d\u00e9jeuner, il est possible de d\u00eener de 19 h 30 \u00e0 2 h du matin sur place, avant la <strong>fermeture \u00e0 4 h du matin<\/strong> tous les jours.<\/p>\n<p class=\" wall-content\">\u00ab\u00a0Nous sommes un endroit \u00e9norm\u00e9ment festif, quand il y avait 50\/60 couverts par soir\u00e9e, on faisait autant en bar qu\u2019en restauration\u00a0\u00bb, explique le g\u00e9rant \u00e2g\u00e9 de 61 ans qui reconnait une difficult\u00e9 il y a quelques ann\u00e9es. Et, \u00ab\u00a0pour faire revenir les gens, les consommations offertes et les doses dans les verres ont \u00e9t\u00e9 plus larges\u00a0\u00bb, explique Laurent.<\/p>\n<p>    <img   decoding=\"async\" loading=\"lazy\" src=\"https:\/\/www.europesays.com\/fr\/wp-content\/uploads\/2025\/09\/petit-zinc-exterieur-ok-960x640.jpeg\" alt=\"L'administration fiscale r\u00e9clame 120 000 euros au patron du P\u2019tit Zinc \u00e0 Lyon.\" width=\"960\" height=\"640\"\/><br \/>\n    L\u2019administration fiscale r\u00e9clame 120 000 euros au patron du P\u2019tit Zinc \u00e0 Lyon. (\u00a9Julien Damboise \/ actu Lyon)Un trou de 120 000 euros<\/p>\n<p class=\" wall-content\">Apr\u00e8s un contr\u00f4le fiscal, Laurent a vu une facture de 120 000 euros arriver. Un manque \u00e0 gagner pour le fisc, assorti d\u2019une convocation au tribunal en vue d\u2019une <strong>liquidation<\/strong> pr\u00e9vue pour d\u00e9but octobre.<\/p>\n<blockquote class=\"ac-article-quote wall-content\">\n<p>Quand un client mettait une tourn\u00e9e, on offrait un verre. Ils me r\u00e9clament 120 000 euros de TVA, sur trois ans, soit une bouteille de champagne par jour. Mais j\u2019en ai offert beaucoup plus, c&rsquo;est all\u00e9 tr\u00e8s vite.<\/p>\n<p>    <strong>Laurent Merle<\/strong><br \/>\n        Propri\u00e9taire du restaurant bar Au P\u2019tit Zinc    <\/p><\/blockquote>\n<p>Votre r\u00e9gion, votre actu !<\/p>\n<p>Recevez chaque jour les infos qui comptent pour vous.<\/p>\n<p>\t<a href=\"https:\/\/actu.fr\/newsletter\" class=\"ac-btn ac-btn--corner ac-btn--medium ac-btn--blue800\" target=\"_blank\" rel=\"noopener\">S&rsquo;incrire<\/a><\/p>\n<p class=\" wall-content\">Le g\u00e9rant d\u00e9plore que l\u2019administration lui reproche un enrichissement personnel, ce qu\u2019il conteste : \u00ab\u00a0Je n\u2019ai pas de patrimoine, je suis encore en location. Ils raisonnent en chiffres, nous c\u2019est <strong>une fa\u00e7on de travailler<\/strong> comme il y a 20-25 ans en arri\u00e8re.\u00a0\u00bb<\/p>\n<p class=\" wall-content\">Un esprit qu\u2019adorent les clients crois\u00e9s sur place. \u00ab\u00a0C\u2019est grotesque. Comment peut-on dire \u00e7a ? Les cuisiniers lyonnais, dans la lign\u00e9e de <a href=\"https:\/\/actu.fr\/tag\/paul-bocuse\" target=\"_blank\" rel=\"noopener\">Paul Bocuse<\/a>, sont g\u00e9n\u00e9reux et veulent que les gens aient le sourire\u00a0\u00bb, affirme C\u00e9dric. Fred, un habitu\u00e9 venu pour le d\u00e9jeuner, rel\u00e8ve de son c\u00f4t\u00e9 le travail acharn\u00e9 du propri\u00e9taire.<\/p>\n<p class=\" wall-content\">\u00ab\u00a0C\u2019est un des rares endroits o\u00f9 l\u2019on peut manger, la nuit, de la nourriture de qualit\u00e9 et pas des kebabs\u00a0\u00bb, ajoute Matthias.<\/p>\n<p>Une cagnotte en ligne<\/p>\n<p class=\" wall-content\">Pour tenter d\u2019apporter des garanties lors de l\u2019audience pr\u00e9vue le 7 octobre devant la justice, une <a href=\"https:\/\/www.leetchi.com\/fr\/c\/sauvetage-du-ptit-zinc-1117391\" target=\"_blank\" rel=\"noopener\">collecte de fonds<\/a> a \u00e9t\u00e9 lanc\u00e9e en ligne. L\u2019objectif est de r\u00e9colter 50 000 euros au total, 10 000 ayant d\u00e9j\u00e0 \u00e9t\u00e9 donn\u00e9s par les clients du P\u2019tit Zinc.<\/p>\n<p class=\" wall-content\">Le but du propri\u00e9taire : obtenir un \u00e9ch\u00e9ancier de paiement pour \u00e9viter de mettre la cl\u00e9 sous la porte.<\/p>\n<p class=\" wall-content\">Personnalisez votre actualit\u00e9 en ajoutant vos villes et m\u00e9dias en favori avec <a href=\"https:\/\/moncompte.actu.fr\" title=\"D\u00e9couvez Mon Actu\" rel=\"nofollow noopener\" data-trk=\"{&quot;cta&quot;:{&quot;action&quot;:&quot;https:\\\/\\\/moncompte.actu.fr&quot;,&quot;category&quot;:&quot;mon compte&quot;,&quot;from&quot;:&quot;article footer&quot;,&quot;name&quot;:&quot;Mon actu&quot;,&quot;type&quot;:&quot;cta&quot;}}\" target=\"_blank\">Mon Actu<\/a>.<\/p>\n","protected":false},"excerpt":{"rendered":"Par Julien Damboise Publi\u00e9 le 27 sept. 2025 \u00e0 6h08 Le restaurant bar Au P\u2019tit Zinc, quai Pierre-Scize&hellip;\n","protected":false},"author":2,"featured_media":420588,"comment_status":"","ping_status":"","sticky":false,"template":"","format":"standard","meta":{"footnotes":""},"categories":[1889],"tags":[1111,11,5702,2430,215,33,1777,674,1011,27,2428,12,25,1340],"class_list":{"0":"post-420587","1":"post","2":"type-post","3":"status-publish","4":"format-standard","5":"has-post-thumbnail","7":"category-lyon","8":"tag-actu","9":"tag-actualites","10":"tag-alcool","11":"tag-auvergne-rhone-alpes","12":"tag-commerce","13":"tag-economie","14":"tag-eu","15":"tag-europe","16":"tag-fr","17":"tag-france","18":"tag-lyon","19":"tag-news","20":"tag-republique-francaise","21":"tag-restaurant"},"share_on_mastodon":{"url":"https:\/\/pubeurope.com\/@fr\/115274420708092690","error":""},"_links":{"self":[{"href":"https:\/\/www.europesays.com\/fr\/wp-json\/wp\/v2\/posts\/420587","targetHints":{"allow":["GET"]}}],"collection":[{"href":"https:\/\/www.europesays.com\/fr\/wp-json\/wp\/v2\/posts"}],"about":[{"href":"https:\/\/www.europesays.com\/fr\/wp-json\/wp\/v2\/types\/post"}],"author":[{"embeddable":true,"href":"https:\/\/www.europesays.com\/fr\/wp-json\/wp\/v2\/users\/2"}],"replies":[{"embeddable":true,"href":"https:\/\/www.europesays.com\/fr\/wp-json\/wp\/v2\/comments?post=420587"}],"version-history":[{"count":0,"href":"https:\/\/www.europesays.com\/fr\/wp-json\/wp\/v2\/posts\/420587\/revisions"}],"wp:featuredmedia":[{"embeddable":true,"href":"https:\/\/www.europesays.com\/fr\/wp-json\/wp\/v2\/media\/420588"}],"wp:attachment":[{"href":"https:\/\/www.europesays.com\/fr\/wp-json\/wp\/v2\/media?parent=420587"}],"wp:term":[{"taxonomy":"category","embeddable":true,"href":"https:\/\/www.europesays.com\/fr\/wp-json\/wp\/v2\/categories?post=420587"},{"taxonomy":"post_tag","embeddable":true,"href":"https:\/\/www.europesays.com\/fr\/wp-json\/wp\/v2\/tags?post=420587"}],"curies":[{"name":"wp","href":"https:\/\/api.w.org\/{rel}","templated":true}]}}