{"id":420591,"date":"2025-09-27T04:41:09","date_gmt":"2025-09-27T04:41:09","guid":{"rendered":"https:\/\/www.europesays.com\/fr\/420591\/"},"modified":"2025-09-27T04:41:09","modified_gmt":"2025-09-27T04:41:09","slug":"quand-reverra-t-on-le-soleil-a-paris-et-en-ile-de-france","status":"publish","type":"post","link":"https:\/\/www.europesays.com\/fr\/420591\/","title":{"rendered":"quand reverra-t-on le soleil \u00e0 Paris et en \u00cele-de-France\u00a0?"},"content":{"rendered":"<p>            Par<br \/>\n        <strong><br \/>\n            <a href=\"https:\/\/actu.fr\/auteur\/thomas-martin\" title=\"Consulter tous les articles de Thomas Martin\" rel=\"nofollow noopener\" target=\"_blank\">Thomas Martin<\/a><br \/>\n        <\/strong><\/p>\n<p>        Publi\u00e9 le<\/p>\n<p>            27 sept. 2025 \u00e0 6h10        <\/p>\n<p>L\u00e9g\u00e8rement d\u00e9primant. L\u2019arriv\u00e9e de l\u2019automne s\u2019est bien fait sentir \u00e0 Paris et dans l\u2019ensemble de l\u2019\u00cele-de-France avec de la pluie, de la grisaille et des <a href=\"https:\/\/actu.fr\/ile-de-france\/paris_75056\/meteo-glaciale-a-paris-un-froid-jamais-vu-dans-la-capitale-depuis-quarante-ans_63213049.html\" rel=\"nofollow noopener\" target=\"_blank\">temp\u00e9ratures en-dessous des normales de saison<\/a>. La faute \u00e0 une <a href=\"https:\/\/actu.fr\/meteo\/c-est-quoi-une-goutte-froide-ce-phenomene-meteo-qui-va-traverser-et-refroidir-la-france_61848652.html\" rel=\"nofollow noopener\" target=\"_blank\">goutte froide<\/a> qui maintient des conditions grises et humides, avec une fra\u00eecheur diurne inhabituelle pour la saison. Mais pour combien de temps ? <a href=\"https:\/\/actu.fr\/tag\/meteo-france\" rel=\"nofollow noopener\" target=\"_blank\">M\u00e9t\u00e9o-France<\/a> laisse esp\u00e9rer une am\u00e9lioration avec un retour du soleil et des temp\u00e9ratures en hausse.\u00a0<\/p>\n<p>Un manque de soleil criant<\/p>\n<p class=\" wall-content\">Sous la grisaille et parfois la pluie, les temp\u00e9ratures ont eu du mal \u00e0 d\u00e9passer les 10-15\u00b0C cette semaine. Mercredi 24 septembre, on a par exemple mesur\u00e9 11,4 \u00b0C \u00e0 Fontainebleau (Seine-et-Marne) 10,5 \u00b0C \u00e0 Magnanville (Yvelines). Pour la station historique de Paris-Montsouris, l\u2019apr\u00e8s-midi du jeudi 25 septembre (10,9 \u00b0C de maximale) a m\u00eame \u00e9t\u00e9 la plus fra\u00eeche en septembre depuis les 10,3 \u00b0C du 16 septembre 1986 ! Des temp\u00e9ratures basses pour la saison accompagn\u00e9es d\u2019un manque de soleil criant.\u00a0<\/p>\n<p class=\" wall-content\">\n<p class=\" wall-content\">Et les amplitudes thermiques ont \u00e9t\u00e9 tr\u00e8s faibles, notamment jeudi dans la capitale : \u00ab\u00a0la diff\u00e9rence entre le minimum et le maximum de temp\u00e9ratures sur 24 heures a \u00e9t\u00e9 de seulement 0,6 \u00b0C, ce qui est du jamais vu aussi t\u00f4t dans l\u2019automne, et seulement \u00e9gal\u00e9 durant l\u2019automne climatologique par la journ\u00e9e du 5 novembre 1974\u00a0\u00bb.<\/p>\n<p>Du soleil et des temp\u00e9ratures en hausse<\/p>\n<p class=\" wall-content\">Ce week-end des samedi 27 et dimanche 28 septembre, devrait \u00eatre annonciateur d\u2019un (l\u00e9ger) changement dans le ciel selon M\u00e9t\u00e9o France : \u00ab\u00a0Le temps s\u2019annonce plus calme et les temp\u00e9ratures retrouvent progressivement des valeurs de saison\u00a0\u00bb.<\/p>\n<p class=\" wall-content\">Ce samedi devrait \u00eatre marqu\u00e9 par une alternance d\u2019\u00e9claircies et de passages nuageux. Dans la capitale, on attend seulement 9\u00b0C vers 8h et 16\u00b0C en d\u00e9but d\u2019apr\u00e8s-midi. Dimanche, le temps sera globalement ensoleill\u00e9 et on devrait gagner deux degr\u00e9s dans l\u2019apr\u00e8s-midi.\u00a0<\/p>\n<p class=\" wall-content\">Un temps calme, plut\u00f4t ensoleill\u00e9 et doux, devrait \u00eatre de mise en d\u00e9but de semaine prochaine et les temp\u00e9ratures pourraient \u00e0 refranchir la barre des 20\u00b0C.\u00a0<\/p>\n<p class=\" wall-content\">Personnalisez votre actualit\u00e9 en ajoutant vos villes et m\u00e9dias en favori avec <a href=\"https:\/\/moncompte.actu.fr\" title=\"D\u00e9couvez Mon Actu\" rel=\"nofollow noopener\" data-trk=\"{&quot;cta&quot;:{&quot;action&quot;:&quot;https:\\\/\\\/moncompte.actu.fr&quot;,&quot;category&quot;:&quot;mon compte&quot;,&quot;from&quot;:&quot;article footer&quot;,&quot;name&quot;:&quot;Mon actu&quot;,&quot;type&quot;:&quot;cta&quot;}}\" target=\"_blank\">Mon Actu<\/a>.<\/p>\n","protected":false},"excerpt":{"rendered":"Par Thomas Martin Publi\u00e9 le 27 sept. 2025 \u00e0 6h10 L\u00e9g\u00e8rement d\u00e9primant. L\u2019arriv\u00e9e de l\u2019automne s\u2019est bien fait&hellip;\n","protected":false},"author":2,"featured_media":420592,"comment_status":"","ping_status":"","sticky":false,"template":"","format":"standard","meta":{"footnotes":""},"categories":[1592],"tags":[1111,11,1777,674,1011,27,3447,662,2487,2357,12,626,25],"class_list":{"0":"post-420591","1":"post","2":"type-post","3":"status-publish","4":"format-standard","5":"has-post-thumbnail","7":"category-ile-de-france","8":"tag-actu","9":"tag-actualites","10":"tag-eu","11":"tag-europe","12":"tag-fr","13":"tag-france","14":"tag-froid","15":"tag-ile-de-france","16":"tag-meteo","17":"tag-meteo-france","18":"tag-news","19":"tag-paris","20":"tag-republique-francaise"},"share_on_mastodon":{"url":"https:\/\/pubeurope.com\/@fr\/115274428160183502","error":""},"_links":{"self":[{"href":"https:\/\/www.europesays.com\/fr\/wp-json\/wp\/v2\/posts\/420591","targetHints":{"allow":["GET"]}}],"collection":[{"href":"https:\/\/www.europesays.com\/fr\/wp-json\/wp\/v2\/posts"}],"about":[{"href":"https:\/\/www.europesays.com\/fr\/wp-json\/wp\/v2\/types\/post"}],"author":[{"embeddable":true,"href":"https:\/\/www.europesays.com\/fr\/wp-json\/wp\/v2\/users\/2"}],"replies":[{"embeddable":true,"href":"https:\/\/www.europesays.com\/fr\/wp-json\/wp\/v2\/comments?post=420591"}],"version-history":[{"count":0,"href":"https:\/\/www.europesays.com\/fr\/wp-json\/wp\/v2\/posts\/420591\/revisions"}],"wp:featuredmedia":[{"embeddable":true,"href":"https:\/\/www.europesays.com\/fr\/wp-json\/wp\/v2\/media\/420592"}],"wp:attachment":[{"href":"https:\/\/www.europesays.com\/fr\/wp-json\/wp\/v2\/media?parent=420591"}],"wp:term":[{"taxonomy":"category","embeddable":true,"href":"https:\/\/www.europesays.com\/fr\/wp-json\/wp\/v2\/categories?post=420591"},{"taxonomy":"post_tag","embeddable":true,"href":"https:\/\/www.europesays.com\/fr\/wp-json\/wp\/v2\/tags?post=420591"}],"curies":[{"name":"wp","href":"https:\/\/api.w.org\/{rel}","templated":true}]}}