{"id":420595,"date":"2025-09-27T04:43:16","date_gmt":"2025-09-27T04:43:16","guid":{"rendered":"https:\/\/www.europesays.com\/fr\/420595\/"},"modified":"2025-09-27T04:43:16","modified_gmt":"2025-09-27T04:43:16","slug":"en-guinee-le-chef-de-la-junte-promulgue-la-nouvelle-constitution","status":"publish","type":"post","link":"https:\/\/www.europesays.com\/fr\/420595\/","title":{"rendered":"En Guin\u00e9e, le chef de la junte promulgue la nouvelle Constitution"},"content":{"rendered":"<p>                          <img loading=\"lazy\" decoding=\"async\" src=\"https:\/\/www.europesays.com\/fr\/wp-content\/uploads\/2025\/09\/a7097b4_ftp-import-images-1-kvcutrnv2anl-6cc0e54d9ded4cb39d1cf3b11252de10-1-ac4b819a778240feadbb4698.jpeg\" alt=\"Le chef de la junte, le g\u00e9n\u00e9ral Mamadi Doumbouya, avec son \u00e9pouse, apr\u00e8s avoir vot\u00e9 lors du r\u00e9f\u00e9rendum constitutionnel \u00e0 Conakry, en Guin\u00e9e, le 21\u00a0septembre\u00a02025. \"   width=\"664\" height=\"443\"\/>    Le chef de la junte, le g\u00e9n\u00e9ral Mamadi Doumbouya, avec son \u00e9pouse, apr\u00e8s avoir vot\u00e9 lors du r\u00e9f\u00e9rendum constitutionnel \u00e0 Conakry, en Guin\u00e9e, le 21\u00a0septembre\u00a02025.  MISPER APAWU \/ AP                        <\/p>\n<p class=\"article__paragraph  \">Quatre ans apr\u00e8s la prise de pouvoir par des militaires, la Guin\u00e9e a une nouvelle Constitution. Elle a \u00e9t\u00e9 approuv\u00e9e par pr\u00e8s de 90\u00a0% des Guin\u00e9es, selon les r\u00e9sultats d\u00e9finitifs annonc\u00e9s vendredi 26\u00a0septembre au soir par la Cour supr\u00eame, <a href=\"https:\/\/www.lemonde.fr\/afrique\/article\/2025\/09\/24\/en-guinee-le-referendum-sur-la-nouvelle-constitution-recueille-pres-de-90-de-oui_6642692_3212.html\" rel=\"nofollow noopener\" target=\"_blank\">\u00e0 l\u2019issue d\u2019un r\u00e9f\u00e9rendum<\/a> visant \u00e0 mettre fin \u00e0 la transition. Ce r\u00e9sultat ouvre la voie \u00e0 une candidature du chef de la junte, Mamadi Doumbouya, \u00e0 une future pr\u00e9sidentielle.<\/p>\n<p class=\"article__paragraph  \">Esp\u00e9r\u00e9 depuis des ann\u00e9es par la population et la communaut\u00e9 internationale, ce scrutin a\u00a0inaugur\u00e9 une s\u00e9quence \u00e9lectorale cruciale dans ce pays parmi les plus pauvres du monde et \u00e0\u00a0l\u2019histoire jalonn\u00e9e de coups d\u2019Etat et marqu\u00e9e par la violence de r\u00e9gimes autoritaires.<\/p>\n<p class=\"article__paragraph  \">Les r\u00e9sultats d\u00e9finitifs \u2013 soit 89,38\u00a0% pour le \u00ab\u00a0oui\u00a0\u00bb et 10,62\u00a0% pour le \u00ab\u00a0non\u00a0\u00bb \u2013 confirment les r\u00e9sultats provisoires annonc\u00e9s mardi soir. Ils ont \u00e9t\u00e9 communiqu\u00e9s vendredi soir par le premier pr\u00e9sident de la Cour supr\u00eame, et retransmis en direct sur la Radio T\u00e9l\u00e9vision de Guin\u00e9e (RTG).<\/p>\n<p>                                     Lire aussi |  Article r\u00e9serv\u00e9 \u00e0 nos abonn\u00e9s  <a href=\"https:\/\/www.lemonde.fr\/afrique\/article\/2025\/09\/24\/en-guinee-le-general-mamadi-doumbouya-se-degage-la-voie-pour-rester-au-pouvoir_6642753_3212.html\" class=\"js-article-read-also catcher--favoris__link\" data-premium=\"1\" id=\"article-title-3438432\" rel=\"nofollow noopener\" target=\"_blank\">En Guin\u00e9e, le g\u00e9n\u00e9ral Mamadi Doumbouya se d\u00e9gage la voie pour rester au pouvoir<\/a>    <\/p>\n<p>   Lire plus tard  <\/p>\n<p class=\"article__paragraph  \">Dans la foul\u00e9e, un d\u00e9cret du pr\u00e9sident Mamadi Doumbouya, lu \u00e0 la t\u00e9l\u00e9vision nationale, a\u00a0promulgu\u00e9 la nouvelle Constitution.<\/p>\n<p>                  \u00ab\u00a0Mascarade \u00e9lectorale\u00a0\u00bb                  <\/p>\n<p class=\"article__paragraph  \">Les Guin\u00e9ens avaient vot\u00e9 dimanche sur ce projet de nouvelle Constitution visant \u00e0 la fin de la transition militaire. Les leaders de l\u2019opposition avaient appel\u00e9 au boycott, accusant le chef de la junte de vouloir se maintenir au pouvoir \u00e0 la faveur de ce r\u00e9f\u00e9rendum. Ils ont d\u00e9nonc\u00e9 une \u00ab\u00a0mascarade \u00e9lectorale\u00a0\u00bb aux r\u00e9sultats \u00ab\u00a0connus d\u2019avance\u00a0\u00bb. Les juges de la Cour supr\u00eame ont examin\u00e9 et rejet\u00e9 un recours d\u2019une coalition de partis d\u2019opposition d\u00e9pos\u00e9 plus t\u00f4t, vendredi, et qui r\u00e9clamait l\u2019annulation du r\u00e9f\u00e9rendum.<\/p>\n<p class=\"article__paragraph  \">Depuis qu\u2019il a renvers\u00e9 le pr\u00e9sident civil \u00e9lu, Alpha Cond\u00e9, en\u00a02021, Mamadi Doumbouya, 40\u00a0ans, dirige le pays d\u2019une main de fer. La junte a multipli\u00e9 les restrictions contre les libert\u00e9s.<\/p>\n<p>                                     Lire aussi |  Article r\u00e9serv\u00e9 \u00e0 nos abonn\u00e9s  <a href=\"https:\/\/www.lemonde.fr\/afrique\/article\/2025\/09\/21\/en-guinee-un-projet-de-constitution-accuse-de-permettre-a-mamadi-doumbouya-de-se-maintenir-au-pouvoir_6642184_3212.html\" class=\"js-article-read-also catcher--favoris__link\" data-premium=\"1\" id=\"article-title-3438429\" rel=\"nofollow noopener\" target=\"_blank\">En Guin\u00e9e, un projet de Constitution accus\u00e9 de permettre \u00e0 Mamadi Doumbouya de se maintenir au pouvoir<\/a>    <\/p>\n<p>   Lire plus tard  <\/p>\n<p class=\"article__paragraph  \">La nouvelle Constitution doit permettre l\u2019organisation d\u2019\u00e9lections pour mettre fin \u00e0 la transition depuis la prise de pouvoir des militaires. Ces derniers s\u2019\u00e9taient initialement engag\u00e9s \u00e0 rendre le pouvoir aux civils avant fin 2024. L\u2019organisation du r\u00e9f\u00e9rendum a permis \u00e0 la junte d\u2019aller dans le sens des exigences d\u2019\u00e9lection de la communaut\u00e9 internationale et des bailleurs. Les autorit\u00e9s souhaitent se normaliser et renouer avec les organisations r\u00e9gionales et internationales. Elles ont donc annonc\u00e9 des \u00e9lections pr\u00e9sidentielle et l\u00e9gislatives pour assurer un retour \u00e0 l\u2019ordre constitutionnel avant la fin de cette ann\u00e9e, sans pr\u00e9ciser de date.<\/p>\n<p class=\"article__paragraph  \">Mercredi, le premier ministre, Amadou Oury Bah, a r\u00e9affirm\u00e9 que des \u00e9lections \u00ab\u00a0seront programm\u00e9es cette ann\u00e9e\u00a0\u00bb, consid\u00e9rant le \u00ab\u00a0oui\u00a0\u00bb massif au projet de nouvelle Constitution comme un \u00ab\u00a0mandat de confiance\u00a0\u00bb. Malgr\u00e9 l\u2019appel au boycott de l\u2019opposition, nombre de Guin\u00e9ens se sont rendus aux urnes. Les \u00e9lecteurs interrog\u00e9s par l\u2019Agence France-Presse (AFP) ont affirm\u00e9 en majorit\u00e9 avoir vot\u00e9 pour exprimer leur volont\u00e9 de sortir de la transition militaire.<\/p>\n<p>                  Chape de plomb                  <\/p>\n<p class=\"article__paragraph  \">Une chape de plomb s\u2019est abattue en Guin\u00e9e sur les voix dissidentes depuis l\u2019arriv\u00e9e des militaires au pouvoir. Plusieurs partis politiques et m\u00e9dias ont \u00e9t\u00e9 suspendus, les manifestations \u2013 interdites depuis 2022 \u2013 sont r\u00e9prim\u00e9es, et de nombreux dirigeants de l\u2019opposition ont \u00e9t\u00e9 arr\u00eat\u00e9s, condamn\u00e9s ou pouss\u00e9s \u00e0 l\u2019exil. Les disparitions forc\u00e9es et les enl\u00e8vements se sont multipli\u00e9s.<\/p>\n<p> Restez inform\u00e9s  <\/p>\n<p> <a href=\"https:\/\/www.whatsapp.com\/channel\/0029VaDz2VzEVccLxVQSVS3x\" class=\"inread__link js-services-inread-link\" target=\"_blank\" rel=\"nofollow noopener\">  <\/p>\n<p>Suivez-nous sur WhatsApp<\/p>\n<p>Recevez l\u2019essentiel de l\u2019actualit\u00e9 africaine sur WhatsApp avec la cha\u00eene du \u00ab Monde Afrique \u00bb<\/p>\n<p>Rejoindre<\/p>\n<p> <\/a>      <\/p>\n<p> Newsletter  <\/p>\n<p> <a href=\"https:\/\/www.lemonde.fr\/newsletters\/le-monde-afrique\/\" class=\"inread__link js-services-inread-link\" target=\"_blank\" rel=\"nofollow noopener\">  <\/p>\n<p>\u00ab Le Monde Afrique \u00bb<\/p>\n<p>Chaque samedi, retrouvez une semaine d\u2019actualit\u00e9 et de d\u00e9bats, par la r\u00e9daction du \u00ab Monde Afrique \u00bb<\/p>\n<p>S&rsquo;inscrire<\/p>\n<p> <\/a>             <\/p>\n<p class=\"article__paragraph  \">Les \u00e9lecteurs interrog\u00e9s par l\u2019AFP dimanche \u00e9taient partag\u00e9s entre ceux qui souhaitent ardemment le retour des civils au pouvoir et d\u2019autres qui soutiennent le chef de la junte et sa potentielle candidature \u00e0 une future pr\u00e9sidentielle.<\/p>\n<p>                                     Lire aussi |  Article r\u00e9serv\u00e9 \u00e0 nos abonn\u00e9s  <a href=\"https:\/\/www.lemonde.fr\/afrique\/article\/2025\/08\/26\/en-guinee-la-junte-vide-le-champ-politique-avant-le-referendum-sur-la-nouvelle-constitution_6635476_3212.html\" class=\"js-article-read-also catcher--favoris__link\" data-premium=\"1\" id=\"article-title-3435341\" rel=\"nofollow noopener\" target=\"_blank\">En Guin\u00e9e, la junte vide le champ politique avant le r\u00e9f\u00e9rendum sur la nouvelle Constitution<\/a>    <\/p>\n<p>   Lire plus tard  <\/p>\n<p class=\"article__paragraph  \">Cette Constitution remplace la \u00ab\u00a0Charte de la transition\u00a0\u00bb, \u00e9tablie par la junte apr\u00e8s le coup d\u2019Etat, et qui emp\u00eachait notamment \u00e0 ses membres de se pr\u00e9senter aux \u00e9lections. Cette interdiction ne figure plus dans la nouvelle Constitution, permettant une candidature de Mamadi Doumbouya. Tout semble indiquer qu\u2019il sera candidat, en d\u00e9pit de sa promesse de ne pas se pr\u00e9senter.<\/p>\n<p class=\"article__paragraph  \">Jeudi, le Haut-Commissaire des nations unies aux droits de l\u2019Homme, Volker T\u00fcrk, a demand\u00e9 \u00e0 la Guin\u00e9e de lever, avant les prochaines \u00e9lections, les \u00ab\u00a0interdictions, tout simplement inacceptables\u00a0\u00bb visant les partis d\u2019opposition et les m\u00e9dias.<\/p>\n<p class=\"author__detail\">  Le Monde avec AFP  <\/p>\n<p>                  <a href=\"https:\/\/www.lemonde.fr\/syndication\/\" class=\"reuse__content\" title=\"R\u00e9utiliser ce contenu\" target=\"_blank\" rel=\"nofollow noopener\">R\u00e9utiliser ce contenu<\/a>      <\/p>\n","protected":false},"excerpt":{"rendered":"Le chef de la junte, le g\u00e9n\u00e9ral Mamadi Doumbouya, avec son \u00e9pouse, apr\u00e8s avoir vot\u00e9 lors du r\u00e9f\u00e9rendum&hellip;\n","protected":false},"author":2,"featured_media":420596,"comment_status":"","ping_status":"","sticky":false,"template":"","format":"standard","meta":{"footnotes":""},"categories":[1888],"tags":[1111,1928,11,1927,1777,674,1011,27,12,1926,626,1925,25],"class_list":{"0":"post-420595","1":"post","2":"type-post","3":"status-publish","4":"format-standard","5":"has-post-thumbnail","7":"category-paris","8":"tag-actu","9":"tag-actu-paris","10":"tag-actualites","11":"tag-actualites-paris","12":"tag-eu","13":"tag-europe","14":"tag-fr","15":"tag-france","16":"tag-news","17":"tag-news-paris","18":"tag-paris","19":"tag-paris-news","20":"tag-republique-francaise"},"share_on_mastodon":{"url":"https:\/\/pubeurope.com\/@fr\/115274436181024588","error":""},"_links":{"self":[{"href":"https:\/\/www.europesays.com\/fr\/wp-json\/wp\/v2\/posts\/420595","targetHints":{"allow":["GET"]}}],"collection":[{"href":"https:\/\/www.europesays.com\/fr\/wp-json\/wp\/v2\/posts"}],"about":[{"href":"https:\/\/www.europesays.com\/fr\/wp-json\/wp\/v2\/types\/post"}],"author":[{"embeddable":true,"href":"https:\/\/www.europesays.com\/fr\/wp-json\/wp\/v2\/users\/2"}],"replies":[{"embeddable":true,"href":"https:\/\/www.europesays.com\/fr\/wp-json\/wp\/v2\/comments?post=420595"}],"version-history":[{"count":0,"href":"https:\/\/www.europesays.com\/fr\/wp-json\/wp\/v2\/posts\/420595\/revisions"}],"wp:featuredmedia":[{"embeddable":true,"href":"https:\/\/www.europesays.com\/fr\/wp-json\/wp\/v2\/media\/420596"}],"wp:attachment":[{"href":"https:\/\/www.europesays.com\/fr\/wp-json\/wp\/v2\/media?parent=420595"}],"wp:term":[{"taxonomy":"category","embeddable":true,"href":"https:\/\/www.europesays.com\/fr\/wp-json\/wp\/v2\/categories?post=420595"},{"taxonomy":"post_tag","embeddable":true,"href":"https:\/\/www.europesays.com\/fr\/wp-json\/wp\/v2\/tags?post=420595"}],"curies":[{"name":"wp","href":"https:\/\/api.w.org\/{rel}","templated":true}]}}