{"id":42060,"date":"2025-04-21T17:56:10","date_gmt":"2025-04-21T17:56:10","guid":{"rendered":"https:\/\/www.europesays.com\/fr\/42060\/"},"modified":"2025-04-21T17:56:10","modified_gmt":"2025-04-21T17:56:10","slug":"a-lelsau-lentree-du-quartier-bloquee-par-les-travaux","status":"publish","type":"post","link":"https:\/\/www.europesays.com\/fr\/42060\/","title":{"rendered":"\u00e0 l\u2019Elsau, l\u2019entr\u00e9e du quartier bloqu\u00e9e par les travaux"},"content":{"rendered":"<p>\u00ab\u00a0C\u2019est catastrophique\u00a0!\u00a0\u00bb, commence sans m\u00e9nagement Daniel Vidot, pr\u00e9sident de l\u2019Arel, l\u2019association des habitants de l\u2019Elsau. Ils sont vingt-cinq mobilis\u00e9s ce lundi 21\u00a0avril sous les parapluies autour des panneaux de chantier qui mentionnent des travaux de voirie rue de l\u2019Unterelsau, o\u00f9 la circulation sera interdite d\u00e8s ce mardi 22\u00a0avril.<\/p>\n<p>Rien de tr\u00e8s inhabituel pour un chantier sur la voirie. Ce qui met en col\u00e8re le pr\u00e9sident de l\u2019Arel, c\u2019est&#8230;<\/p>\n","protected":false},"excerpt":{"rendered":"\u00ab\u00a0C\u2019est catastrophique\u00a0!\u00a0\u00bb, commence sans m\u00e9nagement Daniel Vidot, pr\u00e9sident de l\u2019Arel, l\u2019association des habitants de l\u2019Elsau. Ils sont vingt-cinq&hellip;\n","protected":false},"author":2,"featured_media":42061,"comment_status":"","ping_status":"","sticky":false,"template":"","format":"standard","meta":{"footnotes":""},"categories":[2820],"tags":[1111,11,4749,33,2880,1777,674,107,1011,27,775,3539,12,316,25,640,2879],"class_list":{"0":"post-42060","1":"post","2":"type-post","3":"status-publish","4":"format-standard","5":"has-post-thumbnail","7":"category-strasbourg","8":"tag-actu","9":"tag-actualites","10":"tag-btp-et-chantiers","11":"tag-economie","12":"tag-edition-strasbourg","13":"tag-eu","14":"tag-europe","15":"tag-fil-info","16":"tag-fr","17":"tag-france","18":"tag-grand-est","19":"tag-les-ecologistes","20":"tag-news","21":"tag-politique","22":"tag-republique-francaise","23":"tag-strasbourg","24":"tag-strasbourg-ville"},"share_on_mastodon":{"url":"https:\/\/pubeurope.com\/@fr\/114377246932502934","error":""},"_links":{"self":[{"href":"https:\/\/www.europesays.com\/fr\/wp-json\/wp\/v2\/posts\/42060","targetHints":{"allow":["GET"]}}],"collection":[{"href":"https:\/\/www.europesays.com\/fr\/wp-json\/wp\/v2\/posts"}],"about":[{"href":"https:\/\/www.europesays.com\/fr\/wp-json\/wp\/v2\/types\/post"}],"author":[{"embeddable":true,"href":"https:\/\/www.europesays.com\/fr\/wp-json\/wp\/v2\/users\/2"}],"replies":[{"embeddable":true,"href":"https:\/\/www.europesays.com\/fr\/wp-json\/wp\/v2\/comments?post=42060"}],"version-history":[{"count":0,"href":"https:\/\/www.europesays.com\/fr\/wp-json\/wp\/v2\/posts\/42060\/revisions"}],"wp:featuredmedia":[{"embeddable":true,"href":"https:\/\/www.europesays.com\/fr\/wp-json\/wp\/v2\/media\/42061"}],"wp:attachment":[{"href":"https:\/\/www.europesays.com\/fr\/wp-json\/wp\/v2\/media?parent=42060"}],"wp:term":[{"taxonomy":"category","embeddable":true,"href":"https:\/\/www.europesays.com\/fr\/wp-json\/wp\/v2\/categories?post=42060"},{"taxonomy":"post_tag","embeddable":true,"href":"https:\/\/www.europesays.com\/fr\/wp-json\/wp\/v2\/tags?post=42060"}],"curies":[{"name":"wp","href":"https:\/\/api.w.org\/{rel}","templated":true}]}}