{"id":420600,"date":"2025-09-27T04:46:23","date_gmt":"2025-09-27T04:46:23","guid":{"rendered":"https:\/\/www.europesays.com\/fr\/420600\/"},"modified":"2025-09-27T04:46:23","modified_gmt":"2025-09-27T04:46:23","slug":"gravelines-paris-basketball-a-quelle-heure-et-sur-quelle-chaine-tv-voir-le-match-de-betclic-elite","status":"publish","type":"post","link":"https:\/\/www.europesays.com\/fr\/420600\/","title":{"rendered":"Gravelines &#8211; Paris Basketball\u00a0: \u00e0 quelle heure et sur quelle cha\u00eene TV voir le match de Betclic \u00c9lite ?"},"content":{"rendered":"<p class=\"paragraph text_align_left lp-f-body-02\">C\u2019est parti ! <a href=\"https:\/\/www.leparisien.fr\/sports\/basket\/paris-basketball-monaco-99-93-au-terme-dune-finale-sublime-paris-decroche-son-premier-titre-de-champion-24-06-2025-W55FPCW5QJDMZKRLVOBPQIS3LQ.php\" target=\"_blank\" rel=\"noreferrer nofollow noopener\">Sacr\u00e9 champion de France<\/a> de <a href=\"https:\/\/www.leparisien.fr\/sports\/basket\/\" target=\"_blank\" rel=\"noreferrer nofollow noopener\">basket<\/a> pour la premi\u00e8re fois de sa jeune histoire en juin dernier, le<a href=\"https:\/\/www.leparisien.fr\/sports\/basket\/paris-basketball-monaco-pourquoi-nadir-hifi-et-tj-shorts-detiennent-les-cles-de-la-finale-24-06-2025-JSNQMB3HU5EYVLJ5W5SCJKUYAY.php\" target=\"_blank\" rel=\"noreferrer nofollow noopener\"> Paris Basketball <\/a>remet son titre en jeu \u00e0 partir de ce week-end. Un challenge qui s\u2019annonce aussi excitant que d\u00e9licat comme le prouvent les r\u00e9sultats du club lors de la Supercoupe \u00e0 Roland-Garros le week-end dernier (2 d\u00e9faites en 2 matchs).<\/p>\n<p class=\"paragraph text_align_left lp-f-body-02\">Le club de la capitale, qui a perdu de nombreux joueurs cadres \u00e0 l\u2019intersaison &#8211;<a href=\"https:\/\/www.leparisien.fr\/sports\/basket\/il-me-surprend-tout-le-temps-tj-shorts-latout-maitre-du-paris-basketball-15-06-2025-AHD3JE4OZZGNBPABFV3HBFAMJA.php\" target=\"_blank\" rel=\"noreferrer nofollow noopener\"> T.J. Shorts <\/a>(Panathina\u00efkos Ath\u00e8nes), Tyson Ward (Olympiakos), Mikael Jantunen (Fenerbah\u00e7e), Kevarrius Hayes (Monaco), Maodo Lo (Kaunas) -, lancera sa nouvelle saison de Betclic \u00c9lite par un d\u00e9placement \u00e0 Gravelines. Un club coach\u00e9 par Jean-Christophe Prat qui a \u00e9t\u00e9 le premier entra\u00eeneur de l\u2019histoire du\u2026 Paris Basketball.<\/p>\n<p class=\"paragraph text_align_left lp-f-body-02\">Les supporters parisiens devront patienter jusqu\u2019au 12 octobre pour voir <a href=\"https:\/\/www.leparisien.fr\/sports\/basket\/une-mentalite-de-boxeur-dans-un-sport-collectif-nadir-hifi-le-prince-de-paris-qui-electrise-le-basket-francais-14-06-2025-VZV2XX3D6FDJTI2WLO32XUQFBQ.php\" target=\"_blank\" rel=\"noreferrer nofollow noopener\">Nadir Hifi <\/a>et ses partenaires dans leur antre de l\u2019Adidas Arena en Betclic \u00c9lite. Ce sera pour un choc de la 3e journ\u00e9e de championnat et remake de la derni\u00e8re finale face \u00e0 Monaco.<\/p>\n<p class=\"paragraph text_align_left lp-f-body-02\"><b>Le match de la premi\u00e8re journ\u00e9e de Betclic \u00c9lite entre Gravelines et Paris Basketball se jouera ce samedi 27 septembre \u00e0 20h30. Il est \u00e0 suivre en direct sur DAZN.<\/b><\/p>\n","protected":false},"excerpt":{"rendered":"C\u2019est parti ! Sacr\u00e9 champion de France de basket pour la premi\u00e8re fois de sa jeune histoire en&hellip;\n","protected":false},"author":2,"featured_media":420601,"comment_status":"","ping_status":"","sticky":false,"template":"","format":"standard","meta":{"footnotes":""},"categories":[1888],"tags":[11,1465,872,1777,674,1011,27,12,626,25,60],"class_list":{"0":"post-420600","1":"post","2":"type-post","3":"status-publish","4":"format-standard","5":"has-post-thumbnail","7":"category-paris","8":"tag-actualites","9":"tag-basket","10":"tag-culture-et-loisirs","11":"tag-eu","12":"tag-europe","13":"tag-fr","14":"tag-france","15":"tag-news","16":"tag-paris","17":"tag-republique-francaise","18":"tag-sports"},"share_on_mastodon":{"url":"https:\/\/pubeurope.com\/@fr\/115274447824955316","error":""},"_links":{"self":[{"href":"https:\/\/www.europesays.com\/fr\/wp-json\/wp\/v2\/posts\/420600","targetHints":{"allow":["GET"]}}],"collection":[{"href":"https:\/\/www.europesays.com\/fr\/wp-json\/wp\/v2\/posts"}],"about":[{"href":"https:\/\/www.europesays.com\/fr\/wp-json\/wp\/v2\/types\/post"}],"author":[{"embeddable":true,"href":"https:\/\/www.europesays.com\/fr\/wp-json\/wp\/v2\/users\/2"}],"replies":[{"embeddable":true,"href":"https:\/\/www.europesays.com\/fr\/wp-json\/wp\/v2\/comments?post=420600"}],"version-history":[{"count":0,"href":"https:\/\/www.europesays.com\/fr\/wp-json\/wp\/v2\/posts\/420600\/revisions"}],"wp:featuredmedia":[{"embeddable":true,"href":"https:\/\/www.europesays.com\/fr\/wp-json\/wp\/v2\/media\/420601"}],"wp:attachment":[{"href":"https:\/\/www.europesays.com\/fr\/wp-json\/wp\/v2\/media?parent=420600"}],"wp:term":[{"taxonomy":"category","embeddable":true,"href":"https:\/\/www.europesays.com\/fr\/wp-json\/wp\/v2\/categories?post=420600"},{"taxonomy":"post_tag","embeddable":true,"href":"https:\/\/www.europesays.com\/fr\/wp-json\/wp\/v2\/tags?post=420600"}],"curies":[{"name":"wp","href":"https:\/\/api.w.org\/{rel}","templated":true}]}}