{"id":420602,"date":"2025-09-27T04:47:11","date_gmt":"2025-09-27T04:47:11","guid":{"rendered":"https:\/\/www.europesays.com\/fr\/420602\/"},"modified":"2025-09-27T04:47:11","modified_gmt":"2025-09-27T04:47:11","slug":"en-direct-guerre-en-ukraine-face-a-la-menace-russe-leurope-veut-renforcer-sa-securite-avec-un-mur-anti-drones","status":"publish","type":"post","link":"https:\/\/www.europesays.com\/fr\/420602\/","title":{"rendered":"EN DIRECT &#8211; Guerre en Ukraine : face \u00e0 la menace russe, l&rsquo;Europe veut renforcer sa s\u00e9curit\u00e9 avec un \u00ab\u00a0mur anti-drones\u00a0\u00bb"},"content":{"rendered":"<ul class=\"jsx-862013697 ArticleChapo__List\">\n<li class=\"jsx-862013697 ArticleChapo__List_Item flex\">L&rsquo;Union europ\u00e9enne compte renforcer sa s\u00e9curit\u00e9 face \u00e0 Moscou gr\u00e2ce \u00e0 un \u00ab\u00a0mur anti-drones\u00a0\u00bb.<\/li>\n<li class=\"jsx-862013697 ArticleChapo__List_Item flex\">Une dizaine de pays, dont plusieurs qui ont connu des incursions russes, consid\u00e8rent d\u00e9sormais ce mur comme une \u00ab\u00a0priorit\u00e9\u00a0\u00bb.<\/li>\n<li class=\"jsx-862013697 ArticleChapo__List_Item flex\">Suivez les derni\u00e8res informations.<\/li>\n<\/ul>\n<p><a href=\"https:\/\/www.tf1info.fr\/actualite\/guerre-ukraine-russie-une-rencontre-donald-trump-vladimir-poutine-historique-le-vendredi-15-aout-2025-en-alaska-sans-volodymyr-zelensky-14326\/\" rel=\"noopener\" class=\"jsx-484472199 Link jsx-1428418400 jsx-554215408\" target=\"_blank\"><\/p>\n<p style=\"font-weight:400\" class=\"jsx-1837267516\">Suivez la couverture compl\u00e8te<\/p>\n<p style=\"font-weight:800\" class=\"jsx-1837267516\">Ukraine-Russie : des n\u00e9gociations dans l\u2019impasse<\/p>\n<p><\/a><\/p>\n<p data-module=\"article-paragraph\" class=\"jsx-3046738180 Paragraph\">Face \u00e0 la menace russe, l&rsquo;Union europ\u00e9enne veut renforcer sa s\u00e9curit\u00e9, avec un \u00ab\u00a0mur anti-drones\u00a0\u00bb, qu&rsquo;une dizaine de pays, dont plusieurs qui ont connu des incursions russes, consid\u00e8rent d\u00e9sormais comme une \u00ab\u00a0priorit\u00e9\u00a0\u00bb. \u00ab\u00a0Nous devons agir et nous devons agir rapidement\u00a0\u00bb, a affirm\u00e9 vendredi le commissaire europ\u00e9en \u00e0 la D\u00e9fense Andrius Kubilius dans un entretien \u00e0 l&rsquo;AFP.\u00a0<\/p>\n<p data-module=\"article-paragraph\" class=\"jsx-3046738180 Paragraph Paragraph__End\">L&rsquo;Ukraine, qui doit intercepter chaque nuit ou presque des centaines de drones lanc\u00e9s par la Russie sur son territoire, est l&rsquo;un des tr\u00e8s rares pays europ\u00e9ens \u00e0 fabriquer des drones anti-drones, beaucoup plus \u00e9conomiques que les missiles ou les avions de chasse. Apr\u00e8s les incursions dans le ciel europ\u00e9en d&rsquo;une vingtaine de drones et des trois avions de combat russes, les pays de l&rsquo;UE cherchent \u00e0 renforcer leur d\u00e9fense, principalement aux abords de la Russie. A ces incursions r\u00e9p\u00e9t\u00e9es viennent s&rsquo;ajouter le survol de myst\u00e9rieux drones au Danemark, qui ont contraint les autorit\u00e9s \u00e0 fermer l&rsquo;a\u00e9roport de la capitale pendant plusieurs heures en d\u00e9but de semaine. \u00ab\u00a0Les violations r\u00e9p\u00e9t\u00e9es de notre espace a\u00e9rien sont inacceptables. Le message est clair : la Russie teste l&rsquo;UE et l&rsquo;Otan. Et notre r\u00e9ponse doit \u00eatre ferme, unie et imm\u00e9diate\u00a0\u00bb, a martel\u00e9 Andrius Kubilius devant la presse.<\/p>\n<p>Moscou juge \u00ab\u00a0irresponsable\u00a0\u00bb les \u00ab\u00a0menaces\u00a0\u00bb de frappes contre le Kremlin<\/p>\n<p data-module=\"article-paragraph\" class=\"jsx-3046738180 Paragraph\">De son c\u00f4t\u00e9, le Kremlin a jug\u00e9 vendredi \u00ab\u00a0dangereuse\u00a0\u00bb et \u00ab\u00a0irresponsable\u00a0\u00bb l&rsquo;id\u00e9e d&rsquo;abattre des avions russes en cas de violation de l&rsquo;espace a\u00e9rien de pays de l&rsquo;Otan, \u00e9voqu\u00e9e quelques jours plus t\u00f4t par le pr\u00e9sident am\u00e9ricain Donald Trump. Le porte-parole du Kremlin, Dmitry Peskov, a critiqu\u00e9 \u00ab\u00a0des d\u00e9clarations irresponsables sur la n\u00e9cessit\u00e9 d&rsquo;abattre des avions russes, qui sont, au minimum, imprudentes, irresponsables et entra\u00eenent des cons\u00e9quences dangereuses\u00a0\u00bb, dans une interview \u00e0 la t\u00e9l\u00e9vision d&rsquo;\u00c9tat russe.<\/p>\n<p data-module=\"article-paragraph\" class=\"jsx-3046738180 Paragraph Paragraph__End\">Par ailleurs, le porte-parole de la pr\u00e9sidence russe a \u00e9galement jug\u00e9 ce vendredi \u00ab\u00a0irresponsable\u00a0\u00bb les \u00ab\u00a0menaces\u00a0\u00bb de frappes contre le Kremlin formul\u00e9es par le pr\u00e9sident ukrainien Volodymyr Zelensky dans une interview diffus\u00e9e la veille. Le dirigeant ukrainien \u00ab\u00a0balance des menaces \u00e0 tout va, ce qui para\u00eet assez irresponsable\u00a0\u00bb, a r\u00e9agi Dmitri Peskov. Volodymyr Zelensky a d\u00e9clar\u00e9, dans une interview avec un journaliste du m\u00e9dia am\u00e9ricain Axios diffus\u00e9e jeudi, qui lui demandait si les employ\u00e9s du Kremlin \u00ab\u00a0devaient s&rsquo;assurer qu&rsquo;ils savaient o\u00f9 se trouvaient les abris antia\u00e9riens\u00a0\u00bb, que les responsables russes pourraient effectivement avoir besoin de \u00ab\u00a0leurs abris antia\u00e9riens\u00a0\u00bb s&rsquo;ils ne mettaient pas fin au conflit d\u00e9but\u00e9 avec l&rsquo;assaut russe en Ukraine en 2022.<\/p>\n<p>La r\u00e9daction de TF1info<\/p>\n","protected":false},"excerpt":{"rendered":"L&rsquo;Union europ\u00e9enne compte renforcer sa s\u00e9curit\u00e9 face \u00e0 Moscou gr\u00e2ce \u00e0 un \u00ab\u00a0mur anti-drones\u00a0\u00bb. Une dizaine de pays,&hellip;\n","protected":false},"author":2,"featured_media":420603,"comment_status":"","ping_status":"","sticky":false,"template":"","format":"standard","meta":{"footnotes":""},"categories":[1591],"tags":[1111,11,1921,75,54031,674,1887,1922,2497,1916,12,136,2437,1885,1886,132,220,1917,50704,364,133,1920,135,134],"class_list":{"0":"post-420602","1":"post","2":"type-post","3":"status-publish","4":"format-standard","5":"has-post-thumbnail","7":"category-russie","8":"tag-actu","9":"tag-actualites","10":"tag-article-video","11":"tag-donald-trump","12":"tag-estonie-les-provocations-russes-se-multiplient","13":"tag-europe","14":"tag-federation-de-russie","15":"tag-info","16":"tag-le-second-mandat-de-donald-trump","17":"tag-moscou","18":"tag-news","19":"tag-otan","20":"tag-pologne","21":"tag-russia","22":"tag-russian-federation","23":"tag-russie","24":"tag-ukraine","25":"tag-ukraine-4-annee-de-guerre","26":"tag-ukraine-russie-des-negociations-dans-limpasse","27":"tag-union-europeenne","28":"tag-video","29":"tag-video-international","30":"tag-vladimir-poutine","31":"tag-volodymyr-zelensky"},"share_on_mastodon":{"url":"","error":"Validation failed: Text character limit of 500 exceeded"},"_links":{"self":[{"href":"https:\/\/www.europesays.com\/fr\/wp-json\/wp\/v2\/posts\/420602","targetHints":{"allow":["GET"]}}],"collection":[{"href":"https:\/\/www.europesays.com\/fr\/wp-json\/wp\/v2\/posts"}],"about":[{"href":"https:\/\/www.europesays.com\/fr\/wp-json\/wp\/v2\/types\/post"}],"author":[{"embeddable":true,"href":"https:\/\/www.europesays.com\/fr\/wp-json\/wp\/v2\/users\/2"}],"replies":[{"embeddable":true,"href":"https:\/\/www.europesays.com\/fr\/wp-json\/wp\/v2\/comments?post=420602"}],"version-history":[{"count":0,"href":"https:\/\/www.europesays.com\/fr\/wp-json\/wp\/v2\/posts\/420602\/revisions"}],"wp:featuredmedia":[{"embeddable":true,"href":"https:\/\/www.europesays.com\/fr\/wp-json\/wp\/v2\/media\/420603"}],"wp:attachment":[{"href":"https:\/\/www.europesays.com\/fr\/wp-json\/wp\/v2\/media?parent=420602"}],"wp:term":[{"taxonomy":"category","embeddable":true,"href":"https:\/\/www.europesays.com\/fr\/wp-json\/wp\/v2\/categories?post=420602"},{"taxonomy":"post_tag","embeddable":true,"href":"https:\/\/www.europesays.com\/fr\/wp-json\/wp\/v2\/tags?post=420602"}],"curies":[{"name":"wp","href":"https:\/\/api.w.org\/{rel}","templated":true}]}}