{"id":420625,"date":"2025-09-27T05:02:09","date_gmt":"2025-09-27T05:02:09","guid":{"rendered":"https:\/\/www.europesays.com\/fr\/420625\/"},"modified":"2025-09-27T05:02:09","modified_gmt":"2025-09-27T05:02:09","slug":"motogp-quelles-sont-les-nouveautes-portees-sur-la-honda-de-zarco-a-motegi","status":"publish","type":"post","link":"https:\/\/www.europesays.com\/fr\/420625\/","title":{"rendered":"MotoGP Quelles sont les nouveaut\u00e9s port\u00e9es sur la Honda de Zarco, \u00e0 Motegi ?"},"content":{"rendered":"<p>C\u2019est enfin arriv\u00e9, apr\u00e8s les essais priv\u00e9s MotoGP de Misano et l\u2019opportunit\u00e9 offerte par Honda, \u00e0 Johann Zarco, de tester les derni\u00e8res \u00e9volutions. A l\u2019issue de cette journ\u00e9e, le Fran\u00e7ais avait confi\u00e9 que son employeur poussait pour lui fournir ces nouveaut\u00e9s, d\u00e8s le Grand-Prix du Japon 2025. C\u2019est d\u00e9sormais chose faite, ce dernier en profitant depuis les essais libres 1. Il s\u2019est d\u2019ailleurs qualifi\u00e9 en Q2 directement, \u00e0 l\u2019issue des Essais, avant de signer le onzi\u00e8me chrono, en qualification. Encourageant !<\/p>\n<p>MotoGP : la liste des mises \u00e0 jour sur la Honda de Johann<\/p>\n<p>Les nouveaut\u00e9s du week-end japonais sur la Honda de Johann Zarco. Le tricolore dispose, pour ainsi dire, d\u2019une nouvelle moto. Reste, maintenant pour lui, \u00e0 s\u2019y adapter, alors que les pilotes officiels, <a href=\"https:\/\/lemagsportauto.ouest-france.fr\/tag\/joan-mir\" target=\"_blank\" rel=\"noopener\">Johan Mir<\/a> et Luca Marini, en jouissent depuis plusieurs Grand-Prix. Donc, concr\u00e8tement, le tricolore profite d\u2019un ch\u00e2ssis in\u00e9dit, du fameux bras oscillant qu\u2019il avait utilis\u00e9 en Catalogne (le dimanche), d\u2019un nouveau kit a\u00e9rodynamique et enfin, d\u2019une \u00e9volution moteur.<\/p>\n<\/p>\n<p>Qualifi\u00e9 en Q2 vendredi, il disposait donc de toute la s\u00e9ance d\u2019essais libres 2, samedi matin (tr\u00e8s t\u00f4t, tout \u00e0 l\u2019heure, chez nous), afin de poursuivre son apprentissage de ce mat\u00e9riel. Dans le but d\u2019\u00eatre pr\u00eat pour l\u2019\u00e9preuve sprint, qui pourrait aussi lui \u00eatre utile, en termes de donn\u00e9es r\u00e9colt\u00e9es, en amont de la course de dimanche. Un top dix, sont objectif ce week-end \u00e9tant vraisemblablement r\u00e9alisable, \u00e0 Motegi. Histoire, aussi, de mettre fin \u00e0 sa mauvaise s\u00e9rie, puisqu\u2019il n\u2019a plus sign\u00e9 de top dix en course, le dimanche, depuis Silverstone\u2026<\/p>\n<blockquote class=\"instagram-media\" style=\"background: #FFF; border: 0; border-radius: 3px; box-shadow: 0 0 1px 0 rgba(0,0,0,0.5),0 1px 10px 0 rgba(0,0,0,0.15); margin: 1px; max-width: 540px; min-width: 326px; padding: 0; width: calc(100% - 2px);\" data-instgrm-captioned=\"\" data-instgrm-permalink=\"https:\/\/www.instagram.com\/p\/DO_avqvj744\/?utm_source=ig_embed&amp;utm_campaign=loading\" data-instgrm-version=\"14\">\n<\/blockquote>\n<p>Pour m\u00e9moire, c\u2019est \u00e0 la onzi\u00e8me place qu\u2019il s\u2019\u00e9lancera \u00e0 8h00, en direct, pour affronter le sprint de ce Grand-Prix du Japon. Une qualification frustrante pour l\u2019int\u00e9ress\u00e9, qui n\u2019aura pas eu l\u2019occasion de mettre bout \u00e0 bout, pour viser un meilleur r\u00e9sultat. N\u00e9anmoins, les points sont envisageables, lors de l\u2019\u00e9preuve courte, tout \u00e0 l\u2019heure. A suivre\u2026<\/p>\n<p>Article publi\u00e9 le 27\/09\/2025 \u00e0 6h10<\/p>\n<p>                                                            <script async src=\"\/\/www.instagram.com\/embed.js\"><\/script><\/p>\n","protected":false},"excerpt":{"rendered":"C\u2019est enfin arriv\u00e9, apr\u00e8s les essais priv\u00e9s MotoGP de Misano et l\u2019opportunit\u00e9 offerte par Honda, \u00e0 Johann Zarco,&hellip;\n","protected":false},"author":2,"featured_media":420626,"comment_status":"","ping_status":"","sticky":false,"template":"","format":"standard","meta":{"footnotes":""},"categories":[1413],"tags":[1011,27,1741,1457,1456,1458,60],"class_list":{"0":"post-420625","1":"post","2":"type-post","3":"status-publish","4":"format-standard","5":"has-post-thumbnail","7":"category-moto","8":"tag-fr","9":"tag-france","10":"tag-johann-zarco","11":"tag-moto","12":"tag-motocycle","13":"tag-motogp","14":"tag-sports"},"share_on_mastodon":{"url":"https:\/\/pubeurope.com\/@fr\/115274510720070577","error":""},"_links":{"self":[{"href":"https:\/\/www.europesays.com\/fr\/wp-json\/wp\/v2\/posts\/420625","targetHints":{"allow":["GET"]}}],"collection":[{"href":"https:\/\/www.europesays.com\/fr\/wp-json\/wp\/v2\/posts"}],"about":[{"href":"https:\/\/www.europesays.com\/fr\/wp-json\/wp\/v2\/types\/post"}],"author":[{"embeddable":true,"href":"https:\/\/www.europesays.com\/fr\/wp-json\/wp\/v2\/users\/2"}],"replies":[{"embeddable":true,"href":"https:\/\/www.europesays.com\/fr\/wp-json\/wp\/v2\/comments?post=420625"}],"version-history":[{"count":0,"href":"https:\/\/www.europesays.com\/fr\/wp-json\/wp\/v2\/posts\/420625\/revisions"}],"wp:featuredmedia":[{"embeddable":true,"href":"https:\/\/www.europesays.com\/fr\/wp-json\/wp\/v2\/media\/420626"}],"wp:attachment":[{"href":"https:\/\/www.europesays.com\/fr\/wp-json\/wp\/v2\/media?parent=420625"}],"wp:term":[{"taxonomy":"category","embeddable":true,"href":"https:\/\/www.europesays.com\/fr\/wp-json\/wp\/v2\/categories?post=420625"},{"taxonomy":"post_tag","embeddable":true,"href":"https:\/\/www.europesays.com\/fr\/wp-json\/wp\/v2\/tags?post=420625"}],"curies":[{"name":"wp","href":"https:\/\/api.w.org\/{rel}","templated":true}]}}