{"id":420634,"date":"2025-09-27T05:08:13","date_gmt":"2025-09-27T05:08:13","guid":{"rendered":"https:\/\/www.europesays.com\/fr\/420634\/"},"modified":"2025-09-27T05:08:13","modified_gmt":"2025-09-27T05:08:13","slug":"illfurth-du-frisson-made-in-illfurth-au-quatorzieme-salon-du-livre-le-dimanche-5-octobre","status":"publish","type":"post","link":"https:\/\/www.europesays.com\/fr\/420634\/","title":{"rendered":"Illfurth. Du frisson \u00ab\u00a0made in Illfurth\u00a0\u00bb au quatorzi\u00e8me salon du livre le dimanche 5\u00a0octobre"},"content":{"rendered":"<p class=\"insetTitle\">En prime<\/p>\n<p>\u272a \u2002 <strong>Huit maisons d\u2019\u00e9dition <\/strong> : \u00c9ditions du Hamster, \u00c9ditions Elitchka, L\u2019Alsacienne ind\u00e9pendante, La Californie, MK67, \u00c9cho \u00e9ditions, \u00c9ditions Saint-Brice, la Soci\u00e9t\u00e9 d\u2019histoire du Sundgau.<\/p>\n<p>\u272a \u2002 <strong>Un spectacle <\/strong> : Carnet de voyage, th\u00e9\u00e2tre de papier et de marionnettes par la compagnie Les Contes perdus. \u00c0 14\u00a0h\u00a030, dur\u00e9e 45\u00a0minutes. Spectacle familial, accessible d\u00e8s 3 ans, entr\u00e9e libre.<\/p>\n<p>\u272a \u2002 <strong>Des ateliers et d\u00e9monstrations <\/strong> : papier marbr\u00e9, calligraphie, enluminure, objets de lecture, origami\u2026<\/p>\n<p>\u272a \u2002 <strong>Une exposition <\/strong> : Portraits de lecteurs, par les \u00e9l\u00e8ves de l\u2019\u00e9cole primaire d\u2019Illfurth.<\/p>\n<p>\u272a \u2002 <strong>Un troc livres<\/strong> \u00a0: en parall\u00e8le \u00e0 l\u2019achat aupr\u00e8s des auteurs, il est possible de venir avec ou sans livre et d\u2019\u00e9changer ou de se saisir gratuitement des livres d\u2019occasion. Dans ce cadre, la biblioth\u00e8que proc\u00e8de \u00e0 un \u00ab\u00a0d\u00e9sherbage\u00a0\u00bb de ses collections et met \u00e0 disposition des ouvrages en bon \u00e9tat.<\/p>\n<p>\u272a \u2002 <strong>Une tombola <\/strong> : pour la premi\u00e8re fois, une \u00ab\u00a0tombola livresque\u00a0\u00bb est organis\u00e9e avec de nombreux lots de livres offerts par la municipalit\u00e9 d\u2019Illfurth, la librairie Mille Feuilles d\u2019Altkirch et les \u00c9ditions Saint-Brice.<\/p>\n<p>La commune a en revanche d\u00e9cid\u00e9 de ne plus reconduire le concours de nouvelles, \u00ab\u00a0trop d\u2019investissement pour trop peu d\u2019investis\u00a0\u00bb, explique Claudie Berlendis.<\/p>\n","protected":false},"excerpt":{"rendered":"En prime \u272a \u2002 Huit maisons d\u2019\u00e9dition : \u00c9ditions du Hamster, \u00c9ditions Elitchka, L\u2019Alsacienne ind\u00e9pendante, La Californie, MK67,&hellip;\n","protected":false},"author":2,"featured_media":420635,"comment_status":"","ping_status":"","sticky":false,"template":"","format":"standard","meta":{"footnotes":""},"categories":[1357],"tags":[1379,6211,130,1687,58,33,13971,59,3326,107,1685,1011,27,54970,6225,1380,2410,5486,54971,104,1631],"class_list":{"0":"post-420634","1":"post","2":"type-post","3":"status-publish","4":"format-standard","5":"has-post-thumbnail","7":"category-livres","8":"tag-books","9":"tag-conference","10":"tag-consommation","11":"tag-culture-loisirs","12":"tag-divertissement","13":"tag-economie","14":"tag-edition-sundgau-trois-frontieres","15":"tag-entertainment","16":"tag-fete-locale","17":"tag-fil-info","18":"tag-foire-et-salon","19":"tag-fr","20":"tag-france","21":"tag-illfurth","22":"tag-la-matinale","23":"tag-livres","24":"tag-livres-bd","25":"tag-rencontre","26":"tag-secteur-daltkirch","27":"tag-societe","28":"tag-vie-associative"},"share_on_mastodon":{"url":"https:\/\/pubeurope.com\/@fr\/115274534435340789","error":""},"_links":{"self":[{"href":"https:\/\/www.europesays.com\/fr\/wp-json\/wp\/v2\/posts\/420634","targetHints":{"allow":["GET"]}}],"collection":[{"href":"https:\/\/www.europesays.com\/fr\/wp-json\/wp\/v2\/posts"}],"about":[{"href":"https:\/\/www.europesays.com\/fr\/wp-json\/wp\/v2\/types\/post"}],"author":[{"embeddable":true,"href":"https:\/\/www.europesays.com\/fr\/wp-json\/wp\/v2\/users\/2"}],"replies":[{"embeddable":true,"href":"https:\/\/www.europesays.com\/fr\/wp-json\/wp\/v2\/comments?post=420634"}],"version-history":[{"count":0,"href":"https:\/\/www.europesays.com\/fr\/wp-json\/wp\/v2\/posts\/420634\/revisions"}],"wp:featuredmedia":[{"embeddable":true,"href":"https:\/\/www.europesays.com\/fr\/wp-json\/wp\/v2\/media\/420635"}],"wp:attachment":[{"href":"https:\/\/www.europesays.com\/fr\/wp-json\/wp\/v2\/media?parent=420634"}],"wp:term":[{"taxonomy":"category","embeddable":true,"href":"https:\/\/www.europesays.com\/fr\/wp-json\/wp\/v2\/categories?post=420634"},{"taxonomy":"post_tag","embeddable":true,"href":"https:\/\/www.europesays.com\/fr\/wp-json\/wp\/v2\/tags?post=420634"}],"curies":[{"name":"wp","href":"https:\/\/api.w.org\/{rel}","templated":true}]}}