{"id":420636,"date":"2025-09-27T05:09:15","date_gmt":"2025-09-27T05:09:15","guid":{"rendered":"https:\/\/www.europesays.com\/fr\/420636\/"},"modified":"2025-09-27T05:09:15","modified_gmt":"2025-09-27T05:09:15","slug":"mask-singer-2025-emission-03-du-26-septembre-2025-partie-2-mask-singer","status":"publish","type":"post","link":"https:\/\/www.europesays.com\/fr\/420636\/","title":{"rendered":"Mask singer 2025 &#8211; Emission 03 du 26 septembre 2025 &#8211; Partie 2 &#8211; Mask Singer"},"content":{"rendered":"<p id=\"descriptionPanel\" class=\"text-secondary mr-2 line-clamp-2 pr-2.5 overflow-visible\">Apr\u00e8s le d\u00e9part de l&rsquo;Oiseau, la comp\u00e9tition reprend de plus belle sous haute tension ! Le Lapin, le Doudou et le Scarab\u00e9e se livrent \u00e0 un match d\u00e9cisif, le Castor brouille les pistes avec son accent du Sud, l&rsquo;Agneau surprend par une voix puissante, le DJ poursuit sa strat\u00e9gie avec la complicit\u00e9 de Kev, et la Taupe ajoute une nouvelle couche de myst\u00e8re \u00e0 son dossier. Entre kabukis, fausses pistes et r\u00e9v\u00e9lations, le jury perd ses certitudes et les t\u00e9l\u00e9spectateurs, eux, se transforment en v\u00e9ritables enqu\u00eateurs. Qui saura d\u00e9m\u00ealer le vrai du faux et poursuivre l&rsquo;aventure ? Rendez-vous d\u00e8s maintenant pour d\u00e9couvrir la suite de cette saison pleine de rebondissements ! Mask Singer 2025 &#8211; \u00c9mission 03 du 26 septembre 2025 &#8211; Partie 2<br \/>En savoir plus sur <a class=\"text-white hover:text-blue-500\" href=\"https:\/\/www.tf1.fr\/dossier\/chantal-ladesou-87943548\" target=\"_blank\" rel=\"noopener\">Chantal Ladesou<\/a>, <a class=\"text-white hover:text-blue-500\" href=\"https:\/\/www.tf1.fr\/dossier\/kev-adams-39041420\" target=\"_blank\" rel=\"noopener\">Kev Adams<\/a>, <a class=\"text-white hover:text-blue-500\" href=\"https:\/\/www.tf1.fr\/dossier\/michael-youn-74941332\" target=\"_blank\" rel=\"noopener\">Micha\u00ebl Youn<\/a>, <a class=\"text-white hover:text-blue-500\" href=\"https:\/\/www.tf1.fr\/dossier\/laurent-ruquier-24487015\" target=\"_blank\" rel=\"noopener\">Laurent Ruquier<\/a> ou <a class=\"text-white hover:text-blue-500\" href=\"https:\/\/www.tf1.fr\/dossier\/camille-combal-92532036\" target=\"_blank\" rel=\"noopener\">Camille Combal<\/a><\/p>\n<p>Afficher la version longue du r\u00e9sum\u00e9<a class=\"shrink-0\" href=\"https:\/\/www.tf1.fr\/tf1\/mask-singer\" target=\"_blank\" rel=\"noopener\"><img decoding=\"async\" src=\"https:\/\/www.europesays.com\/fr\/wp-content\/uploads\/2025\/09\/program-card-portrait-2-mask-singer-2025-saison-8-282e77-e91e64-0@1x.jpg\" width=\"138\" height=\"184\" alt=\"\" loading=\"eager\" fetchpriority=\"auto\" class=\"rounded-3px aspect-[3\/4] h-24 w-auto\" aria-hidden=\"true\"\/><\/a><\/p>\n","protected":false},"excerpt":{"rendered":"Apr\u00e8s le d\u00e9part de l&rsquo;Oiseau, la comp\u00e9tition reprend de plus belle sous haute tension ! Le Lapin, le&hellip;\n","protected":false},"author":2,"featured_media":420637,"comment_status":"","ping_status":"","sticky":false,"template":"","format":"standard","meta":{"footnotes":""},"categories":[1356],"tags":[58,2889,54973,54974,44667,59,1011,27,5983,54975,54976,54981,54985,54972,54982,54986,54979,54978,54983,54984,17279,54980,252,1364,17278,54977],"class_list":{"0":"post-420636","1":"post","2":"type-post","3":"status-publish","4":"format-standard","5":"has-post-thumbnail","7":"category-television","8":"tag-divertissement","9":"tag-emission","10":"tag-emission-mask-singer","11":"tag-emission-mask-singer-tf1","12":"tag-emission-tf1","13":"tag-entertainment","14":"tag-fr","15":"tag-france","16":"tag-mask-singer","17":"tag-mask-singer-emission","18":"tag-mask-singer-emission-tf1","19":"tag-mask-singer-streaming","20":"tag-mask-singer-streaming-gratuit","21":"tag-mask-singer-tf1","22":"tag-mask-singer-tf1-streaming","23":"tag-mask-singer-tf1-streaming-gratuit","24":"tag-mask-singer-tf1-video","25":"tag-mask-singer-video","26":"tag-streaming-gratuit-mask-singer","27":"tag-streaming-gratuit-mask-singer-tf1","28":"tag-streaming-mask-singer","29":"tag-streaming-mask-singer-tf1","30":"tag-television","31":"tag-tv","32":"tag-video-mask-singer","33":"tag-video-mask-singer-tf1"},"share_on_mastodon":{"url":"","error":"Validation failed: Text character limit of 500 exceeded"},"_links":{"self":[{"href":"https:\/\/www.europesays.com\/fr\/wp-json\/wp\/v2\/posts\/420636","targetHints":{"allow":["GET"]}}],"collection":[{"href":"https:\/\/www.europesays.com\/fr\/wp-json\/wp\/v2\/posts"}],"about":[{"href":"https:\/\/www.europesays.com\/fr\/wp-json\/wp\/v2\/types\/post"}],"author":[{"embeddable":true,"href":"https:\/\/www.europesays.com\/fr\/wp-json\/wp\/v2\/users\/2"}],"replies":[{"embeddable":true,"href":"https:\/\/www.europesays.com\/fr\/wp-json\/wp\/v2\/comments?post=420636"}],"version-history":[{"count":0,"href":"https:\/\/www.europesays.com\/fr\/wp-json\/wp\/v2\/posts\/420636\/revisions"}],"wp:featuredmedia":[{"embeddable":true,"href":"https:\/\/www.europesays.com\/fr\/wp-json\/wp\/v2\/media\/420637"}],"wp:attachment":[{"href":"https:\/\/www.europesays.com\/fr\/wp-json\/wp\/v2\/media?parent=420636"}],"wp:term":[{"taxonomy":"category","embeddable":true,"href":"https:\/\/www.europesays.com\/fr\/wp-json\/wp\/v2\/categories?post=420636"},{"taxonomy":"post_tag","embeddable":true,"href":"https:\/\/www.europesays.com\/fr\/wp-json\/wp\/v2\/tags?post=420636"}],"curies":[{"name":"wp","href":"https:\/\/api.w.org\/{rel}","templated":true}]}}