{"id":420639,"date":"2025-09-27T05:11:18","date_gmt":"2025-09-27T05:11:18","guid":{"rendered":"https:\/\/www.europesays.com\/fr\/420639\/"},"modified":"2025-09-27T05:11:18","modified_gmt":"2025-09-27T05:11:18","slug":"un-documentaire-tourne-pres-de-dieppe-a-laffiche-ce-samedi-au-cinema","status":"publish","type":"post","link":"https:\/\/www.europesays.com\/fr\/420639\/","title":{"rendered":"Un documentaire tourn\u00e9 pr\u00e8s de Dieppe \u00e0 l&rsquo;affiche ce samedi au cin\u00e9ma"},"content":{"rendered":"<p>            Par<br \/>\n        <strong><br \/>\n            <a href=\"https:\/\/actu.fr\/auteur\/maxime-cartier1\" title=\"Consulter tous les articles de Maxime Cartier\" target=\"_blank\" rel=\"noopener\">Maxime Cartier<\/a><br \/>\n        <\/strong><\/p>\n<p>        Publi\u00e9 le<\/p>\n<p>            26 sept. 2025 \u00e0 15h59        <\/p>\n<p>Les <b>cin\u00e9mas normands<\/b> sont en f\u00eate ce week-end du vendredi 26 au dimanche 28 septembre 2025. Et \u00e0 cette occasion, le cin\u00e9ma Megarama de <a href=\"https:\/\/actu.fr\/normandie\/dieppe_76217\" target=\"_blank\" rel=\"noopener\">Dieppe (Seine-Maritime)<\/a> va diffuser le <b>documentaire<\/b> Laisse entrer la mer, tourn\u00e9 \u00e0 <a href=\"https:\/\/actu.fr\/normandie\/quiberville_76515\" target=\"_blank\" rel=\"noopener\">Quiberville<\/a>. La projection est pr\u00e9vue ce samedi \u00e0 18 h, en pr\u00e9sence du r\u00e9alisateur Claude Duty.<\/p>\n<p>    <a href=\"https:\/\/www.facebook.com\/plugins\/post.php?href=https%3A%2F%2Fwww.facebook.com%2Fmegaramadieppe%2Fposts%2Fpfbid02yBV19UvcFd9ETSAquurYnep8dF85kSbwBomNmuLP3dCNt1SiG7P5X43JTkwAWekDl&amp;show_text=true&amp;width=350\" title=\"Ouvrie le lien\" target=\"_blank\" rel=\"noopener\">Cliquez ici pour visualiser le contenu<\/a><\/p>\n<p class=\" wall-content\">Ce documentaire \u00e9voque la mont\u00e9e des eaux, une menace croissante pour les collectivit\u00e9s situ\u00e9es sur la c\u00f4te et les zones basses.<\/p>\n<p class=\" wall-content\">Certains villages, \u00e0 l\u2019image de Quiberville, sont parfois touch\u00e9s par des inondations, des temp\u00eates ou l\u2019effondrement de falaises\u2026 Autant de cons\u00e9quences du r\u00e9chauffement climatique sur le littoral fran\u00e7ais.<\/p>\n<p class=\" wall-content\">\u00c0 Quiberville, la municipalit\u00e9 s\u2019est pench\u00e9e sur le r\u00e9am\u00e9nagement de l\u2019espace, en laissant entrer la mer dans les terres, ce qui a n\u00e9cessit\u00e9 le d\u00e9placement de son camping municipal.<\/p>\n<p>Vid\u00e9os : en ce moment sur Actu<\/p>\n<p class=\" wall-content\">Dans le documentaire, le r\u00e9alisateur suit la vie des habitants et des visiteurs du village, qui se pr\u00e9parent \u00e0 voir leur commune m\u00e9tamorphos\u00e9e et pr\u00eate \u00e0 relever des d\u00e9fis techniques, financiers et humains.<\/p>\n<p>Votre r\u00e9gion, votre actu !<\/p>\n<p>Recevez chaque jour les infos qui comptent pour vous.<\/p>\n<p>\t<a href=\"https:\/\/actu.fr\/newsletter\" class=\"ac-btn ac-btn--corner ac-btn--medium ac-btn--blue800\" target=\"_blank\" rel=\"noopener\">S&rsquo;incrire<\/a><\/p>\n<p>Projection au cin\u00e9ma Megarama de Dieppe, samedi 27\u00a0septembre \u00e0 18 h. Tarif : 5\u00a0\u20ac.<\/p>\n<p class=\" wall-content\">Personnalisez votre actualit\u00e9 en ajoutant vos villes et m\u00e9dias en favori avec <a href=\"https:\/\/moncompte.actu.fr\" title=\"D\u00e9couvez Mon Actu\" rel=\"nofollow noopener\" data-trk=\"{&quot;cta&quot;:{&quot;action&quot;:&quot;https:\\\/\\\/moncompte.actu.fr&quot;,&quot;category&quot;:&quot;mon compte&quot;,&quot;from&quot;:&quot;article footer&quot;,&quot;name&quot;:&quot;Mon actu&quot;,&quot;type&quot;:&quot;cta&quot;}}\" target=\"_blank\">Mon Actu<\/a>.<\/p>\n","protected":false},"excerpt":{"rendered":"Par Maxime Cartier Publi\u00e9 le 26 sept. 2025 \u00e0 15h59 Les cin\u00e9mas normands sont en f\u00eate ce week-end&hellip;\n","protected":false},"author":2,"featured_media":420640,"comment_status":"","ping_status":"","sticky":false,"template":"","format":"standard","meta":{"footnotes":""},"categories":[1354],"tags":[650,58,59,11791,1346,1011,27,1652,35896,1360],"class_list":{"0":"post-420639","1":"post","2":"type-post","3":"status-publish","4":"format-standard","5":"has-post-thumbnail","7":"category-films","8":"tag-cinema","9":"tag-divertissement","10":"tag-entertainment","11":"tag-film-francophone","12":"tag-films","13":"tag-fr","14":"tag-france","15":"tag-loisirs-culture","16":"tag-manche-mer","17":"tag-movies"},"share_on_mastodon":{"url":"https:\/\/pubeurope.com\/@fr\/115274546379062804","error":""},"_links":{"self":[{"href":"https:\/\/www.europesays.com\/fr\/wp-json\/wp\/v2\/posts\/420639","targetHints":{"allow":["GET"]}}],"collection":[{"href":"https:\/\/www.europesays.com\/fr\/wp-json\/wp\/v2\/posts"}],"about":[{"href":"https:\/\/www.europesays.com\/fr\/wp-json\/wp\/v2\/types\/post"}],"author":[{"embeddable":true,"href":"https:\/\/www.europesays.com\/fr\/wp-json\/wp\/v2\/users\/2"}],"replies":[{"embeddable":true,"href":"https:\/\/www.europesays.com\/fr\/wp-json\/wp\/v2\/comments?post=420639"}],"version-history":[{"count":0,"href":"https:\/\/www.europesays.com\/fr\/wp-json\/wp\/v2\/posts\/420639\/revisions"}],"wp:featuredmedia":[{"embeddable":true,"href":"https:\/\/www.europesays.com\/fr\/wp-json\/wp\/v2\/media\/420640"}],"wp:attachment":[{"href":"https:\/\/www.europesays.com\/fr\/wp-json\/wp\/v2\/media?parent=420639"}],"wp:term":[{"taxonomy":"category","embeddable":true,"href":"https:\/\/www.europesays.com\/fr\/wp-json\/wp\/v2\/categories?post=420639"},{"taxonomy":"post_tag","embeddable":true,"href":"https:\/\/www.europesays.com\/fr\/wp-json\/wp\/v2\/tags?post=420639"}],"curies":[{"name":"wp","href":"https:\/\/api.w.org\/{rel}","templated":true}]}}