{"id":42064,"date":"2025-04-21T17:58:09","date_gmt":"2025-04-21T17:58:09","guid":{"rendered":"https:\/\/www.europesays.com\/fr\/42064\/"},"modified":"2025-04-21T17:58:09","modified_gmt":"2025-04-21T17:58:09","slug":"50-millions-deuros-sont-debloques-pour-ce-mythique-lycee-de-nice","status":"publish","type":"post","link":"https:\/\/www.europesays.com\/fr\/42064\/","title":{"rendered":"50 millions d\u2019euros sont d\u00e9bloqu\u00e9s pour ce mythique lyc\u00e9e de Nice"},"content":{"rendered":"<p>Cinquante millions d\u2019euros. La somme semble astronomique. Et pourtant, c\u2019est bien ce qui sera n\u00e9cessaire pour effectuer d\u2019importants travaux de r\u00e9novation dans le lyc\u00e9e Mass\u00e9na \u00e0 Nice.<\/p>\n<p>Le pr\u00e9sident de la R\u00e9gion Sud, Renaud Muselier, l\u2019a confirm\u00e9 lors d\u2019une visite \u00e0 Nice, fin mars. Car les lyc\u00e9es rel\u00e8vent de la comp\u00e9tence r\u00e9gionale.<\/p>\n<p>D\u2019ailleurs, le lyc\u00e9e ni\u00e7ois pas le seul car une enveloppe de 30 millions d\u2019euros a \u00e9t\u00e9 d\u00e9bloqu\u00e9e pour un de Manosque (Alpes-de-Haute-Provence) et une autre de 20 millions pour celui de l\u2019Isle-sur-la-Sorgue (Vaucluse).<\/p>\n<p>\u00ab\u00a0Le budget lyc\u00e9e de la R\u00e9gion est sanctuaris\u00e9 jusqu\u2019en 2028 \u00e0 hauteur de 1,2 milliard d\u2019euros afin de r\u00e9pondre \u00e0 trois objectifs: 100% des lyc\u00e9es \u00e9co-responsables et tourn\u00e9s vers l\u2019avenir climatique; 100% des lyc\u00e9es s\u00e9curis\u00e9s face \u00e0 toutes les attaques et 100% des lyc\u00e9es r\u00e9nov\u00e9s et pr\u00e9par\u00e9s aux exigences des prochaines d\u00e9cennies\u00a0\u00bb, pr\u00e9cise la collectivit\u00e9. \u00ab\u00a0Pour Mass\u00e9na, un vaste programme de r\u00e9novation a \u00e9t\u00e9 engag\u00e9 pour un \u00e9tablissement embl\u00e9matique class\u00e9 au titre des monuments historiques. Cette op\u00e9ration se d\u00e9roule en deux grandes phases, planifi\u00e9es sur plusieurs ann\u00e9es\u00a0\u00bb et prenant en compte l\u2019activit\u00e9 scolaire.<\/p>\n<p><strong>Dix phases \u00e0 compter de 2028<\/strong><\/p>\n<p>La premi\u00e8re, consid\u00e9r\u00e9e comme prioritaire, a d\u00e9but\u00e9 au premier trimestre 2024 et se poursuivra jusqu\u2019\u00e0 la fin de l\u2019ann\u00e9e 2027 avec la r\u00e9habilitation de l\u2019internat pour 7,8 millions d\u2019euros (qui avaient d\u00e9j\u00e0 \u00e9t\u00e9 budg\u00e9tis\u00e9s).<\/p>\n<p>\u00ab\u00a0Le chantier, techniquement complexe en raison du classement du b\u00e2timent, est men\u00e9 en \u00e9troite collaboration avec les services de la Direction r\u00e9gionale des affaires culturelles (Drac)\u00a0\u00bb, informe la R\u00e9gion.<\/p>\n<p>La seconde phase &#8211; la r\u00e9novation globale du lyc\u00e9e &#8211; commencera en 2028. C\u2019est \u00e0 cela que correspondent les 50 millions d\u2019euros \u00e9voqu\u00e9s par Renaud Muselier.<\/p>\n<p>\u00ab\u00a0Elle pr\u00e9voit la r\u00e9habilitation compl\u00e8te de l\u2019ensemble du site: r\u00e9novation \u00e9nerg\u00e9tique, mise aux normes, modernisation des espaces p\u00e9dagogiques et de vie scolaire. Cette op\u00e9ration de grande envergure fera l\u2019objet d\u2019un chantier en dix \u00e9tapes successives afin de garantir la continuit\u00e9 des enseignements sur ce site tr\u00e8s contraints du centre-ville de Nice\u00a0\u00bb, pr\u00e9cise la collectivit\u00e9.<\/p>\n<p>Les \u00e9tudes techniques, patrimoniales et fonctionnelles sont en cours, en lien avec le lyc\u00e9e et les services de l\u2019\u00c9tat.<\/p>\n","protected":false},"excerpt":{"rendered":"Cinquante millions d\u2019euros. La somme semble astronomique. Et pourtant, c\u2019est bien ce qui sera n\u00e9cessaire pour effectuer d\u2019importants&hellip;\n","protected":false},"author":2,"featured_media":42065,"comment_status":"","ping_status":"","sticky":false,"template":"","format":"standard","meta":{"footnotes":""},"categories":[2819],"tags":[1111,11,1777,674,1011,27,12,2401,882,25,3366],"class_list":{"0":"post-42064","1":"post","2":"type-post","3":"status-publish","4":"format-standard","5":"has-post-thumbnail","7":"category-nice","8":"tag-actu","9":"tag-actualites","10":"tag-eu","11":"tag-europe","12":"tag-fr","13":"tag-france","14":"tag-news","15":"tag-nice","16":"tag-provence-alpes-cote-dazur","17":"tag-republique-francaise","18":"tag-vie-locale"},"share_on_mastodon":{"url":"https:\/\/pubeurope.com\/@fr\/114377254724092410","error":""},"_links":{"self":[{"href":"https:\/\/www.europesays.com\/fr\/wp-json\/wp\/v2\/posts\/42064","targetHints":{"allow":["GET"]}}],"collection":[{"href":"https:\/\/www.europesays.com\/fr\/wp-json\/wp\/v2\/posts"}],"about":[{"href":"https:\/\/www.europesays.com\/fr\/wp-json\/wp\/v2\/types\/post"}],"author":[{"embeddable":true,"href":"https:\/\/www.europesays.com\/fr\/wp-json\/wp\/v2\/users\/2"}],"replies":[{"embeddable":true,"href":"https:\/\/www.europesays.com\/fr\/wp-json\/wp\/v2\/comments?post=42064"}],"version-history":[{"count":0,"href":"https:\/\/www.europesays.com\/fr\/wp-json\/wp\/v2\/posts\/42064\/revisions"}],"wp:featuredmedia":[{"embeddable":true,"href":"https:\/\/www.europesays.com\/fr\/wp-json\/wp\/v2\/media\/42065"}],"wp:attachment":[{"href":"https:\/\/www.europesays.com\/fr\/wp-json\/wp\/v2\/media?parent=42064"}],"wp:term":[{"taxonomy":"category","embeddable":true,"href":"https:\/\/www.europesays.com\/fr\/wp-json\/wp\/v2\/categories?post=42064"},{"taxonomy":"post_tag","embeddable":true,"href":"https:\/\/www.europesays.com\/fr\/wp-json\/wp\/v2\/tags?post=42064"}],"curies":[{"name":"wp","href":"https:\/\/api.w.org\/{rel}","templated":true}]}}