{"id":420641,"date":"2025-09-27T05:12:13","date_gmt":"2025-09-27T05:12:13","guid":{"rendered":"https:\/\/www.europesays.com\/fr\/420641\/"},"modified":"2025-09-27T05:12:13","modified_gmt":"2025-09-27T05:12:13","slug":"voici-ce-quils-ont-decouvert","status":"publish","type":"post","link":"https:\/\/www.europesays.com\/fr\/420641\/","title":{"rendered":"voici ce qu\u2019ils ont d\u00e9couvert"},"content":{"rendered":"<p dir=\"ltr\" id=\"docs-internal-guid-56c6d45c-7fff-0866-23d8-dc15644a8d01\">Des scientifiques ont \u00e9tudi\u00e9 l&rsquo;ADN d&rsquo;une femme d\u00e9c\u00e9d\u00e9e \u00e0 117 ans. Le but : comprendre comment il est possible de vivre aussi vieux, et s&rsquo;il y a des individus naturellement \u00ab dou\u00e9s \u00bb pour cette prouesse. Y aurait-il un \u00e9lixir de vie \u00e0 notre port\u00e9e ?<\/p>\n<p dir=\"ltr\" id=\"docs-internal-guid-750a95f9-7fff-2065-21ba-afc727d21e67\">Maria Branyas Morera est d\u00e9c\u00e9d\u00e9e en ao\u00fbt 2024 \u00e0 l&rsquo;\u00e2ge canonique de 117 ans. N\u00e9e \u00e0 San Francisco en 1907, celle qui fut pendant plus d&rsquo;un an et demi <a href=\"https:\/\/www.futura-sciences.com\/sante\/actualites\/longevite-vivre-100-ans-bonne-sante-secret-centenaires-repousser-maladie-devoile-etude-suedoise-124629\/\" title=\"Le secret des centenaires d\u00e9voil\u00e9 : voil\u00e0 comment vivre jusqu&#039;\u00e0 100 ans en bonne sant\u00e9\" target=\"_blank\" rel=\"noopener\">la doyenne de l&rsquo;humanit\u00e9<\/a> fait partie des humains ayant v\u00e9cu le plus longtemps de toute l&rsquo;histoire. En tout cas, parmi ceux dont l&rsquo;\u00e2ge a pu \u00eatre v\u00e9rifi\u00e9.<\/p>\n<p>Aujourd&rsquo;hui, un peu plus d&rsquo;an apr\u00e8s son d\u00e9c\u00e8s, elle se retrouve pourtant au c\u0153ur d&rsquo;une \u00e9tude parue dans la revue <a href=\"https:\/\/www.cell.com\/cell-reports-medicine\/fulltext\/S2666-3791(25)00441-0\" target=\"_blank\" rel=\"noopener\">Cell Reports Medicine<\/a>. Des chercheurs, en majorit\u00e9 des biologistes issus d&rsquo;universit\u00e9s espagnoles, y \u00e9tudient son <a href=\"https:\/\/www.futura-sciences.com\/sante\/definitions\/genetique-genome-154\/\" class=\"typographies__SpanLink-sc-9uspqk-3 BjSPB\" universe=\"health\" target=\"_blank\" rel=\"noopener\">mat\u00e9riel g\u00e9n\u00e9tique<\/a>mat\u00e9riel g\u00e9n\u00e9tique pour y trouver, peut-\u00eatre,\u00a0<a href=\"https:\/\/www.futura-sciences.com\/sante\/actualites\/longevite-voici-regle-simple-quethel-caterham-suit-depuis-siecle-rester-bonne-sante-123777\/\" title=\"Voici la r\u00e8gle simple qu\u2019Ethel Caterham suit depuis un si\u00e8cle pour rester en bonne sant\u00e9\" target=\"_blank\" rel=\"noopener\">le secret de sa long\u00e9vit\u00e9<\/a>.<\/p>\n<p>Une vie presque sans maladie<\/p>\n<p>Dans leur \u00e9tude, ils ont pass\u00e9 au peigne fin son ADN, mais aussi ses g\u00e8nes, son sang, sa salive, ainsi que son <a href=\"https:\/\/www.futura-sciences.com\/sante\/actualites\/nutrition-microbiome-enjeux-nouvelle-ere-nutrition-personnalisee-sante-124097\/\" title=\"Le microbiome ou les enjeux d\u2019une nouvelle \u00e8re de nutrition personnalis\u00e9e pour la sant\u00e9\" target=\"_blank\" rel=\"noopener\">microbiote intestinal<\/a> (les <a href=\"https:\/\/www.futura-sciences.com\/sante\/definitions\/biologie-micro-organismes-6183\/\" class=\"typographies__SpanLink-sc-9uspqk-3 BjSPB\" universe=\"health\" target=\"_blank\" rel=\"noopener\">microorganismes<\/a>microorganismes vivant dans son syst\u00e8me digestif). Leur id\u00e9e est que si une longue vie est souvent attribu\u00e9e \u00e0 une certaine hygi\u00e8ne g\u00e9n\u00e9rale, il y a d&rsquo;autres facteurs intrins\u00e8ques qui peuvent aussi la favoriser sous certaines conditions.<\/p>\n<p>Ainsi, Maria Branyas Morera a eu plusieurs maladies au cours de son existence. Elle a m\u00eame contract\u00e9 le Covid-19 en 2020, mais y a surv\u00e9cu. Elle a aussi eu de nombreux signes typiques de l&rsquo;\u00e2ge, comme la r\u00e9duction des <a href=\"https:\/\/www.futura-sciences.com\/sante\/dossiers\/medecine-cancer-mecanismes-biologiques-1453\/page\/11\/\" title=\"T\u00e9lom\u00e9rase et t\u00e9lom\u00e8res : l&#039;immortalit\u00e9 r\u00e9plicative\" target=\"_blank\" rel=\"noopener\">t\u00e9lom\u00e8res<\/a>, de petites excroissances au bout des chromosomes, ou encore un d\u00e9veloppement de certains types de <a href=\"https:\/\/www.futura-sciences.com\/sante\/definitions\/medecine-globule-blanc-733\/\" class=\"typographies__SpanLink-sc-9uspqk-3 BjSPB\" universe=\"health\" target=\"_blank\" rel=\"noopener\">globules blancs<\/a>globules blancs, les <a href=\"https:\/\/www.futura-sciences.com\/sante\/definitions\/medecine-lymphocyte-187\/\" class=\"typographies__SpanLink-sc-9uspqk-3 BjSPB\" universe=\"health\" target=\"_blank\" rel=\"noopener\">lymphocytes<\/a>lymphocytes B, fr\u00e9quents chez les personnes \u00e2g\u00e9es.<\/p>\n<p>En revanche, elle n&rsquo;a pas eu, ou presque, de r\u00e9elles maladies li\u00e9es \u00e0 l&rsquo;\u00e2ge. Des <a href=\"https:\/\/www.futura-sciences.com\/sante\/definitions\/cancer-cancer-108\/\" class=\"typographies__SpanLink-sc-9uspqk-3 BjSPB\" universe=\"health\" target=\"_blank\" rel=\"noopener\">cancers<\/a>cancers, des maladies cardiaques, des <a href=\"https:\/\/www.futura-sciences.com\/sante\/definitions\/medecine-douleur-17039\/\" class=\"typographies__SpanLink-sc-9uspqk-3 BjSPB\" universe=\"health\" target=\"_blank\" rel=\"noopener\">douleurs<\/a>douleurs fr\u00e9quentes, etc. Lors de sa prise en charge \u00e0 cause du Covid-19, elle ne montre aucun trouble de la m\u00e9moire, et les m\u00e9decins qui l&rsquo;examinent \u00e9voquent m\u00eame des cellules 14 ans plus jeunes que l&rsquo;\u00e2ge de son ADN !<\/p>\n<p>Un corps trop jeune pour son \u00e2ge ?<\/p>\n<p>Cela veut-il dire que la centenaire avait une hygi\u00e8ne de vie irr\u00e9prochable, du sport r\u00e9gulier, et tout un ensemble de pratiques qui la pr\u00e9servaient <a href=\"https:\/\/www.futura-sciences.com\/sante\/actualites\/vieillissement-vieillissement-accelere-deux-moments-precis-vie-decouvrez-lesquels-122931\/\" title=\"Le vieillissement s\u2019acc\u00e9l\u00e8re \u00e0 deux moments pr\u00e9cis de la vie : d\u00e9couvrez lesquels\" target=\"_blank\" rel=\"noopener\">des affres de la vieillesse<\/a> ? Pas forc\u00e9ment.\u00a0<\/p>\n<p>Les chercheurs ont ainsi identifi\u00e9 des variants g\u00e9n\u00e9tiques rares qui la prot\u00e9geaient de maladies li\u00e9es \u00e0 l&rsquo;\u00e2ge comme les troubles cardiovasculaires et les cancers. De plus, tout comme les m\u00e9decins avaient\u00a0trouv\u00e9 des cellules \u00ab plus jeunes \u00bb, les scientifiques ont ici compar\u00e9 les pr\u00e9l\u00e8vements avec ceux d&rsquo;individus moins \u00e2g\u00e9s et ont d\u00e9couvert que son <a href=\"https:\/\/www.futura-sciences.com\/sante\/definitions\/biologie-microbiote-12710\/\" class=\"typographies__SpanLink-sc-9uspqk-3 BjSPB\" universe=\"health\" target=\"_blank\" rel=\"noopener\">microbiote<\/a>microbiote intestinal semblait, lui aussi, avoir b\u00e9n\u00e9fici\u00e9 d&rsquo;un <a href=\"https:\/\/www.futura-sciences.com\/sante\/definitions\/medecine-elixir-3297\/\" class=\"typographies__SpanLink-sc-9uspqk-3 BjSPB\" universe=\"health\" target=\"_blank\" rel=\"noopener\">\u00e9lixir<\/a>\u00e9lixir de jeunesse.<\/p>\n<p>Plus surprenant encore : l&rsquo;analyse de son ADN a bien montr\u00e9 que <a href=\"https:\/\/www.futura-sciences.com\/sante\/actualites\/vieillissement-ozempic-cette-etude-revele-possible-rajeunissement-cellules-124508\/\" title=\"Ozempic : cette \u00e9tude r\u00e9v\u00e8le un possible rajeunissement des cellules !\" target=\"_blank\" rel=\"noopener\">l&rsquo;ensemble de son corps vieillissait moins vite<\/a> que son \u00e2ge r\u00e9el. Ce qui montre qu&rsquo;il n&rsquo;y a pas de fatalit\u00e9, un \u00e2ge extr\u00eamement avanc\u00e9 ne s&rsquo;accompagne pas forc\u00e9ment d&rsquo;une d\u00e9g\u00e9n\u00e9rescence de la sant\u00e9.<\/p>\n<p>Malgr\u00e9 tout, les auteurs pr\u00e9viennent : cette \u00e9tude ne se base que sur une seule personne et ne peut pas avoir valeur de g\u00e9n\u00e9ralit\u00e9. D&rsquo;autres travaux devraient comparer ces r\u00e9sultats avec davantage d&rsquo;individus pour avoir une id\u00e9e pr\u00e9cise du r\u00f4le que peuvent jouer les <a href=\"https:\/\/www.futura-sciences.com\/sante\/definitions\/medecine-bacterie-101\/\" class=\"typographies__SpanLink-sc-9uspqk-3 BjSPB\" universe=\"health\" target=\"_blank\" rel=\"noopener\">bact\u00e9ries<\/a>bact\u00e9ries et les g\u00e8nes dans la vieillesse.<\/p>\n<p>En revanche, ce type d&rsquo;\u00e9tude peut aider au d\u00e9veloppement de traitements sp\u00e9cifiques \u00e0 destination des g\u00e8nes ou du <a href=\"https:\/\/www.futura-sciences.com\/sante\/definitions\/biologie-metabolisme-781\/\" class=\"typographies__SpanLink-sc-9uspqk-3 BjSPB\" universe=\"health\" target=\"_blank\" rel=\"noopener\">m\u00e9tabolisme<\/a>m\u00e9tabolisme pour am\u00e9liorer la prise en charge des maladies li\u00e9es \u00e0 l&rsquo;\u00e2ge, chez les personnes qui n&rsquo;ont pas la chance d&rsquo;avoir une sant\u00e9 aussi bonne et durable que Maria Branyas Morera.<\/p>\n","protected":false},"excerpt":{"rendered":"Des scientifiques ont \u00e9tudi\u00e9 l&rsquo;ADN d&rsquo;une femme d\u00e9c\u00e9d\u00e9e \u00e0 117 ans. Le but : comprendre comment il est&hellip;\n","protected":false},"author":2,"featured_media":420642,"comment_status":"","ping_status":"","sticky":false,"template":"","format":"standard","meta":{"footnotes":""},"categories":[10],"tags":[54987,54988,54989,54990,1011,27,72,71,282],"class_list":{"0":"post-420641","1":"post","2":"type-post","3":"status-publish","4":"format-standard","5":"has-post-thumbnail","7":"category-sante","8":"tag-adulte-vieillissant","9":"tag-anti-vieillissement","10":"tag-bien-vieillir","11":"tag-causes-du-vieillissement-de-la-peau","12":"tag-fr","13":"tag-france","14":"tag-health","15":"tag-sante","16":"tag-vieillissement"},"share_on_mastodon":{"url":"https:\/\/pubeurope.com\/@fr\/115274550161128356","error":""},"_links":{"self":[{"href":"https:\/\/www.europesays.com\/fr\/wp-json\/wp\/v2\/posts\/420641","targetHints":{"allow":["GET"]}}],"collection":[{"href":"https:\/\/www.europesays.com\/fr\/wp-json\/wp\/v2\/posts"}],"about":[{"href":"https:\/\/www.europesays.com\/fr\/wp-json\/wp\/v2\/types\/post"}],"author":[{"embeddable":true,"href":"https:\/\/www.europesays.com\/fr\/wp-json\/wp\/v2\/users\/2"}],"replies":[{"embeddable":true,"href":"https:\/\/www.europesays.com\/fr\/wp-json\/wp\/v2\/comments?post=420641"}],"version-history":[{"count":0,"href":"https:\/\/www.europesays.com\/fr\/wp-json\/wp\/v2\/posts\/420641\/revisions"}],"wp:featuredmedia":[{"embeddable":true,"href":"https:\/\/www.europesays.com\/fr\/wp-json\/wp\/v2\/media\/420642"}],"wp:attachment":[{"href":"https:\/\/www.europesays.com\/fr\/wp-json\/wp\/v2\/media?parent=420641"}],"wp:term":[{"taxonomy":"category","embeddable":true,"href":"https:\/\/www.europesays.com\/fr\/wp-json\/wp\/v2\/categories?post=420641"},{"taxonomy":"post_tag","embeddable":true,"href":"https:\/\/www.europesays.com\/fr\/wp-json\/wp\/v2\/tags?post=420641"}],"curies":[{"name":"wp","href":"https:\/\/api.w.org\/{rel}","templated":true}]}}