{"id":420647,"date":"2025-09-27T05:15:14","date_gmt":"2025-09-27T05:15:14","guid":{"rendered":"https:\/\/www.europesays.com\/fr\/420647\/"},"modified":"2025-09-27T05:15:14","modified_gmt":"2025-09-27T05:15:14","slug":"la-plus-grande-simulation-de-lunivers-jamais-realisee-vient-detre-devoilee","status":"publish","type":"post","link":"https:\/\/www.europesays.com\/fr\/420647\/","title":{"rendered":"La plus grande simulation de l\u2019univers jamais r\u00e9alis\u00e9e vient d\u2019\u00eatre d\u00e9voil\u00e9e"},"content":{"rendered":"<p class=\"ed__a-p ed__bdy__l\"><img loading=\"lazy\" decoding=\"async\" src=\"data:image\/svg+xml,%3Csvg xmlns='http:\/\/www.w3.org\/2000\/svg'%3E%3C\/svg%3E\" draggable=\"false\" width=\"2133\" height=\"1200\" class=\"ed__title-xxs\" alt=\"Carte issue des simulations Flagship du projet Euclid, repr\u00e9sentant des galaxies mod\u00e9lis\u00e9es en points color\u00e9s.\" style=\"background-color: #f2f2f2; aspect-ratio:2133\/1200;\"\/><\/p>\n<p>Image extraite du catalogue de simulations Flagship d\u2019Euclid. Chaque point repr\u00e9sente une galaxie : en bleu, celles situ\u00e9es au centre des amas de mati\u00e8re noire ; en rouge, les galaxies satellites qui les entourent.<\/p>\n<p>\u00a9 Jorge Carretero &amp; Pau Tallada, Port d\u2019Informaci\u00f3 Cient\u00edfica \/ Consortium Euclid<\/p>\n<\/p>\n<p class=\"ed__a-p ed__bdy__l\"><a href=\"https:\/\/www.lesnumeriques.com\/astronomie-conquete-spatiale\/euclid-plongez-dans-14-millions-de-galaxies-au-milieu-de-la-matiere-et-l-energie-noires-n227711.html\" title=\"Euclid : plongez dans 14\u00a0millions de galaxies, au milieu de la mati\u00e8re et l&#039;\u00e9nergie noires\" rel=\"nofollow noopener\" target=\"_blank\">Le t\u00e9lescope Euclid observe les galaxies<\/a>. Flagship 2, lui, les simule. Publi\u00e9e cette semaine par le consortium europ\u00e9en en charge de la mission, cette simulation est la plus ambitieuse jamais r\u00e9alis\u00e9e. Elle reconstitue en d\u00e9tail l\u2019\u00e9volution gravitationnelle de plus de 4 000 milliards de particules et cartographie 3,4 milliards de galaxies. L&rsquo;objectif \u00e9tant de tester les limites de ce que l\u2019on croit savoir sur l\u2019univers.<\/p>\n<p>            Publicit\u00e9, votre contenu continue ci-dessous<\/p>\n<p>        Publicit\u00e9<\/p>\n<p>Flagship 2, la simulation cosmique qui fragilise le mod\u00e8le standard<\/p>\n<p class=\"ed__a-p ed__bdy__l\">Flagship 2 n\u2019est pas un mod\u00e8le th\u00e9orique plaqu\u00e9 sur des donn\u00e9es ; c\u2019est un univers num\u00e9rique construit \u00e0 partir du mod\u00e8le cosmologique standard, celui qui sert de base \u00e0 la physique actuelle. L\u2019algorithme a \u00e9t\u00e9 con\u00e7u par Joachim Stadel, astrophysicien \u00e0 l\u2019universit\u00e9 de Zurich. Il a tourn\u00e9 sur Piz Daint, l\u2019un des supercalculateurs les plus puissants d\u2019Europe.<\/p>\n<blockquote class=\"ed__a-bq ed__bdy__l\">\n<p>C\u2019\u00e9tait un immense d\u00e9fi de simuler une portion aussi vaste de l\u2019univers avec une telle r\u00e9solution en un seul calcul.<\/p>\n<p>Joachim Stadel, astrophysicien, Universit\u00e9 de Zurich<\/p><\/blockquote>\n<p class=\"ed__a-p ed__bdy__l\">Depuis 2023, <a href=\"https:\/\/www.lesnumeriques.com\/astronomie-conquete-spatiale\/la-mission-euclid-livre-des-premieres-images-fascinantes-de-notre-univers-n214549.html\" title=\"La mission Euclid d\u00e9voile ses premi\u00e8res images fascinantes de l&#039;Univers\" rel=\"nofollow noopener\" target=\"_blank\">le t\u00e9lescope Euclid cartographie une portion massive du ciel<\/a>. Il explore la distribution des galaxies pour mieux comprendre la mati\u00e8re noire et l\u2019\u00e9nergie sombre. Ces deux composantes invisibles dominent la masse et la dynamique de l\u2019univers, mais leur nature reste inconnue. Pour interpr\u00e9ter correctement les donn\u00e9es r\u00e9colt\u00e9es par Euclid, les chercheurs ont besoin d\u2019un r\u00e9f\u00e9rentiel robuste. C\u2019est le r\u00f4le de Flagship 2.<\/p>\n<p class=\"ed__a-p ed__bdy__l\">Mais d\u00e9j\u00e0, des \u00e9carts apparaissent. Les premi\u00e8res comparaisons entre la simulation et les observations r\u00e9elles laissent entrevoir des tensions. Certaines structures ne se forment pas comme pr\u00e9vu. Les chercheurs n\u2019excluent pas des ajustements profonds.<\/p>\n<p class=\"ed__a-p ed__bdy__l\">\u201cOn voit d\u00e9j\u00e0 des fissures dans le mod\u00e8le standard\u201d, pr\u00e9vient Joachim Stadel. Une phrase lourde de cons\u00e9quences dans un domaine o\u00f9 l\u2019\u00e9l\u00e9gance des \u00e9quations masque souvent l\u2019ampleur des incertitudes.<\/p>\n<blockquote class=\"ed__a-bq ed__bdy__l\">\n<p>Ce sera passionnant de voir si le mod\u00e8le tient face aux donn\u00e9es ultra-pr\u00e9cises d\u2019Euclid \u2013 ou si de nouvelles failles apparaissent.<\/p>\n<p>Julian Adamek, astrophysicien, Universit\u00e9 de Zurich<\/p><\/blockquote>\n<p class=\"ed__a-p ed__bdy__l\">L\u2019un des points critiques est l\u2019\u00e9nergie sombre, ce facteur responsable de l\u2019expansion acc\u00e9l\u00e9r\u00e9e de l\u2019univers. Le mod\u00e8le suppose qu\u2019elle reste constante dans le temps. Mais Euclid remonte jusqu\u2019\u00e0 10 milliards d\u2019ann\u00e9es-lumi\u00e8re. Si cette constante s\u2019av\u00e8re variable, c\u2019est l\u2019ensemble du cadre actuel qu\u2019il faudra repenser.<\/p>\n<p class=\"ed__a-p ed__bdy__l\">Plus d&rsquo;informations et image en haute r\u00e9solution <a href=\"https:\/\/www.euclid-ec.org\/public\/press-releases\/euclid-flagship-simulations\" target=\"_blank\" rel=\"nofollow noopener\">ici<\/a>.<\/p>\n<p>            Publicit\u00e9, votre contenu continue ci-dessous<\/p>\n<p>        Publicit\u00e9<\/p>\n<p class=\"ed__a-p ed__bdy__l\">Les Num\u00e9riques s\u2019installe \u00e0 Beaugrenelle Paris pour <a href=\"https:\/\/www.lesnumeriques.com\/evenement\/les-jours-les-plus-tech-2025.html\" rel=\"nofollow noopener\" target=\"_blank\">Les Jours Les Plus Tech<\/a> : d\u00e9monstrations de produits, conseils d\u2019usage ou d\u2019achat, \u00e9changes avec nos journalistes\u2026D\u00e9couvrez le <a href=\"https:\/\/www.lesnumeriques.com\/evenement\/les-jours-les-plus-tech-2025.html\" rel=\"nofollow noopener\" target=\"_blank\">programme complet<\/a>.<\/p>\n","protected":false},"excerpt":{"rendered":"Image extraite du catalogue de simulations Flagship d\u2019Euclid. Chaque point repr\u00e9sente une galaxie : en bleu, celles situ\u00e9es&hellip;\n","protected":false},"author":2,"featured_media":420648,"comment_status":"","ping_status":"","sticky":false,"template":"","format":"standard","meta":{"footnotes":""},"categories":[7],"tags":[1011,27,43,40,41,39,42,44],"class_list":{"0":"post-420647","1":"post","2":"type-post","3":"status-publish","4":"format-standard","5":"has-post-thumbnail","7":"category-sciences-et-technologies","8":"tag-fr","9":"tag-france","10":"tag-science","11":"tag-science-and-technology","12":"tag-sciences","13":"tag-sciences-et-technologies","14":"tag-technologies","15":"tag-technology"},"share_on_mastodon":{"url":"https:\/\/pubeurope.com\/@fr\/115274561917604170","error":""},"_links":{"self":[{"href":"https:\/\/www.europesays.com\/fr\/wp-json\/wp\/v2\/posts\/420647","targetHints":{"allow":["GET"]}}],"collection":[{"href":"https:\/\/www.europesays.com\/fr\/wp-json\/wp\/v2\/posts"}],"about":[{"href":"https:\/\/www.europesays.com\/fr\/wp-json\/wp\/v2\/types\/post"}],"author":[{"embeddable":true,"href":"https:\/\/www.europesays.com\/fr\/wp-json\/wp\/v2\/users\/2"}],"replies":[{"embeddable":true,"href":"https:\/\/www.europesays.com\/fr\/wp-json\/wp\/v2\/comments?post=420647"}],"version-history":[{"count":0,"href":"https:\/\/www.europesays.com\/fr\/wp-json\/wp\/v2\/posts\/420647\/revisions"}],"wp:featuredmedia":[{"embeddable":true,"href":"https:\/\/www.europesays.com\/fr\/wp-json\/wp\/v2\/media\/420648"}],"wp:attachment":[{"href":"https:\/\/www.europesays.com\/fr\/wp-json\/wp\/v2\/media?parent=420647"}],"wp:term":[{"taxonomy":"category","embeddable":true,"href":"https:\/\/www.europesays.com\/fr\/wp-json\/wp\/v2\/categories?post=420647"},{"taxonomy":"post_tag","embeddable":true,"href":"https:\/\/www.europesays.com\/fr\/wp-json\/wp\/v2\/tags?post=420647"}],"curies":[{"name":"wp","href":"https:\/\/api.w.org\/{rel}","templated":true}]}}