{"id":420654,"date":"2025-09-27T05:19:13","date_gmt":"2025-09-27T05:19:13","guid":{"rendered":"https:\/\/www.europesays.com\/fr\/420654\/"},"modified":"2025-09-27T05:19:13","modified_gmt":"2025-09-27T05:19:13","slug":"jennifer-lawrence-sexprime-sur-la-guerre-a-gaza-rien-de-moins-quun-genocide","status":"publish","type":"post","link":"https:\/\/www.europesays.com\/fr\/420654\/","title":{"rendered":"Jennifer Lawrence s\u2019exprime sur la guerre \u00e0 Gaza, \u00ab\u00a0rien de moins qu\u2019un g\u00e9nocide\u00a0\u00bb"},"content":{"rendered":"<p>        <img decoding=\"async\" loading=\"lazy\" src=\"https:\/\/www.europesays.com\/fr\/wp-content\/uploads\/2025\/09\/f8afe39_upload-1-rkxpjpqejvkv-gettyimages-2237525465.jpg\"  width=\"728\" height=\"409\" alt=\"Jennifer Lawrence, ici \u00e0 Saint-S\u00e9bastien, en Espagne, au mois de septembre 2025.\"\/>  <\/p>\n<p>Juan Naharro Gimenez \/ WireImage<\/p>\n<p>Jennifer Lawrence, ici \u00e0 Saint-S\u00e9bastien, en Espagne, au mois de septembre 2025.<\/p>\n<p class=\"asset asset-text\">CIN\u00c9MA &#8211; Jennifer Lawrence se range du c\u00f4t\u00e9 de l\u2019ONU. Pr\u00e9sente au festival de cin\u00e9ma de Saint-S\u00e9bastien, o\u00f9 elle vient pr\u00e9senter le nouveau long-m\u00e9trage de Lynne Ramsay <a href=\"https:\/\/www.huffingtonpost.fr\/culture\/article\/festival-de-cannes-2025-die-my-love-n-est-pas-sur-le-post-partum-selon-sa-realisatrice-lynne-ramsay_250268.html\" target=\"_blank\" rel=\"noopener\">Die, My Love<\/a>, <a href=\"https:\/\/www.huffingtonpost.fr\/culture\/video\/jennifer-lawrence-a-vecu-un-post-partum-complique-et-pas-que-dans-le-film-die-my-love-a-cannes_250217.html\" target=\"_blank\" rel=\"noopener\">la superstar hollywoodienne<\/a> &#8211; dont les prises de position sont rares &#8211; ne s\u2019est pas cach\u00e9e de dire tout ce qu\u2019elle pense de la guerre en cours \u00e0 <a href=\"https:\/\/www.huffingtonpost.fr\/international\/article\/flottille-pour-gaza-l-executif-francais-mis-sous-pression-pour-proteger-les-bateaux-qui-font-etat-d-attaques-d-israel_255262.html\" target=\"_blank\" rel=\"noopener\">Gaza<\/a>.<\/p>\n<p class=\"asset asset-text\">\u00ab\u00a0Je suis terrifi\u00e9e et c\u2019est humiliant, a-t-elle r\u00e9agi, apr\u00e8s plusieurs questions sur le sujet qui lui ont \u00e9t\u00e9 pos\u00e9es. Ce qui se passe n\u2019est rien de moins qu\u2019un g\u00e9nocide et c\u2019est inacceptable. J\u2019ai peur pour mes enfants, j\u2019ai peur pour tous nos enfants.\u00a0\u00bb<\/p>\n<p class=\"asset asset-text\">Les mots employ\u00e9s par l\u2019actrice am\u00e9ricaine sont forts. Ils s\u2019alignent sur <a href=\"https:\/\/news.un.org\/fr\/story\/2025\/09\/1157475\" target=\"_blank\" rel=\"noopener\" title=\"Nouvelle fen\u00eatre\">les conclusions<\/a> de la Commission d\u2019enqu\u00eate internationale ind\u00e9pendante des Nations unies qui, dans le courant du mois de septembre, a estim\u00e9 qu\u2019Isra\u00ebl \u00e9tait \u00ab\u00a0responsable du g\u00e9nocide \u00e0 Gaza\u00a0\u00bb, pr\u00e9cisant qu\u2019il existait une \u00ab\u00a0intention de d\u00e9truire les Palestiniens\u00a0\u00bb par des actes similaires \u00e0 ceux \u00e9nonc\u00e9s dans la Convention sur le g\u00e9nocide, un trait\u00e9 de\u00a0droit international\u00a0sign\u00e9 en 1948.<\/p>\n<p>    \u00ab\u00a0Cela me brise le c\u0153ur\u00a0\u00bb    <\/p>\n<p class=\"asset asset-text\">Puis, la discussion avec les journalistes s\u2019est orient\u00e9e vers son propre pays, les \u00c9tats-Unis, o\u00f9 \u00ab\u00a0le manque de respect et les discours actuels\u00a0\u00bb sont en train de devenir la norme pour les enfants d\u2019aujourd\u2019hui, selon Jennifer Lawrence. \u00ab\u00a0Les politiciens mentent, ils manquent d\u2019empathie\u00a0\u00bb, a-t-elle martel\u00e9, pointant du doigt l\u2019absence d\u2019int\u00e9grit\u00e9 en politique.<\/p>\n<p class=\"asset asset-text\">Ce qu\u2019elle dit, ici, n\u2019a pas vocation \u00e0 r\u00e9soudre les probl\u00e8mes, poursuit l\u2019actrice de 35\u00a0ans au nom de tous les artistes. \u00ab\u00a0Cela me brise le c\u0153ur, mais la r\u00e9alit\u00e9 est telle que nous craignons de trop parler, de peur que les propos n\u2019attisent davantage les tensions et alimentent la rh\u00e9torique autour d\u2019un sujet qui rel\u00e8ve de la comp\u00e9tence de nos \u00e9lus\u00a0\u00bb, d\u00e9nonce-t-elle.<\/p>\n<p class=\"asset asset-text\">Avant d\u2019ajouter\u00a0: \u00ab\u00a0Je veux simplement que les gens restent focus sur les responsables, sur ce qu\u2019ils peuvent faire et sur le moment o\u00f9 ils doivent aller voter. Et qu\u2019ils ne laissent pas les acteurs, qui tentent de faire vivre la libert\u00e9 artistique et la libert\u00e9 d\u2019expression, subir les critiques \u00e0 la place des personnes r\u00e9ellement responsables.\u00a0\u00bb<\/p>\n<p>    Hollywood se divise    <\/p>\n<p class=\"asset asset-text\">Alors qu\u2019Emmanuel Macron a r\u00e9cemment reconnu l\u2019existence d\u2019un \u00c9tat palestinien, une partie du monde du cin\u00e9ma et du divertissement commence \u00e0 se lever. Ce mois-ci, plus de 1\u00a0200\u00a0c\u00e9l\u00e9brit\u00e9s, dont Javier Bardem et Emma Stone, ont appel\u00e9 au boycott d\u2019institutions culturelles isra\u00e9liennes qu\u2019elles jugent complices de\u00a0l\u2019oppression des Palestiniens.<\/p>\n<p class=\"asset asset-text\">En r\u00e9ponse \u00e0 \u00e7a, une nouvelle p\u00e9tition est toutefois apparue, ce jeudi. \u00c0 l\u2019image de Liev Schreiber ou la star de Will &amp;\u00a0Grace Debra Messing, quelque 1\u00a0200 autres membres de l\u2019industrie cin\u00e9matographique am\u00e9ricaine ont pour leur part d\u00e9nonc\u00e9 la d\u00e9marche qui, selon eux, \u00ab\u00a0amplifie la propagande antis\u00e9mite\u00a0\u00bb.<\/p>\n<p class=\"asset asset-text\">De leur c\u00f4t\u00e9, les cr\u00e9ateurs de South Park ont semble-t-il choisi leur camp, d\u2019apr\u00e8s <a href=\"https:\/\/www.huffingtonpost.fr\/culture\/article\/south-park-se-paye-desormais-benjamin-netanyahu-dans-son-dernier-episode_255236.html\" target=\"_blank\" rel=\"noopener\">le dernier \u00e9pisode<\/a> de la s\u00e9rie d\u2019animation satirique. \u00ab\u00a0Vous voil\u00e0, M. Netanyahu\u00a0\u00bb, s\u2019insurge la maman du petit Kyle dans celui-ci. Elle est partie jusqu\u2019\u00e0 J\u00e9rusalem \u00e0 la rencontre du Premier ministre isra\u00e9lien, qu\u2019elle accuse d\u2019un pari offensant \u00e0 son \u00e9gard.<\/p>\n<p class=\"asset asset-text\">\u00ab\u00a0Pour qui vous prenez-vous \u00e0 tuer des milliers de personnes et \u00e0 raser des quartiers entiers, puis \u00e0 vous draper dans le juda\u00efsme comme s\u2019il s\u2019agissait d\u2019un bouclier contre les critiques\u00a0? Vous rendez la vie des Juifs mis\u00e9rable et celle des Juifs am\u00e9ricains insupportable, s\u2019emporte-t-elle.\u00a0Oh, ce n\u2019est pas la peine de lever les yeux au ciel.\u00a0\u00bb<\/p>\n","protected":false},"excerpt":{"rendered":"Juan Naharro Gimenez \/ WireImage Jennifer Lawrence, ici \u00e0 Saint-S\u00e9bastien, en Espagne, au mois de septembre 2025. CIN\u00c9MA&hellip;\n","protected":false},"author":2,"featured_media":420655,"comment_status":"","ping_status":"","sticky":false,"template":"","format":"standard","meta":{"footnotes":""},"categories":[2],"tags":[11,650,251,1011,27,665,22563,12],"class_list":{"0":"post-420654","1":"post","2":"type-post","3":"status-publish","4":"format-standard","5":"has-post-thumbnail","7":"category-actualites","8":"tag-actualites","9":"tag-cinema","10":"tag-culture","11":"tag-fr","12":"tag-france","13":"tag-gaza","14":"tag-jennifer-lawrence","15":"tag-news"},"share_on_mastodon":{"url":"https:\/\/pubeurope.com\/@fr\/115274577739975014","error":""},"_links":{"self":[{"href":"https:\/\/www.europesays.com\/fr\/wp-json\/wp\/v2\/posts\/420654","targetHints":{"allow":["GET"]}}],"collection":[{"href":"https:\/\/www.europesays.com\/fr\/wp-json\/wp\/v2\/posts"}],"about":[{"href":"https:\/\/www.europesays.com\/fr\/wp-json\/wp\/v2\/types\/post"}],"author":[{"embeddable":true,"href":"https:\/\/www.europesays.com\/fr\/wp-json\/wp\/v2\/users\/2"}],"replies":[{"embeddable":true,"href":"https:\/\/www.europesays.com\/fr\/wp-json\/wp\/v2\/comments?post=420654"}],"version-history":[{"count":0,"href":"https:\/\/www.europesays.com\/fr\/wp-json\/wp\/v2\/posts\/420654\/revisions"}],"wp:featuredmedia":[{"embeddable":true,"href":"https:\/\/www.europesays.com\/fr\/wp-json\/wp\/v2\/media\/420655"}],"wp:attachment":[{"href":"https:\/\/www.europesays.com\/fr\/wp-json\/wp\/v2\/media?parent=420654"}],"wp:term":[{"taxonomy":"category","embeddable":true,"href":"https:\/\/www.europesays.com\/fr\/wp-json\/wp\/v2\/categories?post=420654"},{"taxonomy":"post_tag","embeddable":true,"href":"https:\/\/www.europesays.com\/fr\/wp-json\/wp\/v2\/tags?post=420654"}],"curies":[{"name":"wp","href":"https:\/\/api.w.org\/{rel}","templated":true}]}}